{"id":4377,"date":"2020-09-28T22:37:11","date_gmt":"2020-09-28T22:37:11","guid":{"rendered":"http:\/\/bauclassroom.com\/info\/?p=4377"},"modified":"2020-09-23T21:22:49","modified_gmt":"2020-09-23T21:22:49","slug":"rencontre-jeunesse-bulle-2011","status":"publish","type":"post","link":"http:\/\/bauclassroom.com\/info\/2020\/09\/28\/rencontre-jeunesse-bulle-2011\/","title":{"rendered":"Rencontre Jeunesse Bulle 2011"},"content":{"rendered":"<p> <img decoding=\"async\" src=\"http:\/\/www.brolineh.tk\/wp-content\/uploads\/2014\/08\/JOVIAN_-_RIC_VIII_223_-_671793.jpg\" alt=\"rencontre jeunesse bulle 2011\" align=\"right\"> M\u00e9diath\u00e8que Raymond Queneau Atelier num\u00e9rique consacr\u00e9 aux tablettes iPad et Android. <img decoding=\"async\" src=\"http:\/\/medias.cerveauetpsycho.fr\/api\/v1\/images\/view\/5a82a2f18fe56f674e3171e3\/wide_420\/image.jpg\" alt=\"rencontre jeunesse bulle 2011\" align=\"right\"> La concertation a permis de coordonner les attentes prioritaires des jeunes et les pr\u00e9conisations des acteurs locaux, partenaires de la Ville.   un conteur et nous comprenons mieux la naissance de tant Plusieurs animations autour de la bande dessin\u00e9e vont se succ\u00e9der jusqu\u00e0 la fin du mois. Omar Sy et Fran\u00e7ois Cluzet dans Intouchables 2011. Propositions de sorties et de pratiques culturelles. Lassociation L\u0153il de lartiste vous propose de nouvelles activit\u00e9s pour le mois de juin. 26 juin 2012 12\u00e8me \u00e9dition du festival des arts vivants personnages gravitant autour du quartier mis\u00e9rable de la ville Cette ann\u00e9e, Miranda Hilliard a besoin de quelquun pour soccuper de ses trois enfants, Lydia, Christopher et Natalie, et de la maison Pou.. \u0391\u03b3\u03b3\u03b5\u03bb\u03b9\u03b5\u03c2 \u03b3\u03b9\u03b1 \u03b4\u03bf\u03c5\u03bb\u03b5\u03b9\u03b1 \u03c3\u03c4\u03b7\u03bd \u03b1\u03bc\u03b5\u03c1\u03b9\u03ba\u03b7 \u03c4\u03bf \u03ba\u03bf\u03c5\u03ba\u03bb\u03ac\u03ba\u03b9 \u03b5\u03c3\u03c4\u03b9\u03b1\u03c4\u03cc\u03c1\u03b9\u03bf \u0395\u03bc\u03c6\u03ac\u03bd\u03b9\u03c3\u03b7 \u0395\u03c0\u03b9\u03bb\u03b5\u03b3\u03bc\u03ad\u03bd\u03c9\u03bd Le 8 f\u00e9vrier 2017, Dominique SIMON, directeur inter-r\u00e9gionale de la protection judiciaire de la jeunesse Ile-de-FranceOutre-mer, sest rendu au Louvre afin de signer une convention liant le mus\u00e9e \u00e0 la DIR \u00cele-de-FranceOutre-mer et au P\u00f4le territorial de formation d\u00e9pendant de lENPJJ En.. Pr\u00e9c\u00e9d\u00e9 du court m\u00e9trage Les vacances r\u00e9alis\u00e9 par les jeunes de lIsle Jourdain Dernier jour d\u00e9cole, voil\u00e0 les vacances d\u00e9t\u00e9! On retrouvera les copains \u00e0 la rentr\u00e9e, dans deux mois, une \u00e9ternit\u00e9! Demain, une longue.. Pourquoi la guerre, comment la paix? Gallimard Jeunesse, 2010 <img decoding=\"async\" src=\"http:\/\/www.bullesdemantes.fr\/bdm\/verneuil-2016\/p1010750.jpg\" alt=\"rencontre jeunesse bulle 2011\" align=\"right\"> Oui jai des habitudes. D\u00e9j\u00e0 je travaille aux horaires scolaires car jai des enfants, notamment une petite fille de 3 ans, donc je vais la chercher, pour manger, le soir Mais d\u00e8s que je suis \u00e0 fond dans le roman je travaille beaucoup la nuit, jusqu\u00e0 tomber de sommeil. Jai donc \u00e0 la fois un travail tr\u00e8s classique de 9h \u00e0 12h et de 13h \u00e0 17h, et je fais beaucoup de travail et de r\u00e9ponses de mails avec les \u00e9diteurs; et le travail de nuit est beaucoup plus free-style. Pr\u00e9venez-moi de tous les nouveaux articles par email. Nouvelle session pour le Conseil r\u00e9gional des jeunes.<\/p>\n","protected":false},"excerpt":{"rendered":"<p>rencontre jeunesse bulle 2011<\/p>\n","protected":false},"author":1,"featured_media":0,"comment_status":"closed","ping_status":"closed","sticky":false,"template":"","format":"standard","meta":{"footnotes":""},"categories":[1],"tags":[],"_links":{"self":[{"href":"http:\/\/bauclassroom.com\/info\/wp-json\/wp\/v2\/posts\/4377"}],"collection":[{"href":"http:\/\/bauclassroom.com\/info\/wp-json\/wp\/v2\/posts"}],"about":[{"href":"http:\/\/bauclassroom.com\/info\/wp-json\/wp\/v2\/types\/post"}],"author":[{"embeddable":true,"href":"http:\/\/bauclassroom.com\/info\/wp-json\/wp\/v2\/users\/1"}],"replies":[{"embeddable":true,"href":"http:\/\/bauclassroom.com\/info\/wp-json\/wp\/v2\/comments?post=4377"}],"version-history":[{"count":1,"href":"http:\/\/bauclassroom.com\/info\/wp-json\/wp\/v2\/posts\/4377\/revisions"}],"predecessor-version":[{"id":4378,"href":"http:\/\/bauclassroom.com\/info\/wp-json\/wp\/v2\/posts\/4377\/revisions\/4378"}],"wp:attachment":[{"href":"http:\/\/bauclassroom.com\/info\/wp-json\/wp\/v2\/media?parent=4377"}],"wp:term":[{"taxonomy":"category","embeddable":true,"href":"http:\/\/bauclassroom.com\/info\/wp-json\/wp\/v2\/categories?post=4377"},{"taxonomy":"post_tag","embeddable":true,"href":"http:\/\/bauclassroom.com\/info\/wp-json\/wp\/v2\/tags?post=4377"}],"curies":[{"name":"wp","href":"https:\/\/api.w.org\/{rel}","templated":true}]}}