{"id":4403,"date":"2020-09-28T22:56:45","date_gmt":"2020-09-28T22:56:45","guid":{"rendered":"http:\/\/bauclassroom.com\/info\/?p=4403"},"modified":"2020-09-23T22:03:41","modified_gmt":"2020-09-23T22:03:41","slug":"site-de-rencontre-pour-handicape-psychique","status":"publish","type":"post","link":"http:\/\/bauclassroom.com\/info\/2020\/09\/28\/site-de-rencontre-pour-handicape-psychique\/","title":{"rendered":"Site De Rencontre Pour Handicap\u00e9 Psychique"},"content":{"rendered":"<p>R echtman Richard, Souffrances psychiques et \u00e9volutions de la psychiatrie, \u00c9tudes, octobre 2011, p 329-339. Le mot spirituel \u00e9voque exclusivement et \u00e0 tort une question religieuse. Certes, les religions peuvent fortement marquer lattitude de l\u00eatre humain face \u00e0 la mort, mais la recherche de sens est universelle. Adresse: 4, rue Boieldieu 76800 Saint-Etienne-du-Rouvray Associations-accompagnement personnes en situation de handicap Selon la d\u00e9finition de lOrganisation Mondiale de la Sant\u00e9 OMS, est handicap\u00e9e toute personne dont lint\u00e9grit\u00e9 physique ou mentale est passag\u00e8rement ou d\u00e9finitivement diminu\u00e9e, soit cong\u00e9nitalement, soit sous leffet de l\u00e2ge ou dun accident, en sorte que son autonomie, son aptitude \u00e0 fr\u00e9quenter l\u00e9cole ou \u00e0 occuper un emploi sen trouvent compromises. Selon la nouvelle d\u00e9finition donn\u00e9e par la loi fran\u00e7aise du 11 f\u00e9vrier 2005 portant sur l\u00e9galit\u00e9 des droits et des chances, la participation et la citoyennet\u00e9 des personnes handicap\u00e9es constitue un handicap, au sens de la pr\u00e9sente loi, toute limitation dactivit\u00e9 ou restriction de participation \u00e0 la vie en soci\u00e9t\u00e9 subie dans son environnement par une personne en raison dune alt\u00e9ration substantielle, durable ou d\u00e9finitive dune ou plusieurs fonctions physiques, sensorielles, mentales, cognitives ou psychiques, dun polyhandicap ou dun trouble de sant\u00e9 invalidant. Le terme handicap d\u00e9signe la limitation des possibilit\u00e9s dinteraction dun individu avec son environnement, caus\u00e9e par une d\u00e9ficience provoquant une incapacit\u00e9, permanente ou non. Il exprime une d\u00e9ficience vis-\u00e0-vis dun environnement, que ce soit en termes daccessibilit\u00e9, dexpression, de compr\u00e9hension ou dappr\u00e9hension. Il sagit donc plus dune notion sociale que dune notion m\u00e9dicale. On estime aujourdhui \u00e0 6 millions de personnes en France touch\u00e9es par un handicap. Toutes ces personnes ne sont bien entendu pas \u00e9gales face au handicap, quon peut r\u00e9pertorier en plusieurs types. Handicap mental ou d\u00e9ficience intellectuelle Des programmes syst\u00e9matiques dinspection sont actuellement mis en \u0153uvre par les DTARS D\u00e9l\u00e9gations Territoriales des Agences R\u00e9gionales de Sant\u00e9, ex DDASS. L est charg\u00e9e de la dimension qualitative dans le cadre de ces inspections. Elle \u00e9labore des r\u00e9f\u00e9rentiels de recommandations sp\u00e9cifiques aux publics accueillis qui simposent aux \u00e9tablissements. La et l sont au centre de la d\u00e9marche qualit\u00e9. De ce fait, le conventionnement d\u00e9pend \u00e0 la fois dun contr\u00f4le financier et dun contr\u00f4le de la qualit\u00e9 de la prise en charge. Le m\u00e9dico-social doit sorienter pour prendre soin vers l ou, philosophie dans laquelle vouloir pour lautre ce qui est bien pour lui est le r\u00e9duire \u00e0 la dimension d\u00eatre un objet de soin. Sil est un objet, il nest pas un acteur de sa prise en charge. Cette probl\u00e9matique est au centre de l\u00e9thique du travail social, de la r\u00e9novation de ces \u00e9tablissements, du projet individuel de la personne. Diff\u00e9rentes acceptions ont \u00e9t\u00e9 formul\u00e9es en fonction de ce \u00e0 quoi on relativise le handicap, donnant lieu \u00e0 diverses. Olilvier Grim, Du monstre \u00e0 lenfant : anthropologie et psychanalyse de linfirmit\u00e9, \u00c9ditions du Ctnerhi, 2000.  La FEGAPEI et la F\u00e9d\u00e9ration hospitali\u00e8re de France FHF, avec le soutien de la Mutuelle Int\u00e9grance et dApicil Pr\u00e9voyance, ont anim\u00e9 un tour de France des ateliers collaboratifs entre professionnels du sanitaire et du m\u00e9dico-social autour du handicap psychique. Une exp\u00e9rience restitu\u00e9e aujourdhui dans un ouvrage pr\u00e9sentant de fa\u00e7on ludique et d\u00e9complex\u00e9e les dix pr\u00e9conisations issues de ces rencontres pour un meilleur accompagnement des personnes handicap\u00e9es psychiques. \u00c0 envoyer, la mise en mots dune blessure \u00e0 mesure quelle sest creus\u00e9e, jusqu\u00e0 lin\u00e9luctable et inacceptable d\u00e9nouement. Nous sommes aujourdhui le 16 janvier 2009. En sur ec.europa.eu, European Commission-Justice, relu le 30 novembre 2013. <img decoding=\"async\" src=\"http:\/\/s1.studylibfr.com\/store\/data\/001589674_1-4452e0ae4ea377f5b15ae971ba40246a.png\" alt=\"site de rencontre pour handicap\u00e9 psychique\" align=\"right\"> Id\u00e9es d\u00e9lirantes, difficult\u00e9s \u00e0 se concentrer, modification de lhumeur, hallucinations, pens\u00e9e d\u00e9sorganis\u00e9e 35Dans ses formes les plus s\u00e9v\u00e8res, le handicap psychique se caract\u00e9rise par le fait que les conditions de possibilit\u00e9 dune reconnaissance affective semblent ne pas pouvoir \u00eatre r\u00e9unies, d\u00e9montrant a contrario le r\u00f4le crucial de ce mode de reconnaissance dans la prise en charge des personnes en situation de handicap psychique. La maladie mentale sous-jacente peut ainsi contrecarrer la possibilit\u00e9 m\u00eame de mettre en place les conditions effectives dune reconnaissance. Dans ces formes s\u00e9v\u00e8res, le rapport \u00e0 soi et \u00e0 autrui est gravement perturb\u00e9, ainsi quen t\u00e9moigne lalt\u00e9ration de certaines formes dexp\u00e9rience subjective, des fonctions cognitives et m\u00e9tacognitives et des jugements sur soi. Les difficult\u00e9s dans la relation \u00e0 autrui sont \u00e9galement li\u00e9es \u00e0 des alt\u00e9rations de la cognition sociale, notamment de la capacit\u00e9 \u00e0 reconna\u00eetre les \u00e9motions dautrui. Il peut sensuivre des difficult\u00e9s dans la capacit\u00e9 de ces personnes \u00e0 d\u00e9crypter les relations interpersonnelles et \u00e0 percevoir les marques et gestes de respect et de consid\u00e9ration qui leur sont adress\u00e9s. Quant aux souhaits et aux aspirations, nous avons profit\u00e9 de la p\u00e9riode de confinement et de la suspension quelle a g\u00e9n\u00e9r\u00e9 dans beaucoup dactivit\u00e9 mais aussi dans la fa\u00e7on que nous avons dimaginer la normalit\u00e9 en g\u00e9n\u00e9ral et dans laccueil de la petite enfance pour poser diff\u00e9rentes questions qui, on le suppose et on le ressent \u00e9galement, taraudent sourdement les professionnels mais restent, dordinaire, enfouies sous la couche du cest comme \u00e7a, m\u00eame si ce nest pas totalement satisfaisant cest comme \u00e7a. Merci alors de laisser la place aux experts et de se former \u00e0 lexigence nouvelle que demande ce m\u00e9tier. Et si vous naimez pas ce que vous faites, changez de voie sans h\u00e9siter, cela donnera la marge de man\u0153uvre n\u00e9cessaire pour r\u00e9duire les co\u00fbts tout en obtenant des r\u00e9sultats de gu\u00e9rison. Une fois ces objectifs satisfaits, une r\u00e9insertion sociale et professionnelle sera peut-\u00eatre envisageable. Avant cela, le moindre faux pas sera pr\u00e9matur\u00e9 et tout projet davenir, fragile. <img decoding=\"async\" src=\"http:\/\/www.be-api.net\/blog\/wp-content\/uploads\/2014\/10\/DL-2014-10-10.jpg\" alt=\"site de rencontre pour handicap\u00e9 psychique\" align=\"center\"> <img decoding=\"async\" src=\"http:\/\/www.handicap-normandie.org\/media\/thumbnails\/rassemblement_1992018_pour_site__089035100_1139_11092018.jpg\" alt=\"site de rencontre pour handicap\u00e9 psychique\" align=\"center\">  Prendre soin de ceux qui ne gu\u00e9riront pas-Elisabeth Zucman Prestation mobilis\u00e9e par le prescripteur sur demande de lemployeur, de lagent, du m\u00e9decin du travail ou de pr\u00e9vention, pour les agents dont le handicap survient ou saggrave et qui peuvent \u00eatre menac\u00e9s dans leur emploi du fait de leur handicap. Elle a pour objectif d\u00e9viter la d\u00e9sinsertion professionnelle de lagent en difficult\u00e9 dans son poste de travail pour des raisons li\u00e9es \u00e0 son \u00e9tat de souffrance psychique et de handicap. Les Rencontres Soignantes sont organis\u00e9es par la revue Sant\u00e9 Mentale.  Accueil,accompagnement, soins des personnes en situation de handicap. Le Centre est sp\u00e9cialis\u00e9 dans laccompagnement Pr\u00e9sentation de la recherche Habitat dans une soci\u00e9t\u00e9 inclusive Catalina Devandas-Aguilar, experte ind\u00e9pendante mandat\u00e9e par le et l, a effectu\u00e9 une visite en France du 3 au 17 octobre 2017 afin de formuler des avis sur la mise en \u0153uvre des droits des personnes handicap\u00e9es dans le monde. Elle reconna\u00eet constater que certaines dispositions prises par la France ne sont pas conformes \u00e0 larticle 12 de la CDPH, sur la capacit\u00e9 juridique des personnes handicap\u00e9es : cest le cas notamment du, du et de la. Elle engage les autorit\u00e9s l\u00e9gislatives \u00e0 entreprendre un examen global de leur cadre normatif afin de finaliser le processus dharmonisation juridique, conform\u00e9ment \u00e0 larticle 4 de la CDPH.<\/p>\n","protected":false},"excerpt":{"rendered":"<p>site de rencontre pour handicap\u00e9 psychique<\/p>\n","protected":false},"author":1,"featured_media":0,"comment_status":"closed","ping_status":"closed","sticky":false,"template":"","format":"standard","meta":{"footnotes":""},"categories":[1],"tags":[],"_links":{"self":[{"href":"http:\/\/bauclassroom.com\/info\/wp-json\/wp\/v2\/posts\/4403"}],"collection":[{"href":"http:\/\/bauclassroom.com\/info\/wp-json\/wp\/v2\/posts"}],"about":[{"href":"http:\/\/bauclassroom.com\/info\/wp-json\/wp\/v2\/types\/post"}],"author":[{"embeddable":true,"href":"http:\/\/bauclassroom.com\/info\/wp-json\/wp\/v2\/users\/1"}],"replies":[{"embeddable":true,"href":"http:\/\/bauclassroom.com\/info\/wp-json\/wp\/v2\/comments?post=4403"}],"version-history":[{"count":1,"href":"http:\/\/bauclassroom.com\/info\/wp-json\/wp\/v2\/posts\/4403\/revisions"}],"predecessor-version":[{"id":4404,"href":"http:\/\/bauclassroom.com\/info\/wp-json\/wp\/v2\/posts\/4403\/revisions\/4404"}],"wp:attachment":[{"href":"http:\/\/bauclassroom.com\/info\/wp-json\/wp\/v2\/media?parent=4403"}],"wp:term":[{"taxonomy":"category","embeddable":true,"href":"http:\/\/bauclassroom.com\/info\/wp-json\/wp\/v2\/categories?post=4403"},{"taxonomy":"post_tag","embeddable":true,"href":"http:\/\/bauclassroom.com\/info\/wp-json\/wp\/v2\/tags?post=4403"}],"curies":[{"name":"wp","href":"https:\/\/api.w.org\/{rel}","templated":true}]}}