{"id":4449,"date":"2020-09-29T12:00:26","date_gmt":"2020-09-29T12:00:26","guid":{"rendered":"http:\/\/bauclassroom.com\/info\/?p=4449"},"modified":"2020-09-23T23:37:02","modified_gmt":"2020-09-23T23:37:02","slug":"rencontres-tsiganes","status":"publish","type":"post","link":"http:\/\/bauclassroom.com\/info\/2020\/09\/29\/rencontres-tsiganes\/","title":{"rendered":"Rencontres Tsiganes"},"content":{"rendered":"<p>URL de cette page : https:www.gisti.orgspip.php?article1778 le fonctionnement, les \u00e9lus et les actions de la R\u00e9gion Unit\u00e9s non employeuses pas de salari\u00e9 au cours de lann\u00e9e de r\u00e9f\u00e9rence et pas deffectif au 3112. 13:00-D\u00e9bat La situation et le projet autogestionnaire au Kurdistan, anim\u00e9 par un militant kurde En mars, \u00e0 Nantes, se jouent Les Eclats Francophones, quatre concerts pour f\u00eater la cr\u00e9ation musicale autour de la langue fran\u00e7aise \u00e0 travers le monde. La premi\u00e8re date samedi 14.. Musique-11.3.2020 Tsiganes et M\u00e9diterran\u00e9e : les institutions comme espace Apr\u00e8s une br\u00e8ve pr\u00e9sentation des associations objet, r\u00f4le et actions, la table ronde se penchera sur les perspectives de collaboration entre chercheurs et associations, au prisme des situations et des difficult\u00e9s rencontr\u00e9es au quotidien. Avertissez-moi par e-mail des nouveaux commentaires.  <img decoding=\"async\" src=\"http:\/\/www.sgdf91.fr\/wp-content\/uploads\/2018\/02\/gureme2.jpg\" alt=\"rencontres tsiganes\" align=\"right\"> La pr\u00e9fecture rappelle que l\u00e9vacuation avait \u00e9t\u00e9 ordonn\u00e9e le 29 mars et quun d\u00e9lai avait \u00e9t\u00e9 accord\u00e9 pour que les enfants puissent terminer leur ann\u00e9e scolaire. Les mus\u00e9es des Bouches-du-Rh\u00f4ne r\u00e9ouvrent peu \u00e0 peu. D\u00e9couvrez la liste r\u00e9guli\u00e8rement mise \u00e0 jour. <img decoding=\"async\" src=\"http:\/\/www.latcho-divano.com\/wp-content\/uploads\/2018\/03\/Stage-Langue-Romani-390x260.jpg\" alt=\"rencontres tsiganes\" align=\"center\">-Mardi 26 mars \u00e0 10h et mercredi 3 avril \u00e0 14h30 : Visite guid\u00e9e de lancien camp dinternement tsigane \u00e0 Montreuil-Bellay Dur\u00e9e 1h30 Limit\u00e9 \u00e0 45 personnes-Gratuit Geronimo, de Tony Gatlif-Film 2014-1h 44min Sud de la France. Dans la chaleur du mois dao\u00fbt, Geronimo, une jeune \u00e9ducatrice veille \u00e0 apaiser les tensions entre les jeunes du quartier Saint Pierre. Dimanche 8 avril \u00e0 16h Cin\u00e9ma le Gyptis-136 Rue Loubon, 13003 Marseille Tarifs habituels L\u00e9dition 2019 des Rencontres tsiganes se d\u00e9roulera du 23 mars au 6 avril avec un d\u00e9ploiement des animations \u00e0 Dou\u00e9-en-Anjou, sur la Ville de Saumur, Gennes-Val-de-Loire et \u00e0 Montreuil-Bellay. Cette treizi\u00e8me \u00e9dition valorise la culture mat\u00e9rielle des Gens du Voyage \u00e0 travers leurs m\u00e9tiers et plus particuli\u00e8rement leurs Mains dOr qui tissent, sculptent, dessinent, \u00e9crivent et travaillent les mat\u00e9riaux, le m\u00e9tal et losier depuis des g\u00e9n\u00e9rations. Mardi 2 juin, le Comit\u00e9 du patrimoine ethnologique et immat\u00e9riel a valid\u00e9 linscription de la transhumance \u00e0 lInventaire national du patrimoine culturel immat\u00e9riel. Lune sans intitul\u00e9 : dix-neuf titres, dont cinq chansons de vari\u00e9t\u00e9 fran\u00e7aise contemporaine Charles Aznavour pour deux dentre elles, Michel Legrand, Jacques Dutronc ou quon dit \u00e9ternelles Les Feuilles mortes, de Joseph Kosma et Jacques Pr\u00e9vert, plus une Les Enfants de boh\u00e8me que les Manouches sattribuent, quatre chansons en manouche, trois chansons espagnoles anciennes, un chant religieux, cinq instrumentaux valses-swing et pi\u00e8ces pour violon virtuose de style musique classique et musique tsigane dEurope centrale, mais difficiles \u00e0 identifier ; Margo Chou nous invite \u00e0 nous mettre \u00e0 table, parler, redessiner les fronti\u00e8res et les marges, les rompre en partageant mets et sensations. Un festival de musique de jeunes orchestres anglais avec plusieurs concerts gratuits, pour la deuxi\u00e8me saison nous pr\u00e9sentons deux.. Musique-14.2.2020 Ce livret est disponible \u00e0 la vente \u00e0 lespace infodoc du Centre de Ressources. 16h30 Concert de jazz manouche-Costel Nitescu : en partenariat avec le Festival Manouche Factory.  18h sur la place des Quais : buffet tsigane par les familles roms  Au titre de sa comp\u00e9tence accueil des gens du voyage, la Communaut\u00e9 dAgglom\u00e9ration Saumur Val de Loire g\u00e8re neuf aires avec une capacit\u00e9 de 148 places de caravane pour une dur\u00e9e de trois mois renouvelable sous condition. <img decoding=\"async\" src=\"http:\/\/ekladata.com\/i2kbaZlu4c9ue0K5CCzX1PGnO9I.jpg\" alt=\"rencontres tsiganes\" align=\"center\">.<\/p>\n","protected":false},"excerpt":{"rendered":"<p>rencontres tsiganes<\/p>\n","protected":false},"author":1,"featured_media":0,"comment_status":"closed","ping_status":"closed","sticky":false,"template":"","format":"standard","meta":{"footnotes":""},"categories":[1],"tags":[],"_links":{"self":[{"href":"http:\/\/bauclassroom.com\/info\/wp-json\/wp\/v2\/posts\/4449"}],"collection":[{"href":"http:\/\/bauclassroom.com\/info\/wp-json\/wp\/v2\/posts"}],"about":[{"href":"http:\/\/bauclassroom.com\/info\/wp-json\/wp\/v2\/types\/post"}],"author":[{"embeddable":true,"href":"http:\/\/bauclassroom.com\/info\/wp-json\/wp\/v2\/users\/1"}],"replies":[{"embeddable":true,"href":"http:\/\/bauclassroom.com\/info\/wp-json\/wp\/v2\/comments?post=4449"}],"version-history":[{"count":1,"href":"http:\/\/bauclassroom.com\/info\/wp-json\/wp\/v2\/posts\/4449\/revisions"}],"predecessor-version":[{"id":4450,"href":"http:\/\/bauclassroom.com\/info\/wp-json\/wp\/v2\/posts\/4449\/revisions\/4450"}],"wp:attachment":[{"href":"http:\/\/bauclassroom.com\/info\/wp-json\/wp\/v2\/media?parent=4449"}],"wp:term":[{"taxonomy":"category","embeddable":true,"href":"http:\/\/bauclassroom.com\/info\/wp-json\/wp\/v2\/categories?post=4449"},{"taxonomy":"post_tag","embeddable":true,"href":"http:\/\/bauclassroom.com\/info\/wp-json\/wp\/v2\/tags?post=4449"}],"curies":[{"name":"wp","href":"https:\/\/api.w.org\/{rel}","templated":true}]}}