{"id":4469,"date":"2020-09-29T21:28:31","date_gmt":"2020-09-29T21:28:31","guid":{"rendered":"http:\/\/bauclassroom.com\/info\/?p=4469"},"modified":"2020-09-24T00:09:09","modified_gmt":"2020-09-24T00:09:09","slug":"rencontres-avec-portugaises","status":"publish","type":"post","link":"http:\/\/bauclassroom.com\/info\/2020\/09\/29\/rencontres-avec-portugaises\/","title":{"rendered":"Rencontres Avec Portugaises"},"content":{"rendered":"<p>Pontault-Combault, mai 2019. La 44e F\u00eate franco-portugaise d\u00e9marre ce samedi soir pour sachever ce dimanche soir. LPSylvain Deleuze  Je suis contente d\u00eatre sortie des call center car on peut vite tomber dans lengrenage de ces m\u00e9tiers quand on est \u00e9tranger, quon arrive au Portugal et quon ne parle pas encore le portugais.  En plus des voyelles, certaines consonnes se prononcent diff\u00e9remment. Cest notamment le cas pour : AVB a rencontr\u00e9 son pr\u00e9sident pour \u00e9voquer la saison prochaine et d\u00e9finir les contours de leffectif \u00e0 venir. Le Portugais demande \u00e0 son pr\u00e9sident une \u00e9quipe ambitieuse pour ne pas faire de la figuration en C1, malgr\u00e9 la crise li\u00e9e au coronavirus. <img decoding=\"async\" src=\"http:\/\/babeleyes.free.fr\/babeleyes_fr\/PixEllesRhapsodyFR\/files\/stacks_image_3299.jpg\" alt=\"rencontres avec portugaises\" align=\"right\"> Pour retenir son brillant coach, que les joueurs adorent, lOM a propos\u00e9 un prolongation \u00e0 Villas-Boas, \u00e0 qui il reste un an de contrat. La balle est dans son camp, souffle un connaisseur du dossier. <img decoding=\"async\" src=\"http:\/\/nhahangauco.com\/img\/d8b4679ab74638cebbc312e006878736.jpg\" alt=\"rencontres avec portugaises\" align=\"right\"> <img decoding=\"async\" src=\"http:\/\/rampok.org\/img\/0a01ba28718d838438f58e206f7c779f.jpg\" alt=\"rencontres avec portugaises\" align=\"right\"> Dans le travail, certains patrons nous exploitaient, assure Jos\u00e9, cheville ouvri\u00e8re du club. Mais ce n\u00e9tait pas propre aux Portugais. Ils exploitaient tout le monde, relativise son p\u00e8re, qui souligne navoir jamais souffert de racisme. Dailleurs, les Portugais, que jai appris \u00e0 conna\u00eetre ici \u00e0 Sarlat, sont plus racistes que les Fran\u00e7ais, je vous lassure. Vous ne savez pas comment d\u00e9marrer la conversation? rencontres-Traduction en portugais-exemples fran\u00e7ais Reverso Context Le Portugal na pas beaucoup de magasins \u00e0 commerce de proximit\u00e9, pourtant presque toutes les stations dalimentation en combustible ont du service 24 heures sur 24, les caf\u00e9s et les snack bars sont ouverts jusqu\u00e0 23h00, sauf certains magasins \u00e0 commerce de proximit\u00e9 et stations dalimentation en combustible. Chaque ville a du service de pharmacie 24 heures sur 24 et chaque pharmacie expose une liste des pharmacies ouvertes le dimanche, pendants les jours f\u00e9ri\u00e9s Lutilisation des m\u00e9dias sociaux sp\u00e9cifiques au pays Seule quelques options facultatives pour loptimisation de votre profil, pourront n\u00e9cessiter une contribution. 8 diff\u00e9rences entre le portugais europ\u00e9en et le portugais br\u00e9silien  LOM, apr\u00e8s trois saison dinvestissements cons\u00e9cutives termin\u00e9es sur un bilan n\u00e9gatif 91,4 millions deuros de pertes en juin dernier, est surveill\u00e9 de pr\u00e8s par le fair play financier et devrait conna\u00eetre sa sanction en juin pour non respect de ses engagements. Le Paperjam Club va nous permettre de cr\u00e9er de nouvelles synergies autour de notre Challenge Perigord Luxembourg. Son objectif est daccompagner des jeunes pousses francophones \u00e0 se d\u00e9velopper au Portugal. Nous avons d\u00e9cid\u00e9 douvrir ce challenge aux jeunes pousses luxembourgeoises pour aider les start-up luxembourgeoises francophones \u00e0 prendre pied au Portugal ou en France en sappuyant sur notre r\u00e9seau international de professionnels et sur un comit\u00e9 de chefs dentreprise aguerris qui apportera son exp\u00e9rience et ses conseils \u00e0 notre laur\u00e9at, comme cest d\u00e9j\u00e0 le cas pour le laur\u00e9at du Challenge portugais. Autre point important pour nous: ce sont les liens historiques forts qui existent entre le Luxembourg et le Portugal, qui vont nous aider \u00e0 la cr\u00e9ation de synergies au sein du groupe Perigord. Il a donc abord\u00e9 les tensions entre joueurs et supporters de lOL \u00e0 la fin du match de contre Leipzig, mais \u00e9galement sur la bagarre \u00e0 laquelle il avait pris part en mars 2018 \u00e0 Marseille. Cest quil dit \u00e0 la fois regretter, mais \u00e9galement assumer : Jai fait une \u00e9norme connerie, surtout que ce jour-l\u00e0 javais le brassard autour du bras, c\u00e9tait \u00e0 moi de montrer lexemple, surtout \u00e0 des moments o\u00f9 cest un peu chaud. Il fallait essayer dapaiser tout le monde. Je lai fait au d\u00e9but, et \u00e0 un moment donn\u00e9 jai pris un coup mal plac\u00e9, que jai rendu. Et la seule chose quon a vue, cest mon gant qui \u00e9tait bien fluo. \u00c7a a \u00e9t\u00e9 tr\u00e8s difficile \u00e0 vivre pour moi. Sur un ton plus l\u00e9ger, le gardien est \u00e9galement revenu sur un tournant de sa carri\u00e8re : sa premi\u00e8re convocation en \u00e9quipe du Portugal, et donc sa rencontre avec un certain.. \u00c0 propos du Chef Miguel Mesquita : Form\u00e9 au Cordon Bleu \u00e0 Londres, le Chef Miguel Mesquita combine sa technique \u00e0 sa connaissance profonde de la culture portugaise pour proposer des saveurs typiques, souvent m\u00e9connues. Cr\u00e9ative et exp\u00e9rimentale, la cuisine de Miguel tend \u00e0 moderniser les grands classiques de la cuisine de son pays. Il a particip\u00e9 \u00e0 de nombreuses \u00e9missions culinaires au Portugal, comme Prato do Dia, une \u00e9mission inspir\u00e9e de Masterchef, et il a gagn\u00e9 un concours dans Guerra dos Pratos, face \u00e0 de grands chefs portugais.<\/p>\n","protected":false},"excerpt":{"rendered":"<p>rencontres avec portugaises<\/p>\n","protected":false},"author":1,"featured_media":0,"comment_status":"closed","ping_status":"closed","sticky":false,"template":"","format":"standard","meta":{"footnotes":""},"categories":[1],"tags":[],"_links":{"self":[{"href":"http:\/\/bauclassroom.com\/info\/wp-json\/wp\/v2\/posts\/4469"}],"collection":[{"href":"http:\/\/bauclassroom.com\/info\/wp-json\/wp\/v2\/posts"}],"about":[{"href":"http:\/\/bauclassroom.com\/info\/wp-json\/wp\/v2\/types\/post"}],"author":[{"embeddable":true,"href":"http:\/\/bauclassroom.com\/info\/wp-json\/wp\/v2\/users\/1"}],"replies":[{"embeddable":true,"href":"http:\/\/bauclassroom.com\/info\/wp-json\/wp\/v2\/comments?post=4469"}],"version-history":[{"count":1,"href":"http:\/\/bauclassroom.com\/info\/wp-json\/wp\/v2\/posts\/4469\/revisions"}],"predecessor-version":[{"id":4470,"href":"http:\/\/bauclassroom.com\/info\/wp-json\/wp\/v2\/posts\/4469\/revisions\/4470"}],"wp:attachment":[{"href":"http:\/\/bauclassroom.com\/info\/wp-json\/wp\/v2\/media?parent=4469"}],"wp:term":[{"taxonomy":"category","embeddable":true,"href":"http:\/\/bauclassroom.com\/info\/wp-json\/wp\/v2\/categories?post=4469"},{"taxonomy":"post_tag","embeddable":true,"href":"http:\/\/bauclassroom.com\/info\/wp-json\/wp\/v2\/tags?post=4469"}],"curies":[{"name":"wp","href":"https:\/\/api.w.org\/{rel}","templated":true}]}}