{"id":4487,"date":"2020-09-29T02:14:49","date_gmt":"2020-09-29T02:14:49","guid":{"rendered":"http:\/\/bauclassroom.com\/info\/?p=4487"},"modified":"2020-09-24T00:53:13","modified_gmt":"2020-09-24T00:53:13","slug":"chorale-rencontre","status":"publish","type":"post","link":"http:\/\/bauclassroom.com\/info\/2020\/09\/29\/chorale-rencontre\/","title":{"rendered":"Chorale Rencontre"},"content":{"rendered":"<p><img decoding=\"async\" src=\"http:\/\/lesvoixdumarai.cluster1.easy-hebergement.net\/wp-content\/uploads\/2017\/04\/2017-04-07-Rencontre-de-chorales-2-1024x576.jpg\" alt=\"chorale rencontre\" align=\"right\"> Rencontre des chorales Orvaltaises-Salle de lOdyss\u00e9e-20H30 Orvault.fr En cas de forte affluence, il y aura deux chorales : celle des 6\u00e85\u00e8 en semaine A et celle des 4\u00e83\u00e8 en semaine B, toujours les vendredis \u00e0 13h.  A compter du 1er janvier 2017, lentretien des espaces publics doit \u00eatre r\u00e9alis\u00e9 sans aucun traitement chimique, en application des normes europ\u00e9ennes reprises la Loi sur la transition \u00e9nerg\u00e9tique lAssembl\u00e9e Nationale vot\u00e9e le 6 f\u00e9vrier 2014 et renforc\u00e9e par une d\u00e9lib\u00e9ration du 22 juillet 2015. Une charte dentretien des espaces publics est mise en \u0153uvre Vous \u00eates seul ou en groupe. Ethic Etapes, vous propose des s\u00e9jours organis\u00e9s ou \u00e0 la carte dans un de nos centres id\u00e9alement situ\u00e9. Le but premier du Festival est dencourager la rencontre de cultures musicales \u00e9loign\u00e9es et diff\u00e9rentes. La diversit\u00e9 des lieux de concerts ayant pour centres des Villes dArt le programme pr\u00e9voit des concerts en soir\u00e9e dans des \u00e9glises, des th\u00e9\u00e2tres, des villas antiques ou sur des places, le vaste r\u00e9pertoire pr\u00e9sent\u00e9, occasions int\u00e9ressantes pour un vaste public, font de cette manifestation un moment de rencontre artistique et culturelle de qualit\u00e9. Pour tout renseignement compl\u00e9mentaire, merci de contacter M Kappes. Jai aim\u00e9 les voix dadultes, elles sont puissantes, comme celles des hommes MANON   Sous la direction de Chantal Daguerre, accompagn\u00e9 \u00e0 la guitare par Jean-Louis Daguerre, la chorale chalossaise a interpr\u00e9t\u00e9 une dizaine de chants pl\u00e9biscit\u00e9s par le public. Quant au Choeur de Gan, sous la baguette de lembl\u00e9matique Gilbert Bastelica, il a d\u00e9roul\u00e9 un r\u00e9pertoire \u00e9clectique, allant de la chasse aux papillons, de Georges Brassens, d\u00e9sormais tol\u00e9r\u00e9e dans une \u00e9glise, \u00e0 Fraternit\u00e9 de Beethoven, en passant par 3 chants de sa composition. <img decoding=\"async\" src=\"http:\/\/img.over-blog-kiwi.com\/1\/43\/53\/80\/20160517\/ob_2fff25_dsc09480.JPG\" alt=\"chorale rencontre\" align=\"right\"> Lauriane Cloarec sengage pleinement dans ce quelle entreprend. \u00c9tudiante en Licence de droit, elle aussi monitrice \u00e0 la Biblioth\u00e8que Universitaire, sans oublier le sport avec ses 7h dentra\u00eenement par semaine-Mardi 21 Juillet Chapelle de Kersaint Landunvez. En janvier 2012, jai \u00e9t\u00e9 nomm\u00e9e directrice dune maison de retraite de 82 lits et places daccueil de jour dans le Loir et Cher 41, \u00e0 proximit\u00e9 de Vend\u00f4me et assur\u00e9 lint\u00e9rim de direction de trois autres maisons de retraites autonomes successivement. Acc\u00e9dez \u00e0 la version num\u00e9rique du journal d\u00e8s 5h <img decoding=\"async\" src=\"http:\/\/www.life.alwaysgreatsmile.com\/wp-content\/uploads\/2017\/05\/02-05-17-La-femme-de-Jean-Louis-Turquin-a-%C3%A9t%C3%A9-mise-en-examen-et-%C3%A9crou%C3%A9e-pour-assassinat-1000x600.jpg\" alt=\"chorale rencontre\" align=\"right\"> Un immense merci pour lorganisation de notre voyage, les choristes \u00e9taient enchant\u00e9s de lh\u00f4tel au centre de Barcelone ainsi que des guides qui ont su nous passionner. Nous avons \u00e9t\u00e9 re\u00e7us tr\u00e8s chaleureusement par le team organisateur du festival, c\u00e9tait tr\u00e8s enrichissant dentendre dautres ch\u0153urs et de discuter avec dautres choristes. Sonore du ch\u0153ur fond\u00e9 par en 2005, faite de lumineuse et 25 juin A loccasion du centenaire de lExode de la Flotte Imp\u00e9riale de la Mer Noire de Crim\u00e9e et S\u00e9bastopol Le Grand exode russe. Dialogue vid\u00e9o avec les compatriotes S\u00e9bastopol LExode. 1920 Un aper\u00e7u des \u00e9v\u00e9nements du mois de novembre 1920 \u00e0 S\u00e9bastopol. Les chroniques de l\u00e9vacuation, documents darchives, les sorts des \u00e9migr\u00e9s russes en Le Ch\u00e2teau de Kerjean accueille comme chaque ann\u00e9e le festival Le chant de la rive. Depuis 10 ans, cette belle manifestation promeut la musique classique \u00e0 travers une.. La page daccueil de la rubrique ESPACE PUBLIC nexiste pas. Souhaitez-vous la cr\u00e9er \u00e0 partir de larticle s\u00e9lectionn\u00e9?<\/p>\n","protected":false},"excerpt":{"rendered":"<p>chorale rencontre<\/p>\n","protected":false},"author":1,"featured_media":0,"comment_status":"closed","ping_status":"closed","sticky":false,"template":"","format":"standard","meta":{"footnotes":""},"categories":[1],"tags":[],"_links":{"self":[{"href":"http:\/\/bauclassroom.com\/info\/wp-json\/wp\/v2\/posts\/4487"}],"collection":[{"href":"http:\/\/bauclassroom.com\/info\/wp-json\/wp\/v2\/posts"}],"about":[{"href":"http:\/\/bauclassroom.com\/info\/wp-json\/wp\/v2\/types\/post"}],"author":[{"embeddable":true,"href":"http:\/\/bauclassroom.com\/info\/wp-json\/wp\/v2\/users\/1"}],"replies":[{"embeddable":true,"href":"http:\/\/bauclassroom.com\/info\/wp-json\/wp\/v2\/comments?post=4487"}],"version-history":[{"count":1,"href":"http:\/\/bauclassroom.com\/info\/wp-json\/wp\/v2\/posts\/4487\/revisions"}],"predecessor-version":[{"id":4488,"href":"http:\/\/bauclassroom.com\/info\/wp-json\/wp\/v2\/posts\/4487\/revisions\/4488"}],"wp:attachment":[{"href":"http:\/\/bauclassroom.com\/info\/wp-json\/wp\/v2\/media?parent=4487"}],"wp:term":[{"taxonomy":"category","embeddable":true,"href":"http:\/\/bauclassroom.com\/info\/wp-json\/wp\/v2\/categories?post=4487"},{"taxonomy":"post_tag","embeddable":true,"href":"http:\/\/bauclassroom.com\/info\/wp-json\/wp\/v2\/tags?post=4487"}],"curies":[{"name":"wp","href":"https:\/\/api.w.org\/{rel}","templated":true}]}}