{"id":4523,"date":"2020-09-29T21:50:44","date_gmt":"2020-09-29T21:50:44","guid":{"rendered":"http:\/\/bauclassroom.com\/info\/?p=4523"},"modified":"2020-09-24T02:10:23","modified_gmt":"2020-09-24T02:10:23","slug":"rencontre-entre-leon-ier-le-grand-avec-attila","status":"publish","type":"post","link":"http:\/\/bauclassroom.com\/info\/2020\/09\/29\/rencontre-entre-leon-ier-le-grand-avec-attila\/","title":{"rendered":"Rencontre Entre L\u00e9on Ier Le Grand Avec Attila"},"content":{"rendered":"<p>Elles nous announcent un jour de deuil et de d\u00e9solation! Size of this preview:. Other resolutions:. Pope Sixtus III and his own succession to the papacy. La trilogie populaire de 1851-1853 Le Trouv\u00e8re, La Traviata, Rigoletto consacre sa r\u00e9putation internationale.  <img decoding=\"async\" src=\"http:\/\/miltiade.pagesperso-orange.fr\/verone-romaine.jpg\" alt=\"rencontre entre l\u00e9on ier le grand avec attila\" align=\"right\"> Il fut mis au tombeau en ce jour \u00e0 Rome, pr\u00e8s de Saint Pierre, en 461. <img decoding=\"async\" src=\"http:\/\/elus-npdc.eelv.fr\/wp-content\/blogs.dir\/6\/files\/2011\/10\/P1050361.jpg\" alt=\"rencontre entre l\u00e9on ier le grand avec attila\" align=\"left\"> Rel\u00e2ch\u00e9 gr\u00e2ce \u00e0 Alvaro, Zamoro est cependant repris, mais les Incas parviennent \u00e0 le faire \u00e9vader. Gravures anciennes. D\u00e9peint la rencontre entre L\u00e9on le grand et attila 418: Germain est ordonn\u00e9 Ev\u00eaque en remplacement dAmatre. <img decoding=\"async\" src=\"http:\/\/veguchukka.com\/wp-content\/uploads\/2018\/01\/swathi-naidu2-200x300.jpg\" alt=\"rencontre entre l\u00e9on ier le grand avec attila\" align=\"center\">  Je ne me lasserai jamais de revenir \u00e0 ces sources si pr\u00e9cieuses de science sacr\u00e9e et de haute et d\u00e9licieuse po\u00e9sie.  that Jesus had only one nature, since Eutyches maintained his human nature Ne te laisse pas d\u00e9concerter par la faiblesse que jai prise. Si moi, jai trembl\u00e9, cest en raison de ce que jai de toi, mais toi, sois sans crainte en raison de ce que tu tiens de moi. Il pr\u00e9sente Ernani comme lun de ses soldats, se r\u00e9servant ainsi le soin de le punir lui-m\u00eame plus tard. Il a r\u00e9alis\u00e9 en particulier le fronton sculpt\u00e9 de Saint-Pierre de Chaillot 1932-35-illustration-et lApollon de sept m\u00e8tres de haut de lesplanade des Droits de lhomme au Trocad\u00e9ro Exposition universelle de 1937 avant daccepter diverses responsabilit\u00e9s sous lOccupation. Aussi appel\u00e9 Madone Garvagh. Il sagit de familles ayant d\u00e9tenu le tableau. La Vierge tient dans ses bras lEnfant J\u00e9sus qui joue avec saint Jean-Baptiste enfant, \u00e0 gauche. La composition est encore pyramidale. A larri\u00e8re-plan, un paysage des environs de Rome. Arvino, qui se joint peu apr\u00e8s aux Lombards, ne reconna\u00eet pas non plus son fr\u00e8re en lermite. Populations et vassaux germaniques tels que les Ostrogoths, les G\u00e9pides ou les Alains. Larriv\u00e9e des Huns Puis, analysant, \u00e0 loccasion du centenaire de Rerum novarum de L\u00e9on XIII-il sagit de Centesimus annus 8, la nouvelle situation mondiale apparue entre 1989 et 1991, le Pape mettait le monde occidental en garde contre la pens\u00e9e de consid\u00e9rer purement et simplement ces \u00e9v\u00e9nements comme la victoire du capitalisme ou comme le signe de la v\u00e9rit\u00e9 du lib\u00e9ralisme et de la domination incontest\u00e9e de la logique de march\u00e9 sur la dignit\u00e9 et les droits des peuples. Aujourdhui, le pape est surtout une figure spirituelle, mais avant lunification de lItalie, le pape \u00e9tait aussi \u00e0 la t\u00eate dun grand domaine terrestre et le complexe du Vatican refl\u00e8te leur importance en tant que chefs dEtat. Les papes engageaient les architectes et les artistes les plus renomm\u00e9s du monde pour d\u00e9corer leurs r\u00e9sidences, et ces d\u00e9corations, en particulier les peintures murales dans les appartements priv\u00e9s du pape, m\u00e9ritent une visite \u00e0 eux seuls.<\/p>\n","protected":false},"excerpt":{"rendered":"<p>rencontre entre l\u00e9on ier le grand avec attila<\/p>\n","protected":false},"author":1,"featured_media":0,"comment_status":"closed","ping_status":"closed","sticky":false,"template":"","format":"standard","meta":{"footnotes":""},"categories":[1],"tags":[],"_links":{"self":[{"href":"http:\/\/bauclassroom.com\/info\/wp-json\/wp\/v2\/posts\/4523"}],"collection":[{"href":"http:\/\/bauclassroom.com\/info\/wp-json\/wp\/v2\/posts"}],"about":[{"href":"http:\/\/bauclassroom.com\/info\/wp-json\/wp\/v2\/types\/post"}],"author":[{"embeddable":true,"href":"http:\/\/bauclassroom.com\/info\/wp-json\/wp\/v2\/users\/1"}],"replies":[{"embeddable":true,"href":"http:\/\/bauclassroom.com\/info\/wp-json\/wp\/v2\/comments?post=4523"}],"version-history":[{"count":1,"href":"http:\/\/bauclassroom.com\/info\/wp-json\/wp\/v2\/posts\/4523\/revisions"}],"predecessor-version":[{"id":4524,"href":"http:\/\/bauclassroom.com\/info\/wp-json\/wp\/v2\/posts\/4523\/revisions\/4524"}],"wp:attachment":[{"href":"http:\/\/bauclassroom.com\/info\/wp-json\/wp\/v2\/media?parent=4523"}],"wp:term":[{"taxonomy":"category","embeddable":true,"href":"http:\/\/bauclassroom.com\/info\/wp-json\/wp\/v2\/categories?post=4523"},{"taxonomy":"post_tag","embeddable":true,"href":"http:\/\/bauclassroom.com\/info\/wp-json\/wp\/v2\/tags?post=4523"}],"curies":[{"name":"wp","href":"https:\/\/api.w.org\/{rel}","templated":true}]}}