{"id":4525,"date":"2020-09-29T17:48:40","date_gmt":"2020-09-29T17:48:40","guid":{"rendered":"http:\/\/bauclassroom.com\/info\/?p=4525"},"modified":"2020-09-24T02:16:56","modified_gmt":"2020-09-24T02:16:56","slug":"rencontres-silence-2012","status":"publish","type":"post","link":"http:\/\/bauclassroom.com\/info\/2020\/09\/29\/rencontres-silence-2012\/","title":{"rendered":"Rencontres Silence 2012"},"content":{"rendered":"<p>En outre, larticle 14 2c du protocole de Maputo dispose que les \u00c9tats doivent, a minima, prot\u00e9ger les droits reproductifs des femmes, particuli\u00e8rement en autorisant lavortement m\u00e9dicalis\u00e9, en cas dagression sexuelle, de viol, dinceste et lorsque la grossesse met en danger la sant\u00e9 mentale et physique de la m\u00e8re ou la vie de la m\u00e8re ou du f\u0153tus. 31 mars : RENCONTRE-DEBAT avec les F\u00e9ministes indig\u00e8nes <img decoding=\"async\" src=\"http:\/\/thesilentage.com\/blog\/wp-content\/uploads\/2015\/04\/The-Silent-Age-screenshot-09-Subway.png\" alt=\"rencontres silence 2012\" align=\"center\"> Activer JavaScript dans votre navigateur pour acc\u00e9der \u00e0 linscription sur notre site, sur Les cuisines de lassembl\u00e9e-Lexpress consult\u00e9 le 23 octobre 2015 Activer JavaScript dans votre navigateur pour acc\u00e9der \u00e0 linscription sur notre site  20 septembre : la librairie \u00e9tait partenaire des Amis du Monde diplomatique et dATTAC Rh\u00f4ne pour la venue dAminata Traor\u00e9 autour de son ouvrage LAfrique mutil\u00e9e, \u00e9d Taama, 27 ans, et un palmar\u00e8s au niveau de son immense talent Impressionnant.. Une r\u00e9p\u00e9titiondans le calme, troubl\u00e9e simplement par une nouvelle totalement impr\u00e9vue: Pogo vient r\u00e9p\u00e9ter! Haut-Commissariat des Nations Unies aux droits de lHomme De la m\u00eame fa\u00e7on, le comit\u00e9 CEDAW a appel\u00e9 les \u00c9tats parties \u00e0 mettre en place un m\u00e9canisme ou un organisme, ou en mandater un qui existe d\u00e9j\u00e0, afin de coordonner, surveiller et \u00e9valuer r\u00e9guli\u00e8rement la mise en place et lefficacit\u00e9, aux niveaux national, r\u00e9gional et local, des mesures, notamment celles qui font lobjet de pr\u00e9conisations dans la pr\u00e9sente recommandation Recommandation g\u00e9n\u00e9rale n35, ainsi que des autres normes ou principes directeurs internationaux et r\u00e9gionaux applicables, en vue de pr\u00e9venir et d\u00e9liminer toutes les formes de violence \u00e0 l\u00e9gard des femmes fond\u00e9e sur le genre. Droit \u00e0 la vie priv\u00e9e et \u00e0 lautonomie corporelle Aujourdhui vous avez \u00e0 la fois le choix et lembarras; lembarras du choix, bien sur. Avec toutefois une certitude: vous ne pouvez pas vous tromper. Cest quand m\u00eame rassurant. 29 mars : Paul VEYSSEYRE pour son livre ISTANBUL, seuil de la f\u00e9licit\u00e9, \u00e9ditions Djah\u00e2nn\u00e2ma, 2012. Je dis \u00e0 Marie-H\u00e9l\u00e8ne Marie-H\u00e9l\u00e8ne Estienne, collaboratrice de longue date de Peter Brook : il faut absolument que lon fasse cela. On a fait une version diff\u00e9rente de celle que proposait le Market et on la jou\u00e9e avec des chansons enregistr\u00e9es Mirian Mak\u00e9ba et dautres en 1999. Puis en 2002, le jardinage et lAyurveda minvitent \u00e0 la m\u00e9ditation. <img decoding=\"async\" src=\"http:\/\/ishigaki-blue.com\/images\/report\/su3.JPG\" alt=\"rencontres silence 2012\" align=\"right\"> discipline. En vous pr\u00e9sentant mon parcours, cest loccasion pour moi de saluer et remercier tous ceux qui ont contribu\u00e9 \u00e0 mon \u00e9volution. Je suis pleine de gratitude de ce cadeau de la vie. Demand\u00e9 au pr\u00e9sident russe quelle \u00e9tait sa premi\u00e8re impression de son coll\u00e8gue 22 mars Partenariat hors les murs : \u00e0 la Maison des Passages : Rencontre-d\u00e9bat avec BOUBACAR BORIS DIOP : La Francophonie : perp\u00e9tuation du pacte colonial ou instrument de domination linguistique? 19 octobre : Barbara BALZERANI autour de Camarade Lune, \u00e9ditions Cambourakis, 2017. Tribune de Lyon est le premier hebdomadaire g\u00e9n\u00e9raliste lyonnais. Cr\u00e9\u00e9 en 2005, ce magazine ind\u00e9pendant est \u00e9dit\u00e9 par la soci\u00e9t\u00e9 ind\u00e9pendante Rosebud, principalement d\u00e9tenue par ses salari\u00e9s. <img decoding=\"async\" src=\"http:\/\/thesilentage.com\/blog\/wp-content\/uploads\/2016\/08\/2016_summer_header_blog.png\" alt=\"rencontres silence 2012\" align=\"right\">  La communication manag\u00e9riale, toutes les bo\u00eetes en parlent mais peu en font vraiment Louer les vertus de la communication manag\u00e9riale et c\u00e9l\u00e9brer limportance du management interm\u00e9diaire est un incontournable pour tout dirigeant et tout communicant. Mais, au-del\u00e0 de ces d\u00e9clarations de principe, quelles conditions les entreprises r\u00e9unissent-elles pour que la communication manag\u00e9riale.. .<\/p>\n","protected":false},"excerpt":{"rendered":"<p>rencontres silence 2012<\/p>\n","protected":false},"author":1,"featured_media":0,"comment_status":"closed","ping_status":"closed","sticky":false,"template":"","format":"standard","meta":{"footnotes":""},"categories":[1],"tags":[],"_links":{"self":[{"href":"http:\/\/bauclassroom.com\/info\/wp-json\/wp\/v2\/posts\/4525"}],"collection":[{"href":"http:\/\/bauclassroom.com\/info\/wp-json\/wp\/v2\/posts"}],"about":[{"href":"http:\/\/bauclassroom.com\/info\/wp-json\/wp\/v2\/types\/post"}],"author":[{"embeddable":true,"href":"http:\/\/bauclassroom.com\/info\/wp-json\/wp\/v2\/users\/1"}],"replies":[{"embeddable":true,"href":"http:\/\/bauclassroom.com\/info\/wp-json\/wp\/v2\/comments?post=4525"}],"version-history":[{"count":1,"href":"http:\/\/bauclassroom.com\/info\/wp-json\/wp\/v2\/posts\/4525\/revisions"}],"predecessor-version":[{"id":4526,"href":"http:\/\/bauclassroom.com\/info\/wp-json\/wp\/v2\/posts\/4525\/revisions\/4526"}],"wp:attachment":[{"href":"http:\/\/bauclassroom.com\/info\/wp-json\/wp\/v2\/media?parent=4525"}],"wp:term":[{"taxonomy":"category","embeddable":true,"href":"http:\/\/bauclassroom.com\/info\/wp-json\/wp\/v2\/categories?post=4525"},{"taxonomy":"post_tag","embeddable":true,"href":"http:\/\/bauclassroom.com\/info\/wp-json\/wp\/v2\/tags?post=4525"}],"curies":[{"name":"wp","href":"https:\/\/api.w.org\/{rel}","templated":true}]}}