{"id":4567,"date":"2020-09-29T18:10:19","date_gmt":"2020-09-29T18:10:19","guid":{"rendered":"http:\/\/bauclassroom.com\/info\/?p=4567"},"modified":"2020-09-24T03:51:20","modified_gmt":"2020-09-24T03:51:20","slug":"rencontres-d-aout-lussas","status":"publish","type":"post","link":"http:\/\/bauclassroom.com\/info\/2020\/09\/29\/rencontres-d-aout-lussas\/","title":{"rendered":"Rencontres D Aout Lussas"},"content":{"rendered":"<p>Le festival est associ\u00e9 \u00e0 la, une entit\u00e9 cr\u00e9\u00e9e en 1994 par les organisateurs du festival qui permet aux r\u00e9alisateurs de d\u00e9poser leurs \u0153uvres pour avoir un acc\u00e8s exclusif aux autres \u0153uvres d\u00e9pos\u00e9es. \u00c0 peu pr\u00e8s 1 000 films sont d\u00e9pos\u00e9s chaque ann\u00e9e. Article cr\u00e9\u00e9 le 29082016 Mis \u00e0 jour le 29082016  Mais lheure est maintenant aux \u00e9lections, et lopposition aid\u00e9e par la mafia veut se d\u00e9barrasser du maire de gauche. Haldes, ateliers de m\u00e9tallurgie, forges et autres structures de travail, mais techniques et de la comprendre dans son contexte historique. Mis \u00e0 jour le 27052020 par Office de Tourisme C\u00e9vennes dArd\u00e8che Dans ces tentatives de revenir sur lHistoire ou bien celles de saisir des bouleversements en cours le cin\u00e9ma documentaire n\u00e9cessite une certaine distance, dembl\u00e9e celle du regard, qui nest pas antinomique dun engagement et dune implication. Ce regard et sa mise en sc\u00e8ne \u00e9laborent le r\u00e9cit, construisent une repr\u00e9sentation. Les images qui nous arrivent des r\u00e9volutions et des r\u00e9voltes daujourdhui t\u00e9moignent dune urgence, dune lutte et dune r\u00e9pression violente et meurtri\u00e8re. Que nous montrent ces images? Que nous racontent-elles? \u00c0 quoi nous engagent-elles? Mis \u00e0 jour le 13072018 par Office de Tourisme Porte de Dr\u00f4mArd\u00e8che  R\u00e9unis en bin\u00f4mes, les lecteurrices rencontrent les participants dans le cadre de rendez-vous individuels de 45 minutes. Ces entretiens, pr\u00e9vus sur deux journ\u00e9es permettent de faire progresser le projet et laptitude du r\u00e9alisateurrice et du producteurrice \u00e0 dialoguer avec des acteurs du financement du film. Ces derniers proposent en effet une analyse approfondie de chaque projet au-del\u00e0 des imp\u00e9ratifs stricts de leur propre programmation ou politique daide financi\u00e8re. -Samedi 25 et Dimanche 26 janvier : Stage et concert au festival Harpes dExil \u00e0 Caen 14 <img decoding=\"async\" src=\"http:\/\/documents.dwpro.fr\/images\/arimage1\/38397_Capturedecran2017-10-09a16.57.24.png\" alt=\"rencontres d aout lussas\" align=\"left\"> minerari Toscane-Italie, enceintes fortifi\u00e9es dans le territoire de ST ANDEOL DE VALS vendredi 6 septembre ASTERIX LE SECRET DE LA POTION MAGIQUE-Ouverture : Du 0504 au 2806, tous les vendredis de 16h30 \u00e0 18h. Projet ambitieux mais non sans risque, T\u00ebnk sengage \u00e0 diffuser et \u00e0 produire les films dauteurs. A diffuser des coups de coeur d\u00e9nich\u00e9s en festival, \u00e0 permettre l\u00e9change entre spectateurs, r\u00e9alisateurs, producteurs, distributeurs T\u00ebnk, cest lavenir du documentaire de cr\u00e9ation. Lid\u00e9e est de continuer \u00e0 b\u00e9n\u00e9ficier de lappui vital des structures culturelles CNC, fonds europ\u00e9ens mais de saffranchir des financements des cha\u00eenes de t\u00e9l\u00e9vision en sappuyant sur le financement participatif du public.-Vendredi 23 ao\u00fbt : Concert dans la chapelle de la Neyli\u00e8re \u00e0 Pomeys 69 naturelles sur le d\u00e9roulement de lactivit\u00e9 g\u00e9ologie et g\u00eetologie, hydrologie, Autres dates 21062020 28062020 05072020 12072020 <img decoding=\"async\" src=\"http:\/\/p.calameoassets.com\/091113142122-6732b05e59a77682fb1d35a5d2d9ea09\/p1.jpg\" alt=\"rencontres d aout lussas\" align=\"right\"> <img decoding=\"async\" src=\"http:\/\/ekladata.com\/udnDW14465oNRaGFoKrFiCpSA8c@500x667.jpg\" alt=\"rencontres d aout lussas\" align=\"center\">.<\/p>\n","protected":false},"excerpt":{"rendered":"<p>rencontres d aout lussas<\/p>\n","protected":false},"author":1,"featured_media":0,"comment_status":"closed","ping_status":"closed","sticky":false,"template":"","format":"standard","meta":{"footnotes":""},"categories":[1],"tags":[],"_links":{"self":[{"href":"http:\/\/bauclassroom.com\/info\/wp-json\/wp\/v2\/posts\/4567"}],"collection":[{"href":"http:\/\/bauclassroom.com\/info\/wp-json\/wp\/v2\/posts"}],"about":[{"href":"http:\/\/bauclassroom.com\/info\/wp-json\/wp\/v2\/types\/post"}],"author":[{"embeddable":true,"href":"http:\/\/bauclassroom.com\/info\/wp-json\/wp\/v2\/users\/1"}],"replies":[{"embeddable":true,"href":"http:\/\/bauclassroom.com\/info\/wp-json\/wp\/v2\/comments?post=4567"}],"version-history":[{"count":1,"href":"http:\/\/bauclassroom.com\/info\/wp-json\/wp\/v2\/posts\/4567\/revisions"}],"predecessor-version":[{"id":4568,"href":"http:\/\/bauclassroom.com\/info\/wp-json\/wp\/v2\/posts\/4567\/revisions\/4568"}],"wp:attachment":[{"href":"http:\/\/bauclassroom.com\/info\/wp-json\/wp\/v2\/media?parent=4567"}],"wp:term":[{"taxonomy":"category","embeddable":true,"href":"http:\/\/bauclassroom.com\/info\/wp-json\/wp\/v2\/categories?post=4567"},{"taxonomy":"post_tag","embeddable":true,"href":"http:\/\/bauclassroom.com\/info\/wp-json\/wp\/v2\/tags?post=4567"}],"curies":[{"name":"wp","href":"https:\/\/api.w.org\/{rel}","templated":true}]}}