{"id":465,"date":"2020-09-19T09:42:29","date_gmt":"2020-09-19T09:42:29","guid":{"rendered":"http:\/\/bauclassroom.com\/info\/?p=465"},"modified":"2020-09-18T20:26:18","modified_gmt":"2020-09-18T20:26:18","slug":"rencontre-rajoelina-ravalomanana","status":"publish","type":"post","link":"http:\/\/bauclassroom.com\/info\/2020\/09\/19\/rencontre-rajoelina-ravalomanana\/","title":{"rendered":"Rencontre Rajoelina Ravalomanana"},"content":{"rendered":"<p>COSAFA Cup U-20: les Barea battus en demi-finales par les Bafana Bafana  ls nous ont fait trembler, mais ils ont prouv\u00e9 quils ont du talent \u00e0 revendre. Les Barea qui participent \u00e0 la CHAN 2020 nont pas failli lors de ce match retour au Mozambique. Ce d\u00e9put\u00e9 de Toamasina I na pas cach\u00e9 sa d\u00e9ception quant \u00e0 la situation qui r\u00e8gne actuellement dans le pays. Dans la m\u00eame foul\u00e9e, il estime ainsi que la crise sanitaire est mal g\u00e9r\u00e9e. C\u00e9tait lors dune conf\u00e9rence de presse quil a tenue hier, au Kudeta, au Carlton. Il a tenu ainsi \u00e0 souligner que le m\u00e9dicament a \u00e9t\u00e9 trouv\u00e9,seulement ce nest pas suffisant. Et de continuer que de plus en plus de gens fuient les centres m\u00e9dicaux. La raison en est, a-t-il soulign\u00e9, que les lieux o\u00f9 ils ont \u00e9t\u00e9 h\u00e9berg\u00e9s sont tr\u00e8s inconfortables et que la restauration laisse \u00e0 d\u00e9sirer. Et ce nest pas seulement le coronavirus qui en est \u00e0 lorigine des d\u00e9c\u00e8s mais cest aussi linsuffisance nutritionnelle li\u00e9e notamment au probl\u00e8me \u00e9conomique. Sans parler de ceux qui sont en ch\u00f4mage technique. Ils sont au nombre de 3.000 \u00e0 Toamasina, actuellement, a-t-il soutenu. Le cas de la fermeture dAmbatovy na fait quaggraver la situation. Et dans le cas des \u00e9parses-TAAF-les remont\u00e9es vers les d\u00e9put\u00e9s sont en cours. Randria N,, www.madagascar-tribune.com, 7 janvier 2008 consult\u00e9 le 6 octobre 2018 Merci daccepter les conditions dutilisation en scrollant jusqu\u00e0 la fin du texte. Des l\u00e9gislatives devraient \u00eatre jumel\u00e9es avec le second tour de la pr\u00e9sidentielle et suivies de municipales le 23 octobre, selon le calendrier annonc\u00e9 le 1er ao\u00fbt par la commission \u00e9lectorale malgache C\u00e9nit. Les deux rivaux ont quitt\u00e9 les lieux sans faire de commentaires apr\u00e8s une rencontre qui a dur\u00e9 un peu moins dune heure. Larchev\u00eaque Odon Razanakolona a lu au nom des m\u00e9diateurs un communiqu\u00e9 selon lequel les deux rivaux se sont engag\u00e9s \u00e0 se rencontrer \u00e0 nouveau et \u00e0 ne pas inciter \u00e0 des troubles. Aucune date na \u00e9t\u00e9 fix\u00e9e pour cette nouvelle rencontre. Le chef de lopposition demande lannulation des manifestations Ils ont \u00e9t\u00e9 mat\u00e9s dans la soir\u00e9e, et leur chef, qui avait \u00e9t\u00e9 garde du corps dun ancien ministre de la D\u00e9fense, a \u00e9t\u00e9 abattu. Le Pasteur Mailhol sera candidat aux \u00e9lections pr\u00e9sidentielles de 2018. Il a annonc\u00e9 cette candidature lors de la c\u00e9l\u00e9bration des 20 ann\u00e9es de la radio Fanambarana, dimanche 6 aout, au Colis\u00e9um \u00e0 Antsonjombe. Il ne lui reste donc plus que la confirmation officielle de son parti politique GFFM Gideona ho fandresena ny fahantrana eto Madagasikara. Virus: les gouvernements sur le banc des accus\u00e9s, craintes dune deuxi\u00e8me vague comment peut-on croire \u00e0 cette mascarade et ensuite chercher toujours des \u00e9chappatoires et des circonstances att\u00e9nuantes \u00e0 chacun des trois voleurs-menteurs-corrompus ayant foutus ce pays dans une mis\u00e8re indescriptible. <img decoding=\"async\" src=\"http:\/\/matv.mg\/wp-content\/uploads\/2015\/05\/445.jpg\" alt=\"rencontre rajoelina ravalomanana\" align=\"center\"> Il est clair que larm\u00e9e tient un r\u00f4le charni\u00e8re dans la crise actuelle. Elle ne peut nier sa responsabilit\u00e9 dans le pourrissement actuel de la situation \u00e0 travers le choix clairement affich\u00e9 de faire front contre le retour de lEx. Sa prise de position contribue au maintien dun artificiel rapport de force en faveur du camp du Futur Ex-Andry Rajoelina, \u00e0 d\u00e9faut d\u00e9lection. Dautre part, personne ne peut contester que les outils juridiques et institutionnels adopt\u00e9s et institu\u00e9s en vue de lorganisation des prochaines \u00e9ch\u00e9ances \u00e9lectorales font pour linstant lobjet de r\u00e9serves si ce ne sont des r\u00e9ticences de toute part. Dans l\u00e9ventualit\u00e9 de la participation de lEx-et du Futur Ex-\u00e0 la prochaine pr\u00e9sidentielle, toutes les hypoth\u00e8ses d\u00e9bouchent sur une issue chaotique. La solution ni..ni serait lunique combinaison dans laquelle le peuple pourrait \u00eatre le vrai gagnant de la prochaine pr\u00e9sidentielle.  \u00c7a fait combien de fois quil y a eu des rencontres, combien de fois des accords ont \u00e9t\u00e9 sign\u00e9s? La derni\u00e8re rencontre avec la feuille de route na rien donn\u00e9. Dans lapplication, on ne suit pas, on napplique pas ce qui a \u00e9t\u00e9 sign\u00e9. Dun c\u00f4t\u00e9 comme de lautre. M\u00eame sils se r\u00e9concilient aux Seychelles, je ne pense pas que cela va aboutir \u00e0 quelque chose de positif. LAriary continue de se d\u00e9gringoler par rapport aux devises de r\u00e9f\u00e9rence. Photo darchives  Actu Sports R\u00e9gions Conso M\u00e9dias Lifestyle people Buzz Nos podcasts La crise politique, n\u00e9e de la prise de pouvoir de M. Rajoelina, alors maire dAntananarivo, lors dune r\u00e9volte populaire d\u00e9but 2009, sest doubl\u00e9e dune grave crise \u00e9conomique et sociale. <img decoding=\"async\" src=\"http:\/\/mudus.gq\/wp-content\/uploads\/cache\/\/noeStarter\/images\/220__180__crop__~wp-content~uploads~noesit~medias~153290~p1140183.jpg\" alt=\"rencontre rajoelina ravalomanana\" align=\"right\"> <img decoding=\"async\" src=\"http:\/\/2.bp.blogspot.com\/-DpgE7oauGvw\/T4BAve8ySlI\/AAAAAAAASLQ\/9dSF2WwCEs4\/s1600\/ravalorajoelina.jpg\" alt=\"rencontre rajoelina ravalomanana\" align=\"left\"> On ne peut rien dire de plus pour le moment, a-t-il ajout\u00e9, refusant de pr\u00e9ciser la date dune \u00e9ventuelle nouvelle rencontre. Cette gestion du pouvoir la coup\u00e9 progressivement dun certain nombre de franges de la population malgache :-des entrepreneurs tout dabord, trop souvent l\u00e9s\u00e9s par l Etat-Tiko ;-des catholiques qui vivent mal d\u00eatre n\u00e9glig\u00e9s par le Pr\u00e9sident ;-une partie de la haute soci\u00e9t\u00e9 tananarivienne, et de ses grandes familles, qui a vu ses privil\u00e8ges remis en cause ;-ou bien encore surtout les provinces c\u00f4ti\u00e8res qui reprochent au r\u00e9gime de m\u00e9r\u00e9niser le pouvoir 12. Monseigneur Gaetano Di Pierro install\u00e9 \u00e0 Farafangana Le Journal International 2008-2016designed by Le Journal International Devant la force et lenracinement de la protestation populaire qui est quotidienne sur la place du 13 mai devant la mairie centrale de Tananarive, et cela depuis deux semaines, la Haute Cour Constitutionnelle, saisie par lopposition, a tranch\u00e9 le 3 mai : presque tous les articles contest\u00e9s ont \u00e9t\u00e9 extirp\u00e9s autrement dit rejet\u00e9s. Consultez les articles de la rubrique international, 36 Les c\u00f4tes sont majoritairement catholiques et la capitale malgache majoritairement protestante. Cette dichotomie se superpose plus ou moins sur celle distinguant les ethnies c\u00f4ti\u00e8res des Merina.<\/p>\n","protected":false},"excerpt":{"rendered":"<p>rencontre rajoelina ravalomanana<\/p>\n","protected":false},"author":1,"featured_media":0,"comment_status":"closed","ping_status":"closed","sticky":false,"template":"","format":"standard","meta":{"footnotes":""},"categories":[1],"tags":[],"_links":{"self":[{"href":"http:\/\/bauclassroom.com\/info\/wp-json\/wp\/v2\/posts\/465"}],"collection":[{"href":"http:\/\/bauclassroom.com\/info\/wp-json\/wp\/v2\/posts"}],"about":[{"href":"http:\/\/bauclassroom.com\/info\/wp-json\/wp\/v2\/types\/post"}],"author":[{"embeddable":true,"href":"http:\/\/bauclassroom.com\/info\/wp-json\/wp\/v2\/users\/1"}],"replies":[{"embeddable":true,"href":"http:\/\/bauclassroom.com\/info\/wp-json\/wp\/v2\/comments?post=465"}],"version-history":[{"count":1,"href":"http:\/\/bauclassroom.com\/info\/wp-json\/wp\/v2\/posts\/465\/revisions"}],"predecessor-version":[{"id":466,"href":"http:\/\/bauclassroom.com\/info\/wp-json\/wp\/v2\/posts\/465\/revisions\/466"}],"wp:attachment":[{"href":"http:\/\/bauclassroom.com\/info\/wp-json\/wp\/v2\/media?parent=465"}],"wp:term":[{"taxonomy":"category","embeddable":true,"href":"http:\/\/bauclassroom.com\/info\/wp-json\/wp\/v2\/categories?post=465"},{"taxonomy":"post_tag","embeddable":true,"href":"http:\/\/bauclassroom.com\/info\/wp-json\/wp\/v2\/tags?post=465"}],"curies":[{"name":"wp","href":"https:\/\/api.w.org\/{rel}","templated":true}]}}