{"id":4675,"date":"2020-09-29T20:11:28","date_gmt":"2020-09-29T20:11:28","guid":{"rendered":"http:\/\/bauclassroom.com\/info\/?p=4675"},"modified":"2020-09-24T07:39:01","modified_gmt":"2020-09-24T07:39:01","slug":"riom-reliure-rencontre","status":"publish","type":"post","link":"http:\/\/bauclassroom.com\/info\/2020\/09\/29\/riom-reliure-rencontre\/","title":{"rendered":"Riom Reliure Rencontre"},"content":{"rendered":"<p><img decoding=\"async\" src=\"http:\/\/www.legrandaction.com\/images\/r\/rencontres-du-3e-type\/rencontres-du-3e-type-01.jpg\" alt=\"riom reliure rencontre\" align=\"center\">   You have reached your viewing limit for this book. \u03a1\u03b5\u03cd\u03bc\u03b1 \u03b5\u03be\u03cc\u03b4\u03bf\u03c5: 800mA max \u03c3\u03b5 \u03c3\u03c4\u03b1\u03b8\u03b5\u03c1\u03cc \u03c1\u03b5\u03cd\u03bc\u03b1 \u03bb\u03b5\u03b9\u03c4\u03bf\u03c5\u03c1\u03b3\u03af\u03b1\u03c2 Cette ann\u00e9e fut un peu particuli\u00e8re puisquun pays \u00e9tait mis \u00e0 lhonneur : le Japon. Intitul\u00e9s : Reliure de Washi : papier japonais, ces deux jours ont permis de comprendre que la fabrication du papier \u00e9tait profond\u00e9ment li\u00e9e aux conditions \u00e9conomiques, sociales et historiques du Japon, gr\u00e2ce \u00e0 une conf\u00e9rence extr\u00eamement pr\u00e9cise de Marie-Christine Enshaian, professeur \u00e0 lInstitut national du patrimoine, de mieux conna\u00eetre, avec Isabelle Emmerique, peintre laqueur, lhistoire de cette technique, son \u00e9volution et ses perspectives et usages actuels, de visiter une exposition de reliure en papier japonais in\u00e9dite en Europe, pr\u00eat\u00e9e par le Tokyo Bookbinding club, et de terminer par lintervention de peintres et plasticiens, toujours dans ce souhait de donner la parole \u00e0 tous les artistes et artisans. X Fermer la modale suivre cette recherche. M\u00e9moriser la recherche  <img decoding=\"async\" src=\"http:\/\/www.walterpavck.ga\/assets\/templates\/sinfin\/images\/pubs\/villetroyes-pubestacfr.jpg\" alt=\"riom reliure rencontre\" align=\"left\"> Libourne, Quatri\u00e8me Biennale Europ\u00e9enne de la reliure dArt Bruxelles, Bibliotheca Wittockiana Air Neuf prend des couleurs Musique danse : animation \u00e0 19h au ch\u00e2teau de Souys \u00e0 Saint-Menoux pour 2 classes de CE2-CM2 Tous les deux ans, professionnels et passionn\u00e9s se donnent rendez-vous \u00e0 Riom pour cet \u00e9v\u00e9nement d\u00e9di\u00e9 \u00e0 la reliure de cr\u00e9ation et au livre dartistes. Venus de partout en France, et m\u00eame de l\u00e9tranger, artistes et sp\u00e9cialistes se retrouveront d\u00e8s le samedi pour une journ\u00e9e professionnelle sur le th\u00e8me : Collections, Collectionneurs. Gr\u00e2ce \u00e0 lenthousiasme de celles et ceux qui les constituent, les collections de livres dartistes, quelles soient publiques, comme de Riom Communaut\u00e9, ou priv\u00e9es, participes au dynamisme des arts du livre. Louverture au grand public se fera le dimanche avec la pr\u00e9sence de nombreux relieurs internationaux Hugo Liesen, Mechtild Lobisch.. \u00c9diteurs Trames., auteurs Jo\u00ebl Bastard., collectionneurs Michel Wittock.. Et libraire Claude Blaizot. Qui viendront pr\u00e9senter leurs cr\u00e9ations et \u00e9changer avec les visiteurs. Ses cr\u00e9ations sont pens\u00e9es, dessin\u00e9es et con\u00e7ues au sein de son atelier. Chacune dentre elle sont des pi\u00e8ces uniques, faites avec des mat\u00e9riaux de hautes qualit\u00e9s, avec le soin et la passion quelle met dans son travail. La quantit\u00e9 minimale pour pouvoir commander ce produit est 1 Plus tard, Yves Peyr\u00e9, qui a v\u00e9cu \u00e0 Riom et r\u00e9alis\u00e9 un grand nombre de livres illustr\u00e9s et livres dartiste avec des artistes comme Bazaine, Garache, Alechinsky, Tal Coat, Bram Van Velde et bien dautres, accepte le principe dun don dun certain nombre de ses ouvrages, compl\u00e9t\u00e9s par des acquisitions, afin de cr\u00e9er un fonds exhaustif de ses \u0153uvres. Lactualit\u00e9 de la Jimbrt\u00e9e au cours de lann\u00e9e 2012 Air neuf prend des Couleurs Wittockiana. Bruxelles Belgique. Exposition : 3R: Riom Reliure Rencontres 3R: Riom Reliure Rencontres Artistes Contemporains Livre. Edition pr\u00e9par\u00e9e par Gilbert Sigaux. Editions Rencontre, Lausanne, 1968. Dentelle : participation de lAtelier au Couvige de Fontenay le Comte 85 Danse Ados : participation au t\u00e9l\u00e9thon \u00e0 16h30 \u00e0 Avermes <img decoding=\"async\" src=\"http:\/\/www.more.wfcrimewatch.com\/upload\/podcasts\/photos\/normal\/5a5ccd2fc32769.23026091_mini.jpg\" alt=\"riom reliure rencontre\" align=\"center\"> Cette 10\u00e8me \u00e9dition permettra de croiser des collections dans leur diversit\u00e9 et de m\u00e9langer avec bonheur collectionneurs, artistes et publics. Musique danse : \u00e9change avec le groupe Les Sabots dAntoingt \u00e0 Antoingt environs dIssoire-63-pr\u00e9sence dun autre groupe de lAveyron.<\/p>\n","protected":false},"excerpt":{"rendered":"<p>riom reliure rencontre<\/p>\n","protected":false},"author":1,"featured_media":0,"comment_status":"closed","ping_status":"closed","sticky":false,"template":"","format":"standard","meta":{"footnotes":""},"categories":[1],"tags":[],"_links":{"self":[{"href":"http:\/\/bauclassroom.com\/info\/wp-json\/wp\/v2\/posts\/4675"}],"collection":[{"href":"http:\/\/bauclassroom.com\/info\/wp-json\/wp\/v2\/posts"}],"about":[{"href":"http:\/\/bauclassroom.com\/info\/wp-json\/wp\/v2\/types\/post"}],"author":[{"embeddable":true,"href":"http:\/\/bauclassroom.com\/info\/wp-json\/wp\/v2\/users\/1"}],"replies":[{"embeddable":true,"href":"http:\/\/bauclassroom.com\/info\/wp-json\/wp\/v2\/comments?post=4675"}],"version-history":[{"count":1,"href":"http:\/\/bauclassroom.com\/info\/wp-json\/wp\/v2\/posts\/4675\/revisions"}],"predecessor-version":[{"id":4676,"href":"http:\/\/bauclassroom.com\/info\/wp-json\/wp\/v2\/posts\/4675\/revisions\/4676"}],"wp:attachment":[{"href":"http:\/\/bauclassroom.com\/info\/wp-json\/wp\/v2\/media?parent=4675"}],"wp:term":[{"taxonomy":"category","embeddable":true,"href":"http:\/\/bauclassroom.com\/info\/wp-json\/wp\/v2\/categories?post=4675"},{"taxonomy":"post_tag","embeddable":true,"href":"http:\/\/bauclassroom.com\/info\/wp-json\/wp\/v2\/tags?post=4675"}],"curies":[{"name":"wp","href":"https:\/\/api.w.org\/{rel}","templated":true}]}}