{"id":4843,"date":"2020-09-30T01:36:50","date_gmt":"2020-09-30T01:36:50","guid":{"rendered":"http:\/\/bauclassroom.com\/info\/?p=4843"},"modified":"2020-09-24T14:20:26","modified_gmt":"2020-09-24T14:20:26","slug":"de-gaulle-rencontre-franco","status":"publish","type":"post","link":"http:\/\/bauclassroom.com\/info\/2020\/09\/30\/de-gaulle-rencontre-franco\/","title":{"rendered":"De Gaulle Rencontre Franco"},"content":{"rendered":"<p><img decoding=\"async\" src=\"http:\/\/sf.donntu.org\/assets\/images\/sf111622-1-1400x368-33.jpg\" alt=\"de gaulle rencontre franco\" align=\"center\"> Le 14 septembre 1958, le g\u00e9n\u00e9ral de Gaulle accueille sur le perron de sa demeure familiale, la Boisserie, le chancelier allemand Konrad Adenauer.-Rue des ArchivesAGIP 23101939 : Lunit\u00e9 du colonel de Gaulle est pass\u00e9e en revue par Albert Lebrun Le g\u00e9n\u00e9ral Delestraint chef de lArm\u00e9e secr\u00e8te AS  Il faut aussi noter que lAAFC comptait parmi ses membres et dirigeants des personnalit\u00e9s politiques importantes et notamment, la femme dEdgar Faure, linstigateur de la cr\u00e9ation des relations diplomatiques franco-chinoises. En 1957, il effectue un premier voyage en Chine en compagnie de sa femme Lucie. \u00c0 son retour, il r\u00e9digera un livre Le Serpent et la Tortue o\u00f9 il rend compte de ce voyage et consid\u00e8re, dans sa conclusion : Il faut affranchir et d\u00e9velopper des relations de tous ordres, \u00e9conomiques et culturelles avec la Chine. Notre attitude de r\u00e9sistance et de refus va \u00e0 lencontre de ce que nous souhaitons obtenir. Il faut aider la Chine dans limmense effort que tente ce peuple pour sortir de lorni\u00e8re dun retard de plusieurs si\u00e8cles. Il faut laider \u00e0 accomplir sa modernisation, car seule cette modernisation peut la rapprocher de nous, \u00e9conomiquement et politiquement. \u00c9galement ses militants et pr\u00e9pare la distribution dun R\u00e9agir face \u00e0 une crise. Agir pour pr\u00e9parer lapr\u00e8s. <img decoding=\"async\" src=\"http:\/\/www.charles-de-gaulle.org\/wp-content\/uploads\/2018\/05\/DSC_0015.jpg\" alt=\"de gaulle rencontre franco\" align=\"left\"> Dans son r\u00e9giment \u00e0 travers six fronti\u00e8res, op.cit.  Des vols de rapatriement ont \u00e9t\u00e9 mis en place entre le 15 et le 22 juin entre Alger et Paris afin de permettre aux voyageurs fran\u00e7ais coinc\u00e9s en Alg\u00e9rie de rentrer dans lHexagone. Retrouvez les dates et horaires de ces vols. JSF Peut \u00eatre repris \u00e0 condition de citer la source https:www.roger-viollet.frthumbnails20000000040120072_13.thu https:www.roger-viollet.frthumbnails20000000040120072_13.thw Il est plus que temps de commander votre cadeau pour la f\u00eate des m\u00e8res puisque l\u00e9dition 2020 se tient ce week-end, le dimanche 7 juin. Voici quelques id\u00e9es pioch\u00e9es sur le web ainsi que quelques bonnes affaires pour ne pas devoir casser sa tirelire. Le Campus de Coulommiers a \u00e9t\u00e9 s\u00e9lectionn\u00e9 pour int\u00e9grer le projet ERASMUS. D\u00e8s lan prochain quatre jeunes pourront partir pendant un mois le Pr\u00e9sident, Monsieur le Chancelier, apporter lassurance dun travail Oubliez la ferveur du Camp Nou et du Santiago-Bernabeu: le FC Barcelone et le Real Madrid, clubs ayant le plus de revenus au monde, disputeront leur fin de saison dans le silence du huis clos, un cadre inhabituel impos\u00e9 par la pand\u00e9mie de coronavirus. Attaque italienne de l\u00c9gypte britannique : d\u00e9but de la premi\u00e8re campagne de Libye 02011942 : La France Libre adh\u00e8re \u00e0 la d\u00e9claration des Nations Unies On notera quen acceptant daller rendre visite au g\u00e9n\u00e9ral dans sa maison et de passer la nuit sous son toit le chancelier, plus \u00e2g\u00e9 et chef de gouvernement depuis pr\u00e8s de dix ans, a donn\u00e9, de son c\u00f4t\u00e9, gage de sa bonne volont\u00e9 et de son d\u00e9sir dimprimer \u00e0 lentrevue un cachet, non de c\u00e9r\u00e9monie mais de confiance et dintimit\u00e9. La saison 2020 de The Voice a \u00e9t\u00e9 longue. Comment se sont d\u00e9brouill\u00e9s les candidats choisis par les coachs cette ann\u00e9e? On fait le point sur leur p\u00e9riple dans l\u00e9mission. Prisonnier au camp allemand de, le capitaine de Gaulle sert la soupe \u00e0 ses camarades, vers 1916-1917. <img decoding=\"async\" src=\"http:\/\/www.lycee-charlesdegaulle.fr\/site\/images\/20180530-Latitude21\/latitude21.jpg\" alt=\"de gaulle rencontre franco\" align=\"center\"> Let us know what youve done that caused this error, what browser youre using, and whether you have any special extensionsadd-ons installed. .<\/p>\n","protected":false},"excerpt":{"rendered":"<p>de gaulle rencontre franco<\/p>\n","protected":false},"author":1,"featured_media":0,"comment_status":"closed","ping_status":"closed","sticky":false,"template":"","format":"standard","meta":{"footnotes":""},"categories":[1],"tags":[],"_links":{"self":[{"href":"http:\/\/bauclassroom.com\/info\/wp-json\/wp\/v2\/posts\/4843"}],"collection":[{"href":"http:\/\/bauclassroom.com\/info\/wp-json\/wp\/v2\/posts"}],"about":[{"href":"http:\/\/bauclassroom.com\/info\/wp-json\/wp\/v2\/types\/post"}],"author":[{"embeddable":true,"href":"http:\/\/bauclassroom.com\/info\/wp-json\/wp\/v2\/users\/1"}],"replies":[{"embeddable":true,"href":"http:\/\/bauclassroom.com\/info\/wp-json\/wp\/v2\/comments?post=4843"}],"version-history":[{"count":1,"href":"http:\/\/bauclassroom.com\/info\/wp-json\/wp\/v2\/posts\/4843\/revisions"}],"predecessor-version":[{"id":4844,"href":"http:\/\/bauclassroom.com\/info\/wp-json\/wp\/v2\/posts\/4843\/revisions\/4844"}],"wp:attachment":[{"href":"http:\/\/bauclassroom.com\/info\/wp-json\/wp\/v2\/media?parent=4843"}],"wp:term":[{"taxonomy":"category","embeddable":true,"href":"http:\/\/bauclassroom.com\/info\/wp-json\/wp\/v2\/categories?post=4843"},{"taxonomy":"post_tag","embeddable":true,"href":"http:\/\/bauclassroom.com\/info\/wp-json\/wp\/v2\/tags?post=4843"}],"curies":[{"name":"wp","href":"https:\/\/api.w.org\/{rel}","templated":true}]}}