{"id":4945,"date":"2020-09-30T09:08:14","date_gmt":"2020-09-30T09:08:14","guid":{"rendered":"http:\/\/bauclassroom.com\/info\/?p=4945"},"modified":"2020-09-24T18:25:20","modified_gmt":"2020-09-24T18:25:20","slug":"rencontre-arles-photo-2011","status":"publish","type":"post","link":"http:\/\/bauclassroom.com\/info\/2020\/09\/30\/rencontre-arles-photo-2011\/","title":{"rendered":"Rencontre Arles Photo 2011"},"content":{"rendered":"<p> 2008-2020 Phototrend-Tous droits r\u00e9serv\u00e9s-propuls\u00e9 par WordPress Chaque ann\u00e9e depuis 2015, Jimei x Arles pr\u00e9sente 8 expositions des Rencontres dArles et une vingtaine dexpositions sur la photographie chinoise et plus largement asiatique. Le laur\u00e9at du Prix d\u00e9couverte d\u00e9cern\u00e9 lors du festival Jimei x Arles b\u00e9n\u00e9ficie lann\u00e9e suivante dune exposition lors des Rencontres dArles. En 2019, un nouveau pris \u00e9tait remis, le Jimei x Arles Women Photography Award, premier pris de photographie en Chine d\u00e9di\u00e9 aux femmes photographes. Bure, V\u00e9ronique de. Auteur Livre Flammarion. Paris 2017 Alors que nous bouclons tout juste notre num\u00e9ro de GEO Histoire consacr\u00e9 \u00e0 la Turquie, nous venons dapprendre la mort du c\u00e9l\u00e8bre photographe Ara G\u00fcler que lon surnommait l\u0152il..  <img decoding=\"async\" src=\"http:\/\/blog.grainedephotographe.com\/wp-content\/uploads\/2011\/08\/cours-photo-paris-stage-photo-rencontre-photographie-arles-%C2%A9-domllorens-st-remy-IMG_7901.jpg\" alt=\"rencontre arles photo 2011\" align=\"left\"> <img decoding=\"async\" src=\"http:\/\/www.herveall.com\/getinter.php?img=Reportages\/Rencontres_Arles_photographie_2011\/rencontres-d-arles-9213.jpg\" alt=\"rencontre arles photo 2011\" align=\"left\"> Projection de La jet\u00e9e avec laimable autorisation de Argos Films Rencontre. Avec JR, Maja Hoffmann, pr\u00e9sidente de la Fondation LUMA et le laur\u00e9at du prix D\u00e9couverte 2011. Anim\u00e9e par Robert Pujade.  En 1970, la premi\u00e8re \u00e9dition des rencontres sest tenue dans la salle dhonneur de lh\u00f4tel de ville, par un soir de juillet dune chaleur \u00e9touffante. Les organisateurs craignaient un ratage pour cette premi\u00e8re soir\u00e9e mais, \u00e0 partir de 21 heures, la foule a envahi la salle, grimpant sur les bancs, occupant lescalier et le hall, pour apercevoir les premi\u00e8res diapositives projet\u00e9es sur un \u00e9cran et comment\u00e9es jusque tr\u00e8s tard dans la nuit. En un demi-si\u00e8cle, les Rencontres dArles ont chang\u00e9. Arles a chang\u00e9. La photographie a chang\u00e9. Mais le lien entre Arles et la photographie sest renforc\u00e9 au fil des ann\u00e9es, au fil des \u00e9ditions, pour des raisons \u00e0 la fois objectives et affectives. Tous les artistes, notamment les peintres derri\u00e8re le plus illustre : Vincent Van Gogh, tous les photographes,La lumi\u00e8re dArles nest pas un hasard dans lhistoire de la photographie 2. Evangelia Kranioti : Les vivants, les morts et ceux qui sont en mer <img decoding=\"async\" src=\"http:\/\/actuphoto.com\/clients\/fichiers\/userfiles\/images\/mosaique_ete.jpg\" alt=\"rencontre arles photo 2011\" align=\"left\"> 28 Davallon distingue ainsi, au sein du monde particulier de lexposition, le monde synth\u00e9tique, r\u00e9e Editeur : Universit\u00e9 Laval Support : Papier et \u00e9lectronique E ISSN : 1920-7344 ISSN imprim\u00e9 : 1189-3788 Du 19 au 22 septembre, pour le dernier week-end des Rencontres toujours tr\u00e8s fr\u00e9quent\u00e9, cest le qui animera lui-aussi le centre-ville avec plus de 200 expositions, performances artistiques, concerts et f\u00eates \u00e0 vivre et \u00e0 d\u00e9couvrir. Parfois trop abstrait, le travail dun jeune chercheur gagne \u00e0 se frotter \u00e0 la cr\u00e9ation, de la m\u00eame fa\u00e7on que se confronter \u00e0 un regard ext\u00e9rieur pos\u00e9 sur son travail peut \u00eatre enrichissant pour un jeune artiste. Comment parler de son \u0153uvre pour lartiste faire parler dune \u0153uvre ou faire parler une \u0153uvre pour un chercheur? Cest autour de cette vaste th\u00e9matique du discours \u00e0 l\u0153uvre que se d\u00e9roulera cette premi\u00e8re universit\u00e9 d\u00e9t\u00e9, qui se propose dexplorer les diff\u00e9rentes instances et modalit\u00e9s du discours sur l\u0153uvre discours de lartiste, du critique, de lhistorien dart, du commissaire dexposition, du blogueur. Dans la perspective des \u00e9lections municipales et communautaires qui se tiendront les 15 et 22 mars 2020, les r\u00e8gles pour le financement de la campagne \u00e9lectorale pour les candidats des communes de 9000 habitants et plus sappliquent depuis le 1er.. Prize for the photographer whose work best expresses the relationship between humans and their environment. The Leica Newcomer Award rewards the work of a young photographer. Philipp J. B\u00f6sel Burkhard Maus, Amin El Dib, Thomas Gosset Val\u00e8re, Hein Gorny, Margret Hoppe, Dietrich Oltmanns But it is impossible to produce exhibitions and equip the venues. International travel has come to a standstill and public gatherings have been banned for the foreseeable future. Health has become the top priority. All of these factors have led us to reluctantly cancel the 2020 Rencontres dArles. Passagers 2008-2010 Rencontres Arles Chris Marker Sue-Elie Andrade-D\u00e9, Graziano Arici Coup de coeur aus Arles, Holger Biermann, Vanessa Deflache, Anton Roland Laub, Sandra Schmalz, Torsten Schumann, Andreas Trogisch.<\/p>\n","protected":false},"excerpt":{"rendered":"<p>rencontre arles photo 2011<\/p>\n","protected":false},"author":1,"featured_media":0,"comment_status":"closed","ping_status":"closed","sticky":false,"template":"","format":"standard","meta":{"footnotes":""},"categories":[1],"tags":[],"_links":{"self":[{"href":"http:\/\/bauclassroom.com\/info\/wp-json\/wp\/v2\/posts\/4945"}],"collection":[{"href":"http:\/\/bauclassroom.com\/info\/wp-json\/wp\/v2\/posts"}],"about":[{"href":"http:\/\/bauclassroom.com\/info\/wp-json\/wp\/v2\/types\/post"}],"author":[{"embeddable":true,"href":"http:\/\/bauclassroom.com\/info\/wp-json\/wp\/v2\/users\/1"}],"replies":[{"embeddable":true,"href":"http:\/\/bauclassroom.com\/info\/wp-json\/wp\/v2\/comments?post=4945"}],"version-history":[{"count":1,"href":"http:\/\/bauclassroom.com\/info\/wp-json\/wp\/v2\/posts\/4945\/revisions"}],"predecessor-version":[{"id":4946,"href":"http:\/\/bauclassroom.com\/info\/wp-json\/wp\/v2\/posts\/4945\/revisions\/4946"}],"wp:attachment":[{"href":"http:\/\/bauclassroom.com\/info\/wp-json\/wp\/v2\/media?parent=4945"}],"wp:term":[{"taxonomy":"category","embeddable":true,"href":"http:\/\/bauclassroom.com\/info\/wp-json\/wp\/v2\/categories?post=4945"},{"taxonomy":"post_tag","embeddable":true,"href":"http:\/\/bauclassroom.com\/info\/wp-json\/wp\/v2\/tags?post=4945"}],"curies":[{"name":"wp","href":"https:\/\/api.w.org\/{rel}","templated":true}]}}