{"id":5009,"date":"2020-09-30T18:11:52","date_gmt":"2020-09-30T18:11:52","guid":{"rendered":"http:\/\/bauclassroom.com\/info\/?p=5009"},"modified":"2020-09-24T20:49:59","modified_gmt":"2020-09-24T20:49:59","slug":"les-rencontres-de-arles-2011","status":"publish","type":"post","link":"http:\/\/bauclassroom.com\/info\/2020\/09\/30\/les-rencontres-de-arles-2011\/","title":{"rendered":"Les Rencontres De Arles 2011"},"content":{"rendered":"<p> 40Si cette originalit\u00e9 contextuelle et formelle semble pouvoir assurer la saillance de la pr\u00e9sentation des Cor\u00e9ennes, la question demeure au sujet, sinon de son effet r\u00e9el sur la perception des visiteurs, du moins de laspectualit\u00e9 de cette saillance. Ne fonctionne-t-elle que lors de larriv\u00e9e dans la salle, lors du premier point de vue circulaire sur lespace qui permet daccommoder sa vis\u00e9e \u00e0 ce qui a d\u00e9j\u00e0 \u00e9t\u00e9 globalement per\u00e7u? Que devient dans un point de vue rapproch\u00e9 cette configuration presque d\u00e9li\u00e9e, plus connexe que concentr\u00e9e? Est-elle de fait en concurrence avec la perception des photos et, sinon, que nous laisse-t-elle ou fait-elle voir \u00e0 leur sujet? Cest \u00e0 Hong Kong qua commenc\u00e9 l\u00e9tude de Michael Wolf sur la vie urbaine contemporaine. Sy \u00e9tant install\u00e9 en 1994, cette ville est naturellement devenue son terrain de jeu visuel et le sujet de nombre de ses s\u00e9ries de photographies. Dans Architecture of Density, il porte son attention sur larchitecture de Hong Kong, lune des villes les plus dens\u00e9ment peupl\u00e9es de la plan\u00e8te, dans laquelle la majorit\u00e9 de la population vit dans des gratte-ciels de b\u00e9ton. Larchitecture de la ville r\u00e9pond \u00e0 une exigence de fonction plut\u00f4t que de forme, et une tour ne peut \u00eatre bien distingu\u00e9e de sa voisine que par les gammes de couleur de sa fa\u00e7ade. Lan prochain jesp\u00e8re pouvoir my rendre et faire un petit stage.. Entre le 4 juillet et le 18 septembre 2011, 84 000 visiteurs se sont rendus \u00e0 Arles pour assister \u00e0 la 42e \u00e9dition des Rencontres photographiques. Cest un record daffluence : l\u00e9dition 2011 a augment\u00e9 sa fr\u00e9quentation de 15 par rapport \u00e0 lann\u00e9e 2010. Prix du Livre : Objets de Secker Warburg ; mentions \u00e0 Syntax de Lustrum Press et Stieglitz de Callaway Editions Hong Kong Corner Houses r\u00e9v\u00e8le la capacit\u00e9 de Wolf \u00e0 voir au-del\u00e0 de lapparente banalit\u00e9 du vernaculaire. En photographiant ces curiosit\u00e9s architecturales, Wolf documente un ph\u00e9nom\u00e8ne urbain fr\u00e9quemment n\u00e9glig\u00e9 et nous rappelle que ces accidents de la vie dune ville m\u00e9ritent aussi d\u00eatre pr\u00e9serv\u00e9s. Street View 2008-2011 La collection re\u00e7oit \u00e0 partir de 2015 de nouvelles \u0153uvres sous la modalit\u00e9 de la dotation. La collection redevient un t\u00e9moin historique et patrimonial de chaque \u00e9dition du festival. Galerie 2: exposition aux Rencontres dArles 2011 des affiches et travaux de Michel Bouvet pour la manifestation: <img decoding=\"async\" src=\"http:\/\/www.universali-thde.cf\/fileadmin\/_processed_\/0\/2\/csm_Les_animations_seniors_-_Septembre_2017__10__ddad97bded.jpg\" alt=\"les rencontres de arles 2011\" align=\"left\"> Lancement du projet coop\u00e9ratif de lassociation A Travers le Paysage Nous avons envie de vous emmener dans le monde de la photographie en toute simplicit\u00e9. Nous voudrions vous prouver que lon peut, sans \u00eatre intimid\u00e9 et sans se ruiner, devenir collectionneur. Du 1er au 7 juillet se d\u00e9roule la semaine douverture du festival : rencontres avec les photographes et commissaires, d\u00e9dicaces, d\u00e9bats, conf\u00e9rences.. De nombreux rendez-vous attendent les amateurs. Les ateliers pour les enfants LANDOWSKI, \u00c9ric 2007 Le papillon t\u00eate de Janus : \u00e0 propos de S\u00e9mantique structurale quarante ans apr\u00e8s, Recherches s\u00e9miotiques En ligne.. Page consult\u00e9e le 7 d\u00e9cembre 2011. <img decoding=\"async\" src=\"http:\/\/www.paulgertz.com\/wp-content\/uploads\/2011\/07\/arles2011-520x245.jpg\" alt=\"les rencontres de arles 2011\" align=\"left\"> En poursuivant votre navigation sur ce site, vous acceptez lutilisation de cookies pour vous proposer des services et offres adapt\u00e9s \u00e0 vos centres dint\u00e9r\u00eat. <img decoding=\"async\" src=\"http:\/\/gsreenteam.ga\/wp-content\/medias\/2017\/04\/photo-17-03-2017-10-40-20-e1491414267595-1950x2600.jpg\" alt=\"les rencontres de arles 2011\" align=\"center\"> TARIF R\u00c9DUIT NOMINATIF \u00c9tudiants, demandeurs demploi, familles nombreuses, accompagnateurs de personne handicap\u00e9e, Pass Carmillon, adh\u00e9rents ADAGP. Le billet r\u00e9serv\u00e9 en ligne avec un tarif pr\u00e9f\u00e9rentiel devra \u00eatre retir\u00e9 en caisse dans lune des billetteries du festival sur pr\u00e9sentation dun justificatif et dune pi\u00e8ce didentit\u00e9 du porteur de billet. AMERICA GREAT AGAIN Raymond Depardon USA, 1968-1999 La dune bourse curatoriale est un ensemble tr\u00e8s politique, mais aussi po\u00e9tique, assembl\u00e9 par le curateur hongrois sur les murs en Europe, \u00e0 partir dimages de toutes provenances, photojournalistes, artistes, t\u00e9moins, militants, migrants eux-m\u00eames. Il sagit de murs, physiques pour la plupart, classifi\u00e9s ici en murs dinfluence, murs de s\u00e9gr\u00e9gation et murs de contre migrations, mais qui tous ont pour but de rejeter, dexclure, denfermer. Il ne sagit que de fronti\u00e8res terrestres europ\u00e9ennes, donc le choix du curateur a exclu le mur de lapartheid isra\u00e9lien et Frontex en M\u00e9diterran\u00e9e m\u00eame si Ceuta et Melilla sont incluses, ce qui fait que la plupart des murs \u00e9voqu\u00e9s ici sont de relativement basse intensit\u00e9. Trente ans apr\u00e8s la chute du rideau de fer, un Hongrois dont le pays fut un des premiers \u00e0 souvrir en 1989 et est aujourdhui un des plus anti-migrants nous montre la r\u00e9surgence des divisions, des fermetures, des exclusions. Les formes sont toujours les m\u00eames : b\u00e9ton, barbel\u00e9s, cam\u00e9ras, d\u00e9tection \u00e9lectronique, miradors; un des artistes, le Croate, d\u00e9tourne ces moyens en prenant des avec de telles cam\u00e9ras thermiques, des images op\u00e9rationnelles en haut. Parmi les murs dit dinfluence, beaucoup sont aux fronti\u00e8res de la Russie avec les \u00e9tats voisins, chacun tentant de se prot\u00e9ger de linfluence de lautre. Les plus anciens sont \u00e0 Chypre entre Grecs et Turcs et \u00e0 Gibraltar. Lexposition inclut aussi les murs \u00e9lectroniques et les murs prot\u00e9geant les ambassades souvent interdits de photographie : ci-dessus, une image de Google Street View reprise par le photographe hongrois, avec les flics qui tentent dintervenir. Jos\u00e9 Palazon, ST, Melilla, 22 octobre 2014 Mine de rien il travaille un peu tous les jours. Mine de rien il ne dort pas mais il cause! Plongeon dans lunivers intrigant du photographe, lun des plus influents de ce d\u00e9but du XXIe si\u00e8cle, qui propose \u00e9galement, une installationexposition in\u00e9dite dans le cadre des Rencontres de la photographie dArles, cet \u00e9t\u00e9.   Du 19 au 22 septembre, pour le dernier week-end des Rencontres toujours tr\u00e8s fr\u00e9quent\u00e9, cest le qui animera lui-aussi le centre-ville avec plus de 200 expositions, performances artistiques, concerts et f\u00eates \u00e0 vivre et \u00e0 d\u00e9couvrir. Si le scientifique nous apprend des choses sur lart, lartiste nous en dit aussi sur la science. Depuis sa naissance en 1964, lInserm a dans ses missions fondatrices la promotion de la culture scientifique et la diffusion des savoirs. La science et la soci\u00e9t\u00e9 \u00e9changent en permanence dans les d\u00e9mocraties, et tous les territoires de ce dialogue doivent \u00eatre explor\u00e9s : lart est lun de ces territoires. Le partenariat de lInserm avec l\u00c9cole nationale sup\u00e9rieure de la photographie dArles sinscrit dans cette d\u00e9marche : \u00e0 loccasion des r\u00e9sidences de La Recherche de lart, les jeunes dipl\u00f4m\u00e9s de lENSP posent leur regard photographique sur la vie des laboratoires scientifiques. Ce travail photographique est pr\u00e9cieux pour lInserm, car il dit \u00e0 nos chercheurs, ing\u00e9nieurs, techniciens, personnels administratifs une part de ce quils sont et de ce quils font. Le laboratoire est par nature un espace plut\u00f4t intime, ferm\u00e9, la photographie lui renvoie une image de son existence et de sa production, en m\u00eame temps quil louvre et lexpose \u00e0 tous les regards. Il y a ainsi une science contemporaine, comme il y a un art contemporain : La Recherche de lart les r\u00e9v\u00e8le aux publics.<\/p>\n","protected":false},"excerpt":{"rendered":"<p>les rencontres de arles 2011<\/p>\n","protected":false},"author":1,"featured_media":0,"comment_status":"closed","ping_status":"closed","sticky":false,"template":"","format":"standard","meta":{"footnotes":""},"categories":[1],"tags":[],"_links":{"self":[{"href":"http:\/\/bauclassroom.com\/info\/wp-json\/wp\/v2\/posts\/5009"}],"collection":[{"href":"http:\/\/bauclassroom.com\/info\/wp-json\/wp\/v2\/posts"}],"about":[{"href":"http:\/\/bauclassroom.com\/info\/wp-json\/wp\/v2\/types\/post"}],"author":[{"embeddable":true,"href":"http:\/\/bauclassroom.com\/info\/wp-json\/wp\/v2\/users\/1"}],"replies":[{"embeddable":true,"href":"http:\/\/bauclassroom.com\/info\/wp-json\/wp\/v2\/comments?post=5009"}],"version-history":[{"count":1,"href":"http:\/\/bauclassroom.com\/info\/wp-json\/wp\/v2\/posts\/5009\/revisions"}],"predecessor-version":[{"id":5010,"href":"http:\/\/bauclassroom.com\/info\/wp-json\/wp\/v2\/posts\/5009\/revisions\/5010"}],"wp:attachment":[{"href":"http:\/\/bauclassroom.com\/info\/wp-json\/wp\/v2\/media?parent=5009"}],"wp:term":[{"taxonomy":"category","embeddable":true,"href":"http:\/\/bauclassroom.com\/info\/wp-json\/wp\/v2\/categories?post=5009"},{"taxonomy":"post_tag","embeddable":true,"href":"http:\/\/bauclassroom.com\/info\/wp-json\/wp\/v2\/tags?post=5009"}],"curies":[{"name":"wp","href":"https:\/\/api.w.org\/{rel}","templated":true}]}}