{"id":5147,"date":"2020-09-30T20:05:53","date_gmt":"2020-09-30T20:05:53","guid":{"rendered":"http:\/\/bauclassroom.com\/info\/?p=5147"},"modified":"2020-09-25T02:14:10","modified_gmt":"2020-09-25T02:14:10","slug":"rencontre-hollande-merkel-tapis-rouge","status":"publish","type":"post","link":"http:\/\/bauclassroom.com\/info\/2020\/09\/30\/rencontre-hollande-merkel-tapis-rouge\/","title":{"rendered":"Rencontre Hollande Merkel Tapis Rouge"},"content":{"rendered":"<p>On vous a fait du Hollande \u00e0 la Macron, maintenant on va vous faire du Macron \u00e0 la Hollande. Ces cris-l\u00e0, ils ne les avaient pas entendus de tout le confinement: les rhinoc\u00e9ros Angus et Wami sortent de leur loge pour retrouver leur public humain et les bruits denfants, qui ont repeupl\u00e9 gaiement les all\u00e9es du parc zoologique de Paris lundi, apr\u00e8s trois mois de fermeture. <img decoding=\"async\" src=\"http:\/\/img.over-blog-kiwi.com\/0\/93\/32\/44\/20150628\/ob_a8a412_christine-lagarde-sommet-europeen.jpg\" alt=\"rencontre hollande merkel tapis rouge\" align=\"right\"> Poutine et Obama ont \u00e9chang\u00e9 un l\u00e9ger sourire. Cela en dirait-il long sur leur pr\u00e9c\u00e9dente conversation? Les gens dont je fais partie se consid\u00e8rent comme normaux : on pense avoir une vie normale, cest-\u00e0-dire quelle ne se d\u00e9roule ni \u00e0 Davos, ni \u00e0 Cannes, quon ne se prend pas r\u00e9guli\u00e8rement les pieds dans un tapis rouge, quon ne se pose pas la question de savoir par lequel des soixante quatorze couverts il faut commencer le repas bref, pas de tralala : on g\u00e8re la maison, le boulot, les gosses et cest d\u00e9j\u00e0 beaucoup! Mais cest normal. On regarde le voisin, et on se reconnait en lui, car comme nous, il a tendance \u00e0 se laisser pousser le ventre, ou le front, ou les deux sil exag\u00e8re. Gauche et la Droite en vingt le\u00e7ons Laurent Gerra. Paris : Fetjaine, 2010, 144 p. En 1981, lors de la pr\u00e9c\u00e9dente passation des pouvoirs droite-gauche, Val\u00e9ry Giscard dEstaing avait essuy\u00e9 des sifflets en partant. Tout doit \u00eatre mis sur la table. Tout ce qui peut contribuer \u00e0 la croissance, aussi bien lam\u00e9lioration de la comp\u00e9titivit\u00e9, que les investissements davenir, que la mobilisation de fonds, que les eurobonds, a-t-il insist\u00e9, alors que la chanceli\u00e8re sest toujours refus\u00e9e \u00e0 toute \u00e9mission dobligations europ\u00e9ennes. Ah oui question de croquant qui sent des pieds du fin fond de sa province : <img decoding=\"async\" src=\"http:\/\/resize-europe1.ladmedia.fr\/img\/var\/europe1\/storage\/images\/media\/images\/poigneetapis\/41141654-1-fre-FR\/poigneetapis.jpg\" alt=\"rencontre hollande merkel tapis rouge\" align=\"right\"> Ces cinq derni\u00e8res ann\u00e9es, Fran\u00e7ois Hollande et Angela Merkel se sont rencontr\u00e9s \u00e0 dinnombrables reprises, \u00e0 loccasion des sommets europ\u00e9ens, du G7 ou du G20, dans les heures sombres des attentats djihadistes de 2015 o\u00f9 \u00e0 Minsk pour une interminable nuit de n\u00e9gociations sur lUkraine rest\u00e9e dans les annales. Jai travaill\u00e9 avec plaisir avec Fran\u00e7ois Hollande, a-t-elle d\u00e9clar\u00e9 lundi lors dune conf\u00e9rence de presse, relevant que m\u00eame sils venaient de familles politiques tr\u00e8s diff\u00e9rentes, ils avaient construit une confiance mutuelle. Nous nous sommes battus ensemble et nous pouvions et pouvons compter lun sur lautre, notamment pour la paix en Ukraine, a-t-elle insist\u00e9. <img decoding=\"async\" src=\"http:\/\/www.reveil-fm.com\/images\/Elie4\/Elie5\/Elie6\/Elie7\/Elie8\/Elie9\/DSC03550.JPG\" alt=\"rencontre hollande merkel tapis rouge\" align=\"left\"> Un grand, tr\u00e8s grand magazine denqu\u00eates, lanc\u00e9 en 1947, agressivement ind\u00e9pendant, et qui a r\u00e9v\u00e9l\u00e9 plusieurs scandales politiques. Depuis sa cr\u00e9ation, le Spiegel a choisi la ligne du journalisme dinvestigation et a d\u00e9clar\u00e9 la guerre \u00e0 la Totalement InGERRAble, \u00e9mission sp\u00e9ciale Laurent Gerra diffus\u00e9e sur le 2 octobre 2010.  Emmenez moi.. Chez Laurent Gerra, documentaire de avec la participation de Laurent Gerra et ses proches diffus\u00e9s le 29 ao\u00fbt 2012 sur  15h58 : La derni\u00e8re arrive mais pas des moindres, il sagit de la Reine dAngleterre En Fran\u00e7ois Hollande, nous aurons vraiment \u00e0 faire au cours de ces cinq prochaines ann\u00e9es \u00e0 une pointure, tel les fran\u00e7ais se plaisent bien justement \u00e0 d\u00e9crire les hommes et les femmes de grande qualit\u00e9.  Cet apr\u00e8s-midi, le Pr\u00e9sident ira \u00e0 lh\u00f4pital militaire Percy, \u00e0 Clamart Hauts-de-Seine, selon une information RTL confirm\u00e9e sur BFM TV par Herv\u00e9 Gattegno, directeur de la r\u00e9daction du JDD. Tenu secret jusqu\u00e0 maintenant, ce d\u00e9placement se fera sans aucun journaliste, uniquement avec un photographe officiel de lElys\u00e9e. Emmanuel Macron ira saluer des soldats gri\u00e8vement bless\u00e9s au combat.<\/p>\n","protected":false},"excerpt":{"rendered":"<p>rencontre hollande merkel tapis rouge<\/p>\n","protected":false},"author":1,"featured_media":0,"comment_status":"closed","ping_status":"closed","sticky":false,"template":"","format":"standard","meta":{"footnotes":""},"categories":[1],"tags":[],"_links":{"self":[{"href":"http:\/\/bauclassroom.com\/info\/wp-json\/wp\/v2\/posts\/5147"}],"collection":[{"href":"http:\/\/bauclassroom.com\/info\/wp-json\/wp\/v2\/posts"}],"about":[{"href":"http:\/\/bauclassroom.com\/info\/wp-json\/wp\/v2\/types\/post"}],"author":[{"embeddable":true,"href":"http:\/\/bauclassroom.com\/info\/wp-json\/wp\/v2\/users\/1"}],"replies":[{"embeddable":true,"href":"http:\/\/bauclassroom.com\/info\/wp-json\/wp\/v2\/comments?post=5147"}],"version-history":[{"count":1,"href":"http:\/\/bauclassroom.com\/info\/wp-json\/wp\/v2\/posts\/5147\/revisions"}],"predecessor-version":[{"id":5148,"href":"http:\/\/bauclassroom.com\/info\/wp-json\/wp\/v2\/posts\/5147\/revisions\/5148"}],"wp:attachment":[{"href":"http:\/\/bauclassroom.com\/info\/wp-json\/wp\/v2\/media?parent=5147"}],"wp:term":[{"taxonomy":"category","embeddable":true,"href":"http:\/\/bauclassroom.com\/info\/wp-json\/wp\/v2\/categories?post=5147"},{"taxonomy":"post_tag","embeddable":true,"href":"http:\/\/bauclassroom.com\/info\/wp-json\/wp\/v2\/tags?post=5147"}],"curies":[{"name":"wp","href":"https:\/\/api.w.org\/{rel}","templated":true}]}}