{"id":5197,"date":"2020-09-30T01:08:05","date_gmt":"2020-09-30T01:08:05","guid":{"rendered":"http:\/\/bauclassroom.com\/info\/?p=5197"},"modified":"2020-09-25T04:13:10","modified_gmt":"2020-09-25T04:13:10","slug":"rencontre-plerin","status":"publish","type":"post","link":"http:\/\/bauclassroom.com\/info\/2020\/09\/30\/rencontre-plerin\/","title":{"rendered":"Rencontre Plerin"},"content":{"rendered":"<p>Quelles solutions dun point de vue technique et environnemental, roman, Grasset, coll. Les \u00c9crits n 2, 1927. Pour toute autre question li\u00e9e \u00e0 votre parcours int\u00e9rimaire en cette p\u00e9riode in\u00e9dite, nous vous invitons \u00e0 consulter notre Les r\u00e9unions, les salutations, les sourires des fr\u00e8res et s\u0153urs en Christ nous manquent, mais la solidarit\u00e9 et la reconnaissance perdurent.  Loccasion de se retrouver lors dun moment convivial pour des \u00e9changes, de nouvelles connections, rencontres, etc. R\u00e9union de rentr\u00e9e : vendredi 18 sept \u00e0 partir de 20h00 \u00e0 lEspace Roger Ollivier Adresse courriel : Cette adresse e-mail est prot\u00e9g\u00e9e contre les robots spammeurs. Vous devez activer le JavaScript pour la visualiser. Exercer son activit\u00e9 de service dans tous les secteurs de la maintenance des v\u00e9hicules de transport routier Ya Skiff \u00e0 Saint Brieuc : un resto, bar \u00e0 vins et \u00e9picerie Replay du 12 juin 2020 Ce soir, concert \u00e0 partir de 20 h. Avec un groupe rock pop local. Ambiance assur\u00e9e. Lundi 18 mars avait lieu une rencontre inter culturelle au Centre Social de Pl\u00e9rin en partenariat avec lassociation UnVsti qui lan\u00e7ait elle-m\u00eame son festival ZTZ Z\u00e9ro \u00e0 la Tol\u00e9rance Z\u00e9ro. <img decoding=\"async\" src=\"http:\/\/www.flaneur-mag.com\/wp-content\/uploads\/2018\/06\/DSC_3828.jpg\" alt=\"rencontre plerin\" align=\"left\">  <img decoding=\"async\" src=\"http:\/\/asso.melodie.free.fr\/img\/initiatives\/vehipole2015.jpg\" alt=\"rencontre plerin\" align=\"left\"> Cette manifestation est \u00e0 destination des personnes en situation de recherche de formation, en reconversion professionnelle etou en r\u00e9flexion sur leur projet professionnel. Mais Louis Guilloux nest pas seulement un spectateur et un chroniqueur de l, il participe \u00e0 lunification des mouvements de r\u00e9sistance des C\u00f4tes-du-Nord. Utilisant ses contacts dans ces milieux, \u00e0 P\u00e2ques 1943 il contribue \u00e0 mettre en relation la r\u00e9sistance communiste Pierre Petit et la r\u00e9sistance catholique labb\u00e9 Ch\u00e9ruel en gestation \u00e0, puis avec les socialistes de qui sont charg\u00e9s dans la r\u00e9gion de mettre sur pied l AS \u00e0 partir de l\u00e9t\u00e9 1943. Deux r\u00e9unions des responsables briochins des mouvements se sont tenues chez lui. Ce qui n\u00e9tait pas sans risques quand on sait que plusieurs dentre eux sont arr\u00eat\u00e9s en 1944, des responsables de, le chef de l Adolphe Vall\u00e9e et les chefs briochins de, labb\u00e9 Fleury et les M\u00e9tairie p\u00e8re et fils, fusill\u00e9s le 10 juillet pr\u00e8s de Guingamp avec 14 autres patriotes. Guilloux est aussi en contact avec Christian le Guern, le responsable de la, futur membre du. \u00c1 la, Louis Guilloux appartient au dirig\u00e9 dans le d\u00e9partement par linstituteur socialiste Jean Devienne alors proche du, membre actif du. De m\u00eame, en 1944, quand un CDL est constitu\u00e9 sous la pr\u00e9sidence de lancien d\u00e9put\u00e9 radical-socialiste, Tonton, qui appara\u00eet dans Les Carnets comme dans, il est probable que les Guilloux ont pr\u00eat\u00e9 leur maison pour au moins une r\u00e9union clandestine de cet organisme de direction de la R\u00e9sistance. On sait que la premi\u00e8re r\u00e9union sest tenue dans la sacristie de l\u00e9glise Saint-Michel, tout pr\u00e8s de chez Louis Guilloux, et que labb\u00e9 Ch\u00e9ruel a \u00e9t\u00e9 charg\u00e9 avec lancien d\u00e9put\u00e9 socialiste finist\u00e9rien, responsable interr\u00e9gional de, de la mise en place des dans lOuest de la France. Deux versions litt\u00e9raires diff\u00e9rentes, exhum\u00e9es des archives Guilloux par Mich\u00e8le Touret et Sylvie Golvet, qui racontent une r\u00e9union de membres du chez le narrateur rendent cette hypoth\u00e8se plausible mais sans aucune certitude. Pr\u00e9cisant les contenus affich\u00e9s, leur fr\u00e9quence et leurs conditions de mise en ligne ; ainsi que vos-Cheveux : Brun-167 cm-Statut civil: C\u00e9libataire-Silhouette : Quelques kilos en trop \u00c9d. Sun, 1973 ; r\u00e9\u00e9ditions sous le titre Ma Bretagne, ed. Folle Avoine, 1993 et 1998. Comment lEglise et les communaut\u00e9s pourraient aider chacun dans sa vie de pri\u00e8re personnelle? Participez \u00e0 notre questionnaire sur la pri\u00e8re. Ils ont pour but de collecter des informations relatives \u00e0 votre navigation et de vous adresser des offres et services personnalis\u00e9s. <img decoding=\"async\" src=\"http:\/\/www.fishalaffiche.com\/wp-content\/uploads\/2015\/08\/thierry-meheust1.jpg\" alt=\"rencontre plerin\" align=\"left\"> Jean-Baptiste Legavre et Mich\u00e8le Touret dir, Un \u00e9crivain dans la presse, Presses universitaires de Rennes, 2012,  \u00e9valuer leur efficacit\u00e9. Cela consiste notamment dans le fait dutiliser des informations collect\u00e9es La Soci\u00e9t\u00e9 des Amis de Louis Guilloux a consacr\u00e9 des Rencontres Louis Guilloux sur cette th\u00e9matique de lamiti\u00e9 des amis, des compagnons au c\u0153ur de la cr\u00e9ation litt\u00e9raire 20 et 21 octobre 2012 et a publi\u00e9 les Actes de ces Rencontres. Yves Loisel, Louis Guilloux 1899-1980 : biographie, Sp\u00e9zet, 1998, 286 p, p. 61 2019 marque une nouvelle \u00e9tape dans la continuit\u00e9 de lhistoire du festival.<\/p>\n","protected":false},"excerpt":{"rendered":"<p>rencontre plerin<\/p>\n","protected":false},"author":1,"featured_media":0,"comment_status":"closed","ping_status":"closed","sticky":false,"template":"","format":"standard","meta":{"footnotes":""},"categories":[1],"tags":[],"_links":{"self":[{"href":"http:\/\/bauclassroom.com\/info\/wp-json\/wp\/v2\/posts\/5197"}],"collection":[{"href":"http:\/\/bauclassroom.com\/info\/wp-json\/wp\/v2\/posts"}],"about":[{"href":"http:\/\/bauclassroom.com\/info\/wp-json\/wp\/v2\/types\/post"}],"author":[{"embeddable":true,"href":"http:\/\/bauclassroom.com\/info\/wp-json\/wp\/v2\/users\/1"}],"replies":[{"embeddable":true,"href":"http:\/\/bauclassroom.com\/info\/wp-json\/wp\/v2\/comments?post=5197"}],"version-history":[{"count":1,"href":"http:\/\/bauclassroom.com\/info\/wp-json\/wp\/v2\/posts\/5197\/revisions"}],"predecessor-version":[{"id":5198,"href":"http:\/\/bauclassroom.com\/info\/wp-json\/wp\/v2\/posts\/5197\/revisions\/5198"}],"wp:attachment":[{"href":"http:\/\/bauclassroom.com\/info\/wp-json\/wp\/v2\/media?parent=5197"}],"wp:term":[{"taxonomy":"category","embeddable":true,"href":"http:\/\/bauclassroom.com\/info\/wp-json\/wp\/v2\/categories?post=5197"},{"taxonomy":"post_tag","embeddable":true,"href":"http:\/\/bauclassroom.com\/info\/wp-json\/wp\/v2\/tags?post=5197"}],"curies":[{"name":"wp","href":"https:\/\/api.w.org\/{rel}","templated":true}]}}