{"id":5255,"date":"2020-10-01T00:13:24","date_gmt":"2020-10-01T00:13:24","guid":{"rendered":"http:\/\/bauclassroom.com\/info\/?p=5255"},"modified":"2020-09-25T06:57:55","modified_gmt":"2020-09-25T06:57:55","slug":"centre-culture-rencontre","status":"publish","type":"post","link":"http:\/\/bauclassroom.com\/info\/2020\/10\/01\/centre-culture-rencontre\/","title":{"rendered":"Centre Culture Rencontre"},"content":{"rendered":"<p>Las suscripciones para entidades incluyen una campa\u00f1a de publicidad a realizar en NAIZ valorada en 500 euros, y una segunda campa\u00f1a que tendr\u00e1 un descuento del 50. El costo de la publicaci\u00f3n del anuncio costo de tarifa est\u00e1 incluido en la suscripci\u00f3n. No est\u00e1n incluidos el dise\u00f1o de im\u00e1genes si es que se necesitaran para la campa\u00f1a, ni la preparaci\u00f3n del elemento publicitario en el formato adecuado, u otros gastos. <img decoding=\"async\" src=\"http:\/\/www.braine-le-chateau.be\/loisirs\/culture\/association-braine-culture\/les-rencontres-medievales-de-braine-le-chateau\/banner.jpg\" alt=\"centre culture rencontre\" align=\"left\"> En cualquier caso, NAIZ no hace suya ni tiene ninguna responsabilidad sobre las afirmaciones u opiniones emitidas por las personas usuarias. \u00c0 partir du mois de mai, possibilit\u00e9 de louer une voiturette 4 places, uniquement pour les personnes \u00e0 mobilit\u00e9 r\u00e9duite. R\u00e9servation pr\u00e9alable 5 jours ouvr\u00e9s, avant la date souhait\u00e9e. Activer JavaScript dans votre navigateur pour acc\u00e9der \u00e0 linscription sur notre site   En poursuivant votre navigation, vous acceptez lutilisation de cookies, nous permettant dassurer le bon fonctionnement du site. Des sketchs qui sortent du d\u00e9j\u00e0-vu, des frimousses pleines de mimiques hilarantes, une complicit\u00e9 qui fait plaisir \u00e0 voir, un talent r\u00e9el et pas que pour la com\u00e9die car dautres surprises vous attendent., on passe un super moment \u00e0 travers ces situations toutes plus cocasses les unes que les autres. Et on a attend avec impatience le prochain! Nomm\u00e9e fin novembre \u00e0 la t\u00eate du centre Pompidou-Metz, la Franco-Italienne Chiara Parisi \u00e9tait rest\u00e9e jusqu\u00e0 pr\u00e9sent discr\u00e8te. R\u00e9put\u00e9e pour sa libert\u00e9 desprit et sa proximit\u00e9 avec les artistes, la nouvelle directrice organise les dix ans du centre Pompidou-Metz du 15 au 17 mai. Une expression du groupe au travers de cr\u00e9ations collectives ; Other media are also published on the NAIZ website, some of which have a print edition GARA, 7K, GAUR8 and MEDIABASK lHEBDO, others an audiovisual format NAIZ IRRATIA and 11TB and yet others a purely digital presence KAZETA and MEDIABASK. The Naiz register is valid also for all those sections included in the domain, such as publications, other media outlets and the NAIZDENDA shop. Indeed, you must be registered before you can purchase any item from the NAIZDENDA shop. <img decoding=\"async\" src=\"http:\/\/cyclechic.eu\/graphics\/copenhagenize_book.jpg\" alt=\"centre culture rencontre\" align=\"right\"> Recherche. Rencontres virtuelles pour entraide r\u00e9elle contre le Covid-19 MEDIABASK LHEBDO est publi\u00e9 tous les jeudis, et le syst\u00e8me dabonnement boucle tous les mardis \u00e0 7h00 du matin. Si vous enclenchez votre abonnement une fois d\u00e9pass\u00e9e cette heure, vous recevrez lhebdo papier \u00e0 partir de la semaine suivante. Les abonnements papier incluent loffre de labonnement num\u00e9rique, qui prendra effet au moment pr\u00e9cis o\u00f9 vous effectuerez labonnement.  <img decoding=\"async\" src=\"http:\/\/www.sauerbruchhutton.de\/images\/PHO_photonics_centre.jpg\" alt=\"centre culture rencontre\" align=\"center\"> \u00e9l\u00e8ves pour des ateliers dans les deux salles p\u00e9dagogiques d\u00e9di\u00e9es, Label dEtat d\u00e9livr\u00e9 par le Minist\u00e8re de la Culture Sur les rives de lOrbieu, devant labbaye de Lagrasse D.R. Cela faisait d\u00e9j\u00e0 un moment que la ministre de la Culture de la F\u00e9d\u00e9ration Wallonie Bruxelles, B\u00e9n\u00e9dicte Linard, demandait cette conf\u00e9rence interminist\u00e9rielle. Un premier pas important, souligne-t-elle. Des th\u00e9matiques abordant des enjeux de soci\u00e9t\u00e9 ou sociaux ;.<\/p>\n","protected":false},"excerpt":{"rendered":"<p>centre culture rencontre<\/p>\n","protected":false},"author":1,"featured_media":0,"comment_status":"closed","ping_status":"closed","sticky":false,"template":"","format":"standard","meta":{"footnotes":""},"categories":[1],"tags":[],"_links":{"self":[{"href":"http:\/\/bauclassroom.com\/info\/wp-json\/wp\/v2\/posts\/5255"}],"collection":[{"href":"http:\/\/bauclassroom.com\/info\/wp-json\/wp\/v2\/posts"}],"about":[{"href":"http:\/\/bauclassroom.com\/info\/wp-json\/wp\/v2\/types\/post"}],"author":[{"embeddable":true,"href":"http:\/\/bauclassroom.com\/info\/wp-json\/wp\/v2\/users\/1"}],"replies":[{"embeddable":true,"href":"http:\/\/bauclassroom.com\/info\/wp-json\/wp\/v2\/comments?post=5255"}],"version-history":[{"count":1,"href":"http:\/\/bauclassroom.com\/info\/wp-json\/wp\/v2\/posts\/5255\/revisions"}],"predecessor-version":[{"id":5256,"href":"http:\/\/bauclassroom.com\/info\/wp-json\/wp\/v2\/posts\/5255\/revisions\/5256"}],"wp:attachment":[{"href":"http:\/\/bauclassroom.com\/info\/wp-json\/wp\/v2\/media?parent=5255"}],"wp:term":[{"taxonomy":"category","embeddable":true,"href":"http:\/\/bauclassroom.com\/info\/wp-json\/wp\/v2\/categories?post=5255"},{"taxonomy":"post_tag","embeddable":true,"href":"http:\/\/bauclassroom.com\/info\/wp-json\/wp\/v2\/tags?post=5255"}],"curies":[{"name":"wp","href":"https:\/\/api.w.org\/{rel}","templated":true}]}}