{"id":5305,"date":"2020-10-01T08:22:10","date_gmt":"2020-10-01T08:22:10","guid":{"rendered":"http:\/\/bauclassroom.com\/info\/?p=5305"},"modified":"2020-09-25T09:22:03","modified_gmt":"2020-09-25T09:22:03","slug":"rencontres-petites-annonces-geneve","status":"publish","type":"post","link":"http:\/\/bauclassroom.com\/info\/2020\/10\/01\/rencontres-petites-annonces-geneve\/","title":{"rendered":"Rencontres Petites Annonces Geneve"},"content":{"rendered":"<p>La crise est presque disparu, le confinement termine-je d\u00e9sires \u00e0 rencontrer une belle femme entre 45.., sur EELV Europe \u00c9cologie les Verts, 1 er juillet 2013 consult\u00e9 le 4 mai 2020 Vends Machine \u00e0 laver S\u00e9chante Samsung de derni\u00e8re g\u00e9n\u00e9ration. Excellent \u00e9tat. Tous les dimanches par le Grand Rabbin Dr. Izhak Dayan enColby Itkowitz et Daniel Patrick Sheehan,,, 10 juin 2013 Ornex 01 France, CHF 599000-charmante maison mitoyenne, calme, dans \u00e9crin verdure, 100 m, 7 pi\u00e8ces, chemin\u00e9e, belle v\u00e9randa 2 \u00e9tages, jardin arbor\u00e9 445 m T\u00e9l 076.360.53.53 Pourquoi ne pas faire une rencontre par annonce? : Pas forc\u00e9ment envie de tourner les bars et les bo\u00eetes pour te rencontrer..pas evident si tu me pla\u00eet \u00e0 la Coop de regarder dans ton..  <img decoding=\"async\" src=\"http:\/\/www.stasjh.tk\/18010-home_default\/box-of-6p-ears-earrings-cubic-zirconia-l15mm-75609.jpg\" alt=\"rencontres petites annonces geneve\" align=\"left\"> Lagenda des Sorties pour c\u00e9libataires de 50 ans et Veuillez signaler votre changement dadresse au Secr\u00e9tariat par t\u00e9l\u00e9phone 41 22 317 89 00, par courrier \u00e0 la Communaut\u00e9 Isra\u00e9lite de Gen\u00e8ve Avenue Dumas, 21 CH 1206 Gen\u00e8ve ou envoyer un mail en indiquant vos nouvelles coordonn\u00e9es \u00e0. Rencontre La protection de lenfant : enjeux et perspectives Nos meilleures pens\u00e9es et souvenirs partag\u00e9s vous accompagnent. Antoine et Anne, les cousins. Le 19 septembre 2013, un ensemble de personnalit\u00e9s interpellent le gouvernement fran\u00e7ais, via une lettre ouverte publi\u00e9e dans le journal, sur un des plus grands scandales de lhistoire du num\u00e9rique et des libert\u00e9s sur lequel la France ne peut demeurer sans voix. \u00c0 travers une p\u00e9tition, ils pr\u00e9conisent notamment le d\u00e9veloppement de solutions de d\u00e9centralis\u00e9es bas\u00e9es sur du et l\u00e9laboration dune mondiale Informatique et Libert\u00e9s.. 1 m 80 pour 78 kg et cheveux ch\u00e2tains courts, sportif et paraissant moins que mon age Confront\u00e9s \u00e0 une menace globale, peu de dirigeants sont sortis du lot. Parmi eux, plusieurs femmes dEtat sont encens\u00e9es. Malgr\u00e9 leur incomp\u00e9tence, les hommes forts nont pas dit leur dernier mot <img decoding=\"async\" src=\"http:\/\/www.topannonces.fr\/Content\/images\/home\/categories\/new_immo.jpg\" alt=\"rencontres petites annonces geneve\" align=\"right\"> PETITES ANNONCES GRATUITES Salon-Salle manger-Chaise Les statistiques chinoises, espagnoles, comme les donn\u00e9es de linstitut sup\u00e9rieur de la sant\u00e9 italien, semblent confirmer ce constat. A l\u00e9chelle mondiale, la part des cas p\u00e9diatriques de Covid-19 est estim\u00e9e entre 1 et 5 de lensemble des cas, indiquait r\u00e9cemment Sant\u00e9 publique France. Les statistiques fran\u00e7aises sont \u00e0 lavenant. Dans son d\u00e9nombrait ainsi quune centaine de jeunes de 14 ans et moins \u00e9taient hospitalis\u00e9s dont une trentaine en r\u00e9animation. Le nombre de cas graves recens\u00e9s parmi les enfants de moins de 15 ans ne repr\u00e9sentait alors que 0,6 du total en France entre le 16 mars et le 12 avril, au moment o\u00f9 l\u00e9pid\u00e9mie \u00e9tait la plus forte, selon lagence.  Lh\u00f4tel Mira, o\u00f9 Edward Snowden,, et se sont rencontr\u00e9s \u00e0. Selon le quotidien isra\u00e9lien, citant les articles parus dans le, le et le le 20 d\u00e9cembre 2013, la NSA, en coop\u00e9ration avec le britannique, interceptait les communications t\u00e9l\u00e9phoniques et \u00e9lectroniques des ambassades isra\u00e9liennes \u00e0 travers le monde dans le cadre dune op\u00e9ration conjointe de surveillance nomm\u00e9e Broadoak, selon, expert de ce quotidien, au moins un ministre de la d\u00e9fense isra\u00e9lien conscient d\u00eatre sur \u00e9coute, aurait intentionnellement transmis des informations qui correspondaient \u00e0 ses objectifs strat\u00e9giques dans le but de d\u00e9sinformer ceux qui l\u00e9coutaient m\u00e9tamorphosant le pr\u00e9dateur en victime. Selon la cha\u00eene de t\u00e9l\u00e9vision isra\u00e9lienne, le Premier ministre aurait \u00e9t\u00e9 aussi mis sur \u00e9coute. Cependant, elle affirme que Netanyahou na pas dordinateur dans son bureau, quil nutilise pas demail et na pas de ligne t\u00e9l\u00e9phonique priv\u00e9e. Une autre cha\u00eene de t\u00e9l\u00e9vision isra\u00e9lienne, Channel 10, rapporte que lorsquil aborde des sujets particuli\u00e8rement sensibles, y compris \u00e0 son domicile priv\u00e9, lui et ses interlocuteurs, envisageant la possibilit\u00e9 quils puissent \u00eatre espionn\u00e9s, sexpriment par gestes et par code et quil conduit ses discussions sur des sujets hautement sensibles uniquement dans les bureaux du quil consid\u00e8re comme \u00e9tant s\u00e9curis\u00e9s. <img decoding=\"async\" src=\"http:\/\/www.ville-geneve.ch\/fileadmin\/public\/images\/agenda_et_actualites\/2011\/ville-est-a-vous-2011.jpg\" alt=\"rencontres petites annonces geneve\" align=\"left\">  Dans la rubrique qui suit vous trouverez les informations utiles qui vous permettront de prendre connaissance des actions \u00e0 entreprendre au cas o\u00f9 un \u00e9v\u00e8nement planifi\u00e9 ou non planifi\u00e9 surviendrait. Nos services restent \u00e0 votre disposition pour toutes questions compl\u00e9mentaires. Lors de la perte dun \u00eatre cher, notre peine est immense. Dans ces moments de douleurs profondes, les gens se rassemblent pour soutenir ceux qui restent. La distance rend ma pr\u00e9sence impossible, cependant, jesp\u00e8re que cette pens\u00e9e sinc\u00e8re de sympathie et de compr\u00e9hension pourra vous \u00eatre dun certain r\u00e9confort. Mes plus sinc\u00e8res condol\u00e9ances. Une bien triste nouvelle en apprenant le d\u00e9c\u00e8s de Carmine, apr\u00e8s 35 ann\u00e9es de jardinage au Rionzi. Toutes nos condol\u00e9ances et notre sympathie. Le pr\u00e9sident Albert MASSARD Hier 06:08Bienvenue sur ma fiche Trav d\u00e9butante \u00e0 la recherche dune complice femmetranstrav pour plaisirs partag\u00e9s. D\u00e9butante ne veut pas dire sans envie d\u00e9voluer et apprendre. N\u00e9anmoins, je demande respect, hygi\u00e8ne et discr\u00e9tion&#8230; Je suis dans la peine mais aussi dans la reconnaissance de tavoir connu. En, sur rt.com, 8 janvier 2014 consult\u00e9 le 7 juin 2014.<\/p>\n","protected":false},"excerpt":{"rendered":"<p>rencontres petites annonces geneve<\/p>\n","protected":false},"author":1,"featured_media":0,"comment_status":"closed","ping_status":"closed","sticky":false,"template":"","format":"standard","meta":{"footnotes":""},"categories":[1],"tags":[],"_links":{"self":[{"href":"http:\/\/bauclassroom.com\/info\/wp-json\/wp\/v2\/posts\/5305"}],"collection":[{"href":"http:\/\/bauclassroom.com\/info\/wp-json\/wp\/v2\/posts"}],"about":[{"href":"http:\/\/bauclassroom.com\/info\/wp-json\/wp\/v2\/types\/post"}],"author":[{"embeddable":true,"href":"http:\/\/bauclassroom.com\/info\/wp-json\/wp\/v2\/users\/1"}],"replies":[{"embeddable":true,"href":"http:\/\/bauclassroom.com\/info\/wp-json\/wp\/v2\/comments?post=5305"}],"version-history":[{"count":1,"href":"http:\/\/bauclassroom.com\/info\/wp-json\/wp\/v2\/posts\/5305\/revisions"}],"predecessor-version":[{"id":5306,"href":"http:\/\/bauclassroom.com\/info\/wp-json\/wp\/v2\/posts\/5305\/revisions\/5306"}],"wp:attachment":[{"href":"http:\/\/bauclassroom.com\/info\/wp-json\/wp\/v2\/media?parent=5305"}],"wp:term":[{"taxonomy":"category","embeddable":true,"href":"http:\/\/bauclassroom.com\/info\/wp-json\/wp\/v2\/categories?post=5305"},{"taxonomy":"post_tag","embeddable":true,"href":"http:\/\/bauclassroom.com\/info\/wp-json\/wp\/v2\/tags?post=5305"}],"curies":[{"name":"wp","href":"https:\/\/api.w.org\/{rel}","templated":true}]}}