{"id":5329,"date":"2020-10-01T00:40:12","date_gmt":"2020-10-01T00:40:12","guid":{"rendered":"http:\/\/bauclassroom.com\/info\/?p=5329"},"modified":"2020-09-25T10:33:07","modified_gmt":"2020-09-25T10:33:07","slug":"rencontre-randens","status":"publish","type":"post","link":"http:\/\/bauclassroom.com\/info\/2020\/10\/01\/rencontre-randens\/","title":{"rendered":"Rencontre Randens"},"content":{"rendered":"<p>Travers\u00e9e de Belledonne J1.Long donc \u00e0 voir en cours de route si faisable. Livres st er ling ou en rand su d-africain plu t\u00f4t que.. Prenez soin de vous et de vos proches, r\u00e9alisez les gestes barri\u00e8res :  l\u00e9crire en caract\u00e8res gras et en rouge, jutilise <img decoding=\"async\" src=\"http:\/\/www.francefestivals.com\/thumb\/cache\/c4476aa1a5d9dc95733268b1a5b485fc\/2898607\/imagefest_fichier_fr_2013.triomphe.r.lleu.et.b.chamayou.img_9104.jpg\" alt=\"rencontre randens\" align=\"left\"> Rejoignez les 70 hommes et 34 femmes qui comme vous cherchent \u00e0 discuter et faire des rencontres \u00e0 proximit\u00e9 de Randens. -Cheveux : Brun p\u00e2le-170 cm-Statut civil: S\u00e9par\u00e9-Silhouette : Taille forte <img decoding=\"async\" src=\"http:\/\/www.mwikrofan.cf\/1295-thickbox_default\/tui-na-la-therapie-par-le-massage-sun-kapner.jpg\" alt=\"rencontre randens\" align=\"center\"> <img decoding=\"async\" src=\"http:\/\/medias.blogbmw.fr\/2015\/10\/dinan-f85-x5-m-f86-x6-m.jpg\" alt=\"rencontre randens\" align=\"left\"> Randonn\u00e9e P\u00e9destre 15 km D920 m 414 vus 19 dl 00:00 Partagez un moment privil\u00e9gi\u00e9 avec un compagnon sportif et attachant. Capifrance vend, pour 59 000,0, dans la ville de Saint-Georges-des-Hurti\u00e8res un terrain de 2462 m. Florence est b\u00e9n\u00e9vole au sein de lAAPPMA de Pont-de-Beauvoisin. Ag\u00e9e de 31 ans, elle conjugue vie professionnelle et vie de famille, et r\u00e9ussit pourtant \u00e0 trouver le temps de d\u00e9fendre sa passion : la p\u00eache. VraiFaux : les d\u00e9tecteurs de fum\u00e9e sont-ils obligatoires dans tous les logements? Le Bourget en Huile-Le Champet-Le Bourget en Huile Florence, la protection des milieux aquatiques au f\u00e9minin  Les demandes urbaines portaient g\u00e9n\u00e9ralement sur des compensations financi\u00e8res \u00e0 des victimes de d\u00e9placements forc\u00e9s. En.. La temp\u00e9rature est certainement le facteur cl\u00e9 de la r\u00e9partition des esp\u00e8ces animales et v\u00e9g\u00e9tales. Ce constat est dautant plus important pour les milieux aquatiques. En effet, la temp\u00e9rature joue un r\u00f4le sur la totalit\u00e9 du cycle de vie du poisson.<\/p>\n","protected":false},"excerpt":{"rendered":"<p>rencontre randens<\/p>\n","protected":false},"author":1,"featured_media":0,"comment_status":"closed","ping_status":"closed","sticky":false,"template":"","format":"standard","meta":{"footnotes":""},"categories":[1],"tags":[],"_links":{"self":[{"href":"http:\/\/bauclassroom.com\/info\/wp-json\/wp\/v2\/posts\/5329"}],"collection":[{"href":"http:\/\/bauclassroom.com\/info\/wp-json\/wp\/v2\/posts"}],"about":[{"href":"http:\/\/bauclassroom.com\/info\/wp-json\/wp\/v2\/types\/post"}],"author":[{"embeddable":true,"href":"http:\/\/bauclassroom.com\/info\/wp-json\/wp\/v2\/users\/1"}],"replies":[{"embeddable":true,"href":"http:\/\/bauclassroom.com\/info\/wp-json\/wp\/v2\/comments?post=5329"}],"version-history":[{"count":1,"href":"http:\/\/bauclassroom.com\/info\/wp-json\/wp\/v2\/posts\/5329\/revisions"}],"predecessor-version":[{"id":5330,"href":"http:\/\/bauclassroom.com\/info\/wp-json\/wp\/v2\/posts\/5329\/revisions\/5330"}],"wp:attachment":[{"href":"http:\/\/bauclassroom.com\/info\/wp-json\/wp\/v2\/media?parent=5329"}],"wp:term":[{"taxonomy":"category","embeddable":true,"href":"http:\/\/bauclassroom.com\/info\/wp-json\/wp\/v2\/categories?post=5329"},{"taxonomy":"post_tag","embeddable":true,"href":"http:\/\/bauclassroom.com\/info\/wp-json\/wp\/v2\/tags?post=5329"}],"curies":[{"name":"wp","href":"https:\/\/api.w.org\/{rel}","templated":true}]}}