{"id":5393,"date":"2020-10-01T06:24:58","date_gmt":"2020-10-01T06:24:58","guid":{"rendered":"http:\/\/bauclassroom.com\/info\/?p=5393"},"modified":"2020-09-25T15:26:02","modified_gmt":"2020-09-25T15:26:02","slug":"maltais-rencontre-finley-2","status":"publish","type":"post","link":"http:\/\/bauclassroom.com\/info\/2020\/10\/01\/maltais-rencontre-finley-2\/","title":{"rendered":"Maltais Rencontre Finley"},"content":{"rendered":"<p>Elle a pr\u00e9cis\u00e9 quelle ne se rendait pas \u00e0 la rencontre dans une optique daffrontement, mais que c\u00e9tait vraiment une main tendue. Absence de donn\u00e9es Maintenant, jen suis s\u00fbre, il ny a pas eu d\u00e9tudes dimpacts sur cette r\u00e9forme, sest exclam\u00e9e la ministre. Selon le pr\u00e9sident de la F\u00e9d\u00e9ration qu\u00e9b\u00e9coise des municipalit\u00e9s, Bernard G\u00e9n\u00e9reux, la r\u00e9forme de lassurance-emploi est mal faite et doit \u00eatre adapt\u00e9e \u00e0 la r\u00e9alit\u00e9. Ottawa a beau avoir \u00e9t\u00e9 intransigeant, Qu\u00e9bec ne reculera pas pour autant. On na pas fini la bataille. \u00c9coutez, aujourdhui, il y avait du cur\u00e9 jusquau Conseil du patronat de choqu\u00e9, de lAssembl\u00e9e nationale \u00e0 lAssembl\u00e9e des \u00e9v\u00eaques. Tout le Qu\u00e9bec au complet est soulev\u00e9. \u00c7a ne se terminera pas l\u00e0, cest pas vrai, a lanc\u00e9 la ministre Maltais.  Ah, joubliais. Europe 1 nest coupable en lesp\u00e8ce que de complicit\u00e9 dintoxication intellectuelle. Cest le JDD qui a choisi ce titre puis a fini par le. Et toute la presse hier a embray\u00e9. Je ne saurais trop recommander la lecture de que FX. Bellamy a mis en ligne lui-m\u00eame pour r\u00e9tablir la r\u00e9alit\u00e9 de ses propos. Et puisque vous \u00eates l\u00e0, jetez un oeil la prochaine fois que vous irez en librairie \u00e0 son livre dans lequel il pose notamment cette amusante question : \u00eatre perp\u00e9tuellement en mouvement pourquoi pas, mais pour aller o\u00f9? Sa rencontre avec Diane Finley na dur\u00e9 que 20 minutes mercredi, mais cela aura \u00e9t\u00e9 suffisant pour que Mme Maltais d\u00e9plore le manque douverture de son interlocutrice. Amis souverainistes, pas tann\u00e9s de frapper le mur des Lamentations? <img decoding=\"async\" src=\"http:\/\/www.strategy.footnotes.us\/wp-content\/uploads\/2018\/05\/snow-440x330.jpg\" alt=\"maltais rencontre finley\" align=\"center\"> Il faut bien voir que ce nest pas n\u00e9cessairement le travailleur qui est saisonnier, cest lemploi.-\u00c9ric Forest&#8212;&#8212;&#8212;&#8212;&#8212;&#8212;&#8212;&#8212;&#8212;&#8212;&#8212;&#8211;  <img decoding=\"async\" src=\"http:\/\/www.carid.com\/images\/brand\/karlyn-sti\/26003.jpg\" alt=\"maltais rencontre finley\" align=\"center\"> Faut-il restaurer \u00e0 lidentique les monuments anciens qui t\u00e9moignent de la richesse du pass\u00e9? Le malheur dAgn\u00e8s Maltais-Comit\u00e9 pour la d\u00e9fense des droits sociaux La Tuque Site de rencontres de Malte gratuit-Rencontre hommes maltais. \u03a6\u03b9\u03c3\u03c4\u03af\u03ba\u03b9\u03b1 \u03b1\u03b9\u03b3\u03af\u03bd\u03b7\u03c2 \u03c8\u03ae\u03c3\u03b9\u03bc\u03bf \u03bc\u03b9\u03b1 \u03c3\u03b5\u03b9\u03c1\u03b1 \u03b1\u03c0\u03bf \u03b1\u03c4\u03c5\u03c7\u03b7 \u03b3\u03b5\u03b3\u03bf\u03bd\u03bf\u03c4\u03b1 full movie \u03a3\u03b5 2-3 \u039c\u03ad\u03c1\u03b5\u03c2 Au plaisir de nous retrouver prochainement nous lesp\u00e9rons! Les deux ministres vont se rencontrer le 27 f\u00e9vrier prochain \u00e0 Ottawa. Mme Maltais en a fait lannonce vendredi, lors de l\u00e9tude des cr\u00e9dits budg\u00e9taires du minist\u00e8re de lEmploi et de la Solidarit\u00e9 sociale.  Nous souhaitons \u00e0 toutes et \u00e0 tous : SANTE et PATIENCE! Du c\u00f4t\u00e9 du gouvernement conservateur, on sest content\u00e9 de r\u00e9it\u00e9rer les objectifs de la r\u00e9forme, soit de jumeler ch\u00f4meurs et emplois et daider les travailleurs \u00e0 chercher du travail, une responsabilit\u00e9 quils ont toujours eue. La ministre Finley na pas souhait\u00e9 quant \u00e0 elle rencontrer les journalistes, d\u00e9p\u00eachant plut\u00f4t le ministre des Anciens Combattants Steven Blaney, qui a tenu un point de presse de trois minutes. Dans une d\u00e9claration envoy\u00e9e par courriel, elle a dautre part r\u00e9it\u00e9r\u00e9 que, dans les r\u00e9gions o\u00f9 les emplois sont surtout saisonniers, lassurance-emploi continuera \u00e0 exister comme toujours. Se pourrait-t-il que lon ait remplac\u00e9 les cur\u00e9s de jadis par de nouveaux, en les pla\u00e7ant \u00e0 la t\u00eate dun gouvernement dogmatiquef\u00e9d\u00e9ral qui ne comprend visiblement rien \u00e0 ce que cest que d\u00eatre ch\u00f4meur. Inscrivez-vous \u00c0 notre infolettre Tenez-vous inform\u00e9 des derni\u00e8res nouvelles, des offres sp\u00e9ciales et des promotions. Enti\u00e8rement daccord! Et il y a longtemps que je suis pr\u00eat. Jesp\u00e8re que dici peu les Qu\u00e9b\u00e9cois se rendront enfin compte que nous ne sommes ni bienvenus ni invit\u00e9s dans le pays voisin. Uniquement des conquis. <img decoding=\"async\" src=\"http:\/\/www.scavolini.com\/\/media\/immagini\/7430_t_Exclusiva-kitchen-Scavolini-th.jpg\" alt=\"maltais rencontre finley\" align=\"center\">.<\/p>\n","protected":false},"excerpt":{"rendered":"<p>maltais rencontre finley<\/p>\n","protected":false},"author":1,"featured_media":0,"comment_status":"closed","ping_status":"closed","sticky":false,"template":"","format":"standard","meta":{"footnotes":""},"categories":[1],"tags":[],"_links":{"self":[{"href":"http:\/\/bauclassroom.com\/info\/wp-json\/wp\/v2\/posts\/5393"}],"collection":[{"href":"http:\/\/bauclassroom.com\/info\/wp-json\/wp\/v2\/posts"}],"about":[{"href":"http:\/\/bauclassroom.com\/info\/wp-json\/wp\/v2\/types\/post"}],"author":[{"embeddable":true,"href":"http:\/\/bauclassroom.com\/info\/wp-json\/wp\/v2\/users\/1"}],"replies":[{"embeddable":true,"href":"http:\/\/bauclassroom.com\/info\/wp-json\/wp\/v2\/comments?post=5393"}],"version-history":[{"count":1,"href":"http:\/\/bauclassroom.com\/info\/wp-json\/wp\/v2\/posts\/5393\/revisions"}],"predecessor-version":[{"id":5394,"href":"http:\/\/bauclassroom.com\/info\/wp-json\/wp\/v2\/posts\/5393\/revisions\/5394"}],"wp:attachment":[{"href":"http:\/\/bauclassroom.com\/info\/wp-json\/wp\/v2\/media?parent=5393"}],"wp:term":[{"taxonomy":"category","embeddable":true,"href":"http:\/\/bauclassroom.com\/info\/wp-json\/wp\/v2\/categories?post=5393"},{"taxonomy":"post_tag","embeddable":true,"href":"http:\/\/bauclassroom.com\/info\/wp-json\/wp\/v2\/tags?post=5393"}],"curies":[{"name":"wp","href":"https:\/\/api.w.org\/{rel}","templated":true}]}}