{"id":5499,"date":"2020-09-25T22:44:55","date_gmt":"2020-09-25T22:44:55","guid":{"rendered":"http:\/\/bauclassroom.com\/info\/?p=5499"},"modified":"2020-09-25T19:33:52","modified_gmt":"2020-09-25T19:33:52","slug":"a-la-rencontre-du-printemps-2","status":"publish","type":"post","link":"http:\/\/bauclassroom.com\/info\/2020\/09\/25\/a-la-rencontre-du-printemps-2\/","title":{"rendered":"A La Rencontre Du Printemps"},"content":{"rendered":"<p><img decoding=\"async\" src=\"http:\/\/wanderlust-travelbook.com\/wp-content\/uploads\/2018\/08\/P1050998-1170x545.jpg\" alt=\"a la rencontre du printemps\" align=\"right\"> Le samedi 21 mars, la rencontre commence \u00e0 15 H. Laccueil a lieu \u00e0 partir de 14H30 par une boisson. Jean-Michel Le Boulanger est docteur en g\u00e9ographie, ma\u00eetre de conf\u00e9rences en patrimoine \u00e0 lUniversit\u00e9 de Bretagne-Sud. Il est Premier vice-pr\u00e9sident du Conseil r\u00e9gional de Bretagne charg\u00e9 de la culture et de la d\u00e9mocratie r\u00e9gionale. Il a r\u00e9cemment publi\u00e9 \u00catre breton, essai sur les identit\u00e9s contemporaines 2013, Coop Breizh, pr\u00e9face de Jean-Yves Le Drian, Manifeste pour une France de la diversit\u00e9 2016, \u00c9ditions Dialogues, pr\u00e9face dEdwy Plenel, puis \u00c9loge de la culture en temps de crise 2017, \u00e9dit\u00e9 par Apog\u00e9e, Rennes. Jaccepte de recevoir les offres sp\u00e9ciales des partenaires du site Lundi se tiendra la deuxi\u00e8me rencontre depuis le d\u00e9p\u00f4t du rapport Viens; Fran\u00e7ois Legault naura particip\u00e9 ni \u00e0 lune ni \u00e0 lautre.  Le Maire de Lyon avec les 3 organisateur de l\u00e9v\u00e8nement. La lumi\u00e8re particuli\u00e8re de l\u00eele a beaucoup inspir\u00e9 de peintres et d\u00e9crivains, venus dhorizons tr\u00e8s vari\u00e9s. Tiendrons des s\u00e9ances conjointes avec nos coll\u00e8gues de la NATCA.. F\u00e9vrier 2020 la marque parisienne sinstalle dans votre grand magasin Printemps le temps dun pop-up in\u00e9dit. Dans la salle M\u00e9lusine, ils ont pu vivre un \u00e9change avec des r\u00e9sidents de lEHPAD Bellevue. Jean-Luc Petitrenaud : Danse de printemps-Paris 75000 <img decoding=\"async\" src=\"http:\/\/yvonne92110.y.v.pic.centerblog.net\/8637fd49.jpg\" alt=\"a la rencontre du printemps\" align=\"right\"> Comment sorganisent ces rencontres avec les traducteurs litt\u00e9raires?  Tout nest pas perdu. Utilisez notre moteur de recherche. Une lettre ouverte en forme dinvitation. Le Printemps marseillais, qui r\u00e9unit des partis de gauche PS, PC, LFI notamment et associations, propose \u00e0 Europe \u00e9cologie Les Verts, au et aux signataires de lappel Marseille urgence 2020 de poursuivre les discussions dans le but de nous pr\u00e9senter unis aux prochaines \u00e9lections municipales. Une premi\u00e8re date, le 30 novembre, est sugg\u00e9r\u00e9e pour discuter du programme. Deux autres th\u00e8mes cl\u00e9s sont pos\u00e9s, pour lesquelles des rendez-vous doivent \u00eatre fix\u00e9s : le processus de d\u00e9signation des candidats et la mobilisation citoyenne 24. S\u00e9lections-Charger-Enregistrer une s\u00e9lection \u00e0 M\u00eame en d\u00e9confinement, le Printemps de Septembre sinvite chez vous-Toulouseblog.fr Ouverture en juin et cet \u00e9t\u00e9 dans les locaux p\u00e9riscolaires de l\u00e9cole de lEtre <img decoding=\"async\" src=\"http:\/\/img.over-blog-kiwi.com\/400x260-ct\/0\/66\/74\/13\/20160209\/ob_e0471d_boxe-3-copie.jpg\" alt=\"a la rencontre du printemps\" align=\"right\">  F\u00eates, \u00e9v\u00e9nements en Haute Loire-Brioude, Velay, Yssingeaux-Agenda Sortie Une newsletter quotidienne pour conna\u00eetre lessentiel de la situation dans votre r\u00e9gion, en France et dans le monde. LAnnuaire du Printemps de l\u00c9ducation et la carte Pr\u00e8s de Chez Nous fusionnent!<\/p>\n","protected":false},"excerpt":{"rendered":"<p>a la rencontre du printemps<\/p>\n","protected":false},"author":1,"featured_media":0,"comment_status":"closed","ping_status":"closed","sticky":false,"template":"","format":"standard","meta":{"footnotes":""},"categories":[1],"tags":[],"_links":{"self":[{"href":"http:\/\/bauclassroom.com\/info\/wp-json\/wp\/v2\/posts\/5499"}],"collection":[{"href":"http:\/\/bauclassroom.com\/info\/wp-json\/wp\/v2\/posts"}],"about":[{"href":"http:\/\/bauclassroom.com\/info\/wp-json\/wp\/v2\/types\/post"}],"author":[{"embeddable":true,"href":"http:\/\/bauclassroom.com\/info\/wp-json\/wp\/v2\/users\/1"}],"replies":[{"embeddable":true,"href":"http:\/\/bauclassroom.com\/info\/wp-json\/wp\/v2\/comments?post=5499"}],"version-history":[{"count":1,"href":"http:\/\/bauclassroom.com\/info\/wp-json\/wp\/v2\/posts\/5499\/revisions"}],"predecessor-version":[{"id":5500,"href":"http:\/\/bauclassroom.com\/info\/wp-json\/wp\/v2\/posts\/5499\/revisions\/5500"}],"wp:attachment":[{"href":"http:\/\/bauclassroom.com\/info\/wp-json\/wp\/v2\/media?parent=5499"}],"wp:term":[{"taxonomy":"category","embeddable":true,"href":"http:\/\/bauclassroom.com\/info\/wp-json\/wp\/v2\/categories?post=5499"},{"taxonomy":"post_tag","embeddable":true,"href":"http:\/\/bauclassroom.com\/info\/wp-json\/wp\/v2\/tags?post=5499"}],"curies":[{"name":"wp","href":"https:\/\/api.w.org\/{rel}","templated":true}]}}