{"id":5547,"date":"2020-10-01T15:09:43","date_gmt":"2020-10-01T15:09:43","guid":{"rendered":"http:\/\/bauclassroom.com\/info\/?p=5547"},"modified":"2020-09-25T21:10:49","modified_gmt":"2020-09-25T21:10:49","slug":"programme-rencontre-de-la-photo-arles-2","status":"publish","type":"post","link":"http:\/\/bauclassroom.com\/info\/2020\/10\/01\/programme-rencontre-de-la-photo-arles-2\/","title":{"rendered":"Programme Rencontre De La Photo Arles"},"content":{"rendered":"<p>Festival estival annuel de photographie, se d\u00e9roule du 1 er juillet  Les questionsr\u00e9ponses essentielles pour la reprise de la pratique. <img decoding=\"async\" src=\"http:\/\/www.museereattu.arles.fr\/assets\/img\/_agenda\/2018\/affiche_ellena.jpg\" alt=\"programme rencontre de la photo arles\" align=\"left\"> Il est vrai que lon entend parler de cet \u00e9v\u00e9nement surtout sur les forums et sites d\u00e9di\u00e9s \u00e0 la photographie. Jeune photographe, je ne connais cette manifestation que depuis 6 ans et jen suis fan. Jesp\u00e8re y revenir cette ann\u00e9e le temps dune journ\u00e9e pour d\u00e9couvrir le cru 2012! Expositions La Fondation Cartier d\u00e9voile son nouveau calendrier dexpositions Val\u00e9rie Belin explore les illusions qui sous-tendent la photographie de mode. En travaillant avec des mod\u00e8les anonymes, elle peint litt\u00e9ralement leurs visage, bouleversant la disposition de la lumi\u00e8re, de lombre et de la profondeur \u00e0 travers lesquelles nous percevons une forme en trois dimensions. Elle a nomm\u00e9 les Ladies de cette s\u00e9rie dapr\u00e8s le nom de pinceaux \u00e0, \u00e0 peinture, ou de kit num\u00e9rique : Lady_Stroke, Lady_Inpainting, Lady_Round_Brush. La combinaison doutils de peinture et doutils num\u00e9riques perturbe notre compr\u00e9hension de l\u0153uvre. L\u0153il sinterroge : est-ce une cr\u00e9ation num\u00e9rique, une photo de peinture, ou une photographie picturale? Les processus utilis\u00e9s ne sont pas si diff\u00e9rents de ceux de la photographie de mode mais la diff\u00e9rence ici, cest que nous sommes forc\u00e9s den prendre conscience. Et puis, bien entendu, de nombreux photographes viendront parler de leurs travaux, de leur approche photographique. On parlera ainsi cin\u00e9ma, musique, Polaroid, introspection, photographie cr\u00e9ative, street photography.. Et m\u00eame fruits et l\u00e9gumes, Cosmic Attitude et cuisine. Je finalise mon dossier projet de formation motiv\u00e9, \u00e9l\u00e9ments demand\u00e9s par certaines formations.. Tous les vendredis matin, lhumeur de Titiou Lecoq et sa s\u00e9lection du meilleur des internets. Gardez loeil sur lactu photo mondiale! Inscrivez-vous \u00e0 notre Newsletter Votre journal num\u00e9rique disponible sur tous vos supports. Juilletao\u00fbt : 35 en ligne 42 sur place en billetterie Manifesta \u00e0 Marseille, Biennale de Lyon, Biennale de Venise.. La crise du Covid-19 perturbe lorganisation des grands \u00e9v\u00e9nements artistiques. <img decoding=\"async\" src=\"http:\/\/www.replay-tv.fr\/media\/cache\/auto\/france5\/1\/3\/2\/132602220\/original_770x453_fit_90.jpg\" alt=\"programme rencontre de la photo arles\" align=\"left\"> Fermer la modale de s\u00e9lection. Confirmez votre action <img decoding=\"async\" src=\"http:\/\/img.over-blog-kiwi.com\/0\/81\/42\/97\/20140519\/ob_55656a_triathlon-la-grande-motte-2014-10-r.jpg\" alt=\"programme rencontre de la photo arles\" align=\"center\">  Partir en beaut\u00e9. Soigne ton entr\u00e9e. Soigne surtout ta sortie. Au milieu, tu te d\u00e9merdes, tu chantes. MAURICE CHEVALIER \u00c0 JEANPHILIPPE SMET, ALIAS JOHNNY Sortie de sc\u00e8ne, du ring, du territoire, sortie de prison, d\u00e9mission, sortie de la vie active, ou les pieds devant Subie ou choisie, transitoire ou d\u00e9finitive, chaque sortie poss\u00e8de une importance particuli\u00e8re. Les plus m\u00e9morables saccompagnent de processions. La remise dun troph\u00e9e, un lancer de tomates, des applaudissements, des bouquets de roses jet\u00e9s sur une planche de bois autant dexpressions pour dire Salut et merci. La mort n\u00e9chappe pas \u00e0 la r\u00e8gle. Ancr\u00e9s dans le temps Christian Lutz, Eldorado, extrait de la s\u00e9rie The Pearl River, 2019. De campagne, la valentine, 13, aix en provence, gignac la nerthe, fos sur mer, septeme, miramas, lan\u00e7on de provence, la fare les oliviers, rognac, lambesc Bal musette th\u00e9 dansant  d\u00e8s le 19 mai : si je nai re\u00e7u que des r\u00e9ponses n\u00e9gatives de la part de formation s\u00e9lectives BTS,DUT, IFSI.. Je peux demander un accompagnement Our daily newsletter contains a round-up of the stories published on our website, previews of exhibitions that are opening and more. On Fridays, we send our Editors picks of the top stories posted through the week. As a subscriber, you will also get live reports from leading art fairs and events, such as the Venice Biennale, plus special offers from The Art Newspaper. Les procurations pour le second tour des \u00e9lections initialement pr\u00e9vu le 22 mars sont valables pour le vote fix\u00e9 le 28 juin. En comple\u0301ment des expositions du festival, les Rencontres dArles 2017 proposent au fil de le\u0301te\u0301 un dense programme de workshops de photographie. Une trentaine de photographes de renoms sont invite\u0301s a\u0300 venir transmettre leurs expe\u0301riences a\u0300 des passionne\u0301s venus des quatre coins du monde.<\/p>\n","protected":false},"excerpt":{"rendered":"<p>programme rencontre de la photo arles<\/p>\n","protected":false},"author":1,"featured_media":0,"comment_status":"closed","ping_status":"closed","sticky":false,"template":"","format":"standard","meta":{"footnotes":""},"categories":[1],"tags":[],"_links":{"self":[{"href":"http:\/\/bauclassroom.com\/info\/wp-json\/wp\/v2\/posts\/5547"}],"collection":[{"href":"http:\/\/bauclassroom.com\/info\/wp-json\/wp\/v2\/posts"}],"about":[{"href":"http:\/\/bauclassroom.com\/info\/wp-json\/wp\/v2\/types\/post"}],"author":[{"embeddable":true,"href":"http:\/\/bauclassroom.com\/info\/wp-json\/wp\/v2\/users\/1"}],"replies":[{"embeddable":true,"href":"http:\/\/bauclassroom.com\/info\/wp-json\/wp\/v2\/comments?post=5547"}],"version-history":[{"count":1,"href":"http:\/\/bauclassroom.com\/info\/wp-json\/wp\/v2\/posts\/5547\/revisions"}],"predecessor-version":[{"id":5548,"href":"http:\/\/bauclassroom.com\/info\/wp-json\/wp\/v2\/posts\/5547\/revisions\/5548"}],"wp:attachment":[{"href":"http:\/\/bauclassroom.com\/info\/wp-json\/wp\/v2\/media?parent=5547"}],"wp:term":[{"taxonomy":"category","embeddable":true,"href":"http:\/\/bauclassroom.com\/info\/wp-json\/wp\/v2\/categories?post=5547"},{"taxonomy":"post_tag","embeddable":true,"href":"http:\/\/bauclassroom.com\/info\/wp-json\/wp\/v2\/tags?post=5547"}],"curies":[{"name":"wp","href":"https:\/\/api.w.org\/{rel}","templated":true}]}}