{"id":5643,"date":"2020-10-02T08:46:10","date_gmt":"2020-10-02T08:46:10","guid":{"rendered":"http:\/\/bauclassroom.com\/info\/?p=5643"},"modified":"2020-09-26T00:49:05","modified_gmt":"2020-09-26T00:49:05","slug":"rencontres-centrafrique-2","status":"publish","type":"post","link":"http:\/\/bauclassroom.com\/info\/2020\/10\/02\/rencontres-centrafrique-2\/","title":{"rendered":"Rencontres Centrafrique"},"content":{"rendered":"<p>Comment laver les mains avec du gel d\u00e9sinfectant pour les mains-<img decoding=\"async\" src=\"http:\/\/img.over-blog-kiwi.com\/0\/61\/83\/55\/20140505\/ob_cdaaf4_dscf7293.JPG\" alt=\"rencontres centrafrique\" align=\"right\"> <img decoding=\"async\" src=\"http:\/\/www.africlap.fr\/images\/com_eventbooking\/thumb\/Affiche-ZONE-III.jpg\" alt=\"rencontres centrafrique\" align=\"center\"> Sur cette base, le pr\u00e9sident de la R\u00e9publique fran\u00e7aise prendra prochainement les d\u00e9cisions quil estime utiles. 83-Adoption de la r\u00e9solution 2127 Explication de vote de la France New York, 5 d\u00e9cembre 2013  Chers fr\u00e8res et s\u0153urs, contempler ensemble le visage du Christ avec le c\u0153ur de Marie, notre M\u00e8re, nous rendra encore plus unis comme famille spirituelle et nous aidera \u00e0 surmonter cette \u00e9preuve. Alors que nous faisons face \u00e0 la pand\u00e9mie de Covid-19, le 25 avril dernier, le pape Fran\u00e7ois nous invitait \u00e0 prier Synode. Quelle est la situation de lAmazonie aujourdhui? Sorry, you have been blocked You are unable to access africaintelligence.fr <img decoding=\"async\" src=\"http:\/\/www.art-action.org\/proposition\/catalogue\/photo\/17_1382_kantarjian_1.jpg\" alt=\"rencontres centrafrique\" align=\"center\"> Abonnez vous \u00e0 nos th\u00e8mes et recevez les nouvelles parutions par mail chaque semaine. Le Chef de lUNOCA rencontre les autorit\u00e9s centrafricaines et r\u00e9it\u00e8re le soutien des Nations Unies Michel Sauquet : Le bien commun est un gros mot  Les deux chefs d\u00c9tat ont constat\u00e9 la parfaite coop\u00e9ration entre la justice des deux pays dans la conduite des enqu\u00eates en cours. Doctobre \u00e0 No\u00ebl 2017, retrouvez le meilleur du Th\u00e9\u00e2tre des Champs-Elys\u00e9es. Les sc\u00e9narios du futur concernant le Brexit sont contradictoires tant du c\u00f4t\u00e9 de Londres que du c\u00f4t\u00e9 des Europ\u00e9ens, mais regardons dabord le calendrier officiel : le Royaume-Uni quittera bien lUnion europ\u00e9enne UE le 29 mars 2019 \u00e0 minuit heure du continent, comme pr\u00e9vu, mais une p\u00e9riode de transition, jusqu\u00e0 fin 2020, a \u00e9t\u00e9 convenue. R-Non, je ne crois pas. On savait que la situation \u00e9tait extr\u00eamement grave, raison pour laquelle nous avons d\u00e9cid\u00e9 le d\u00e9ploiement dune force militaire pour emp\u00eacher les massacres \u00e0 grande \u00e9chelle. Mais, cest vrai, il y a aujourdhui un ph\u00e9nom\u00e8ne inqui\u00e9tant avec des populations musulmanes qui craignent les repr\u00e9sailles et se d\u00e9placent. Notre mission est de les prot\u00e9ger, notamment dans louest du pays o\u00f9 elles sont minoritaires. Deux forces agissent de mani\u00e8re diff\u00e9rente. Les S\u00e9l\u00e9ka, des combattants qui disposent dun armement assez sophistiqu\u00e9 fusils-mitrailleurs, mitrailleuses lourdes, lance-roquettes. Et les antibalakas milices chr\u00e9tiennes, davantage diss\u00e9min\u00e9s, qui poss\u00e8dent des armes blanches et des armes \u00e0 feu rudimentaires. Et d\u00e9sormais, nous avons aussi affaire \u00e0 des groupes de pillards, des bandits qui profitent de la situation. Quand? 1 septembre 2020 6 mois O\u00f9? Le Chambon-Feugerolles 42-Loire-Rh\u00f4ne-Alpes La derni\u00e8re crise centrafricaine, en deux ans, a appauvri et d\u00e9chir\u00e9 la population. Tandis que les bellig\u00e9rants promettent la paix, les ONG locales que soutient le Secours Catholique-Caritas France \u00e9duquent, forment et reconstruisent.  Le statut : Le Service Civique est un statut qui permet \u00e0 une personne de 16 \u00e0 25 ans de sinvestir \u00e0 temps plein pendant une dur\u00e9e variable au sein dune association tout en \u00e9tant indemnis\u00e9e. Pour faire un service civique, il faut \u00eatre Europ\u00e9en.ne, ou r\u00e9sider depuis dun an en France. Dans lest du BurkinaFaso, les gens vivent dans la peur des attaques violentes, des maladies end\u00e9miques et du manque de nourriture et deau. Tu aimes \u00eatre au contact des autres, les \u00e9couter et les conseiller. Tu es pers\u00e9v\u00e9rant.e. Dans ce que tu entreprends. Les questions \u00e9ducatives tint\u00e9ressent Curieuse.eux. Et dynamique avec une touche de cr\u00e9ativit\u00e9, tu souhaites \u00eatre sur le terrain afin dapprendre \u00e0 organiser des \u00e9v\u00e8nements \u00e0 destination des enfants, de leurs familles et \u00e0 d\u00e9velopper des partenariats culturels. Tu as envie de c\u00f4toyer une grande diversit\u00e9 de personnes jeunes, familles, associations, actrices.eurs. Socio-\u00e9ducatifs, etc.<\/p>\n","protected":false},"excerpt":{"rendered":"<p>rencontres centrafrique<\/p>\n","protected":false},"author":1,"featured_media":0,"comment_status":"closed","ping_status":"closed","sticky":false,"template":"","format":"standard","meta":{"footnotes":""},"categories":[1],"tags":[],"_links":{"self":[{"href":"http:\/\/bauclassroom.com\/info\/wp-json\/wp\/v2\/posts\/5643"}],"collection":[{"href":"http:\/\/bauclassroom.com\/info\/wp-json\/wp\/v2\/posts"}],"about":[{"href":"http:\/\/bauclassroom.com\/info\/wp-json\/wp\/v2\/types\/post"}],"author":[{"embeddable":true,"href":"http:\/\/bauclassroom.com\/info\/wp-json\/wp\/v2\/users\/1"}],"replies":[{"embeddable":true,"href":"http:\/\/bauclassroom.com\/info\/wp-json\/wp\/v2\/comments?post=5643"}],"version-history":[{"count":1,"href":"http:\/\/bauclassroom.com\/info\/wp-json\/wp\/v2\/posts\/5643\/revisions"}],"predecessor-version":[{"id":5644,"href":"http:\/\/bauclassroom.com\/info\/wp-json\/wp\/v2\/posts\/5643\/revisions\/5644"}],"wp:attachment":[{"href":"http:\/\/bauclassroom.com\/info\/wp-json\/wp\/v2\/media?parent=5643"}],"wp:term":[{"taxonomy":"category","embeddable":true,"href":"http:\/\/bauclassroom.com\/info\/wp-json\/wp\/v2\/categories?post=5643"},{"taxonomy":"post_tag","embeddable":true,"href":"http:\/\/bauclassroom.com\/info\/wp-json\/wp\/v2\/tags?post=5643"}],"curies":[{"name":"wp","href":"https:\/\/api.w.org\/{rel}","templated":true}]}}