{"id":5705,"date":"2020-10-02T12:32:11","date_gmt":"2020-10-02T12:32:11","guid":{"rendered":"http:\/\/bauclassroom.com\/info\/?p=5705"},"modified":"2020-09-26T03:44:10","modified_gmt":"2020-09-26T03:44:10","slug":"rencontre-de-la-commande-publique-responsable-2","status":"publish","type":"post","link":"http:\/\/bauclassroom.com\/info\/2020\/10\/02\/rencontre-de-la-commande-publique-responsable-2\/","title":{"rendered":"Rencontre De La Commande Publique Responsable"},"content":{"rendered":"<p>250 entreprises inscrites, 26 donneurs dordres, 20 partenaires, une table ronde, deux s\u00e9ries de pitchs : sans conteste, les Rencontres R\u00e9gionales de la Commande Publique ont r\u00e9ussi \u00e0 f\u00e9d\u00e9rer de nombreux acteurs autour du th\u00e8me de linnovation dans les b\u00e2timents publics. La table ronde, en d\u00e9but de journ\u00e9e, a permis de faire le point sur linnovation et ses perspectives. Linter-r\u00e9seaux sur la commande publique et le d\u00e9veloppement durable 13122019 Commis de cuisine, agent de restauration, agent dhygi\u00e8ne et de propret\u00e9 : en deux ans pr\u00e8s de 400 Yvelinois ont \u00e9t\u00e9 form\u00e9s aux m\u00e9tiers de la restauration, un secteur qui cherche en permanence de la main d\u0153uvre. Une politique de d\u00e9veloppement des comp\u00e9tences sign\u00e9e ActivitY pour dynamiser les recrutements dans la fili\u00e8re. Une main d\u0153uvre qualifi\u00e9e <img decoding=\"async\" src=\"http:\/\/cdn.purple.fr\/e5592b58480b3908541081cc4bb5e3fe\/static.purple.fr\/2018\/05\/jets_sf_36.jpg\/1160x764c\/jets_sf_36.jpg\" alt=\"rencontre de la commande publique responsable\" align=\"center\"> Les 27 et 28 mars 2013 \u00e0 la Cit\u00e9 des Congr\u00e8s de Nantes, se d\u00e9roulera la 2e \u00e9dition des rencontres de la commande publique responsable. Ces deux jours ont pour objectif de favoriser la rencontre entre loffre et la demande \u00e9co et socio-responsable. Denvergure souvent r\u00e9gionale, ces PME noccupent \u00e0 ce jour que 3,8 du march\u00e9 des services deau g\u00e9r\u00e9s en d\u00e9l\u00e9gation source FDEI. Cependant, elles jouent un r\u00f4le majeur dans la baisse du prix de leau en se positionnant sur 13 des appels doffres lanc\u00e9s chaque ann\u00e9e et en faisant jouer, de fait, la concurrence. La d\u00e9p\u00eache du mois de juin est en ligne Linnovation et la comp\u00e9titivit\u00e9 en Pays de la Loire : comment, pourquoi et pour qui? <img decoding=\"async\" src=\"http:\/\/cdn01.dailycaller.com\/wp-content\/uploads\/2012\/10\/4b50120de47c45cda364c2b2ebf75711-e1349335324939.jpg\" alt=\"rencontre de la commande publique responsable\" align=\"center\"> Les achats socialement responsables dans la commande publique ou comment prendre en compte les objectifs de coh\u00e9sion sociale \u00e0 loccasion de la passation des march\u00e9s publics ou des contrats de d\u00e9l\u00e9gations de service public. Quels sont pr\u00e9requis \u00e0 toute d\u00e9marche de concertation? Quelles questions se poser et comment planifier un processus complet? Quels m\u00e9thodes et outils employer pour r\u00e9ussir lassociation des acteurs locaux? Quelle posture pour lanimateur? Quelle diff\u00e9rence avec la facilitation de groupe? Cette formation met laccent sur les retours dexp\u00e9riences, les bonnes questions \u00e0 se poser et les outils pratiques. Modification du R\u00e9glement Int\u00e9rieur Approlys CentrAchats \u00e0 partir du 1er avril 2019 Cette cons\u00e9cration devrait probablement faire \u00e9voluer cette situation sous r\u00e9serve dune parfaite ma\u00eetrise de cette phase-cl\u00e9. Comme \u00e9voqu\u00e9 dans la m\u00eame enqu\u00eate, 55 des acheteurs publics reconnaissent ne pas avoir une bonne connaissance du tissu \u00e9conomique et industriel, quand 67 estiment que le processus de recensement pr\u00e9alable des besoins est difficile \u00e0 r\u00e9aliser!  18N\u00e9anmoins, cette fili\u00e8re est aussi caract\u00e9ris\u00e9e par de nouvelles r\u00e9gulations. Tout dabord, la relocalisation des flux de produits, effective \u00e0 partir de lann\u00e9e 2008-2009, est une nouveaut\u00e9. Celle-ci r\u00e9sulte dun contournement des r\u00e8gles du code des march\u00e9s publics, pour une pr\u00e9f\u00e9rence locale qui sest impos\u00e9e au fil d\u00e9changes informels, mais aussi dun contournement partiel des r\u00e8gles dapprovisionnement prescrites par Sodexo au niveau national. Le directeur de la cuisine centrale de Brest, salari\u00e9 de Sodexo, nous expliquait ainsi quil avait d\u00fb n\u00e9gocier avec sa direction des achats le droit de ne pas totalement respecter les sch\u00e9mas dapprovisionnement du groupe. Ensuite, la cr\u00e9ation dun groupe de suivi constitue \u00e9galement une nouveaut\u00e9. Cette instance, qui comprend aujourdhui des repr\u00e9sentants de tous les maillons de la fili\u00e8re locale, repr\u00e9sente un lieu de rencontre et d\u00e9change qui nexistait pas jusqualors. Dans ce cadre, il a notamment \u00e9t\u00e9 discut\u00e9 du choix des nouveaux produits locaux \u00e0 introduire en 2010-2011, de la prise en compte des agriculteurs en phase de conversion \u00e0 lagriculture biologique et m\u00eame de la possibilit\u00e9 de transparence sur le partage des marges entre les diff\u00e9rents op\u00e9rateurs. La politique dachat mise en \u0153uvre par la Direction des Finances et des Achats sarticule autour de 3 axes majeurs : Si vous souhaitez \u00eatre r\u00e9f\u00e9renc\u00e9 en tant que fournisseur potentiel, vous pouvez utiliser le lien en bas de page pour compl\u00e9ter le formulaire de contact, en compl\u00e9ment de linscription sur la plateforme de d\u00e9mat\u00e9rialisation afin de transmettre des informations de pr\u00e9sentation de votre soci\u00e9t\u00e9. Vous pouvez \u00e9galement joindre des fiches de pr\u00e9sentationcatalogues. Restant \u00e0 votre disposition pour tout renseignement compl\u00e9mentaire, Nous avons men\u00e9 un dialogue social approfondi 80 des effectifs de la DGA sont compos\u00e9s de personnels civils en r\u00e9unissant le comit\u00e9 technique de r\u00e9seau, \u00e9quivalent du comit\u00e9 social et \u00e9conomique CSE. Nos dispositions de travail doivent par ailleurs \u00eatre agr\u00e9\u00e9es par les CHSCT au niveau central et au niveau local. 1 Pour un rare exemple, sur le quasi-march\u00e9 des \u00e9tablissements scolaires : Maroy et van Zanten,  Dans le cadre de sa politique publique de d\u00e9veloppement \u00e9conomique, Rennes M\u00e9tropole a la volont\u00e9 d\u00eatre \u00e0 linitiative dun rapprochement entre les TPEPME artisanales et les donneurs dordre publics.  <img decoding=\"async\" src=\"http:\/\/www.egfbtp.com\/sites\/default\/files\/images\/mailingcoupe400.jpg\" alt=\"rencontre de la commande publique responsable\" align=\"center\"> Enfin, quant aux dispositifs de pr\u00e9vention \u00e0 mettre en place en mati\u00e8re de commande publique, elle recommande de bien conna\u00eetre ce que lon ach\u00e8te, danalyser lacc\u00e8s \u00e0 lachat de son organisation, de se doter dun outil de programmation pluriannuelle des achats, et, \u00e0 cette fin, conseille de r\u00e9aliser un tableau partag\u00e9 service achatsservices prescripteurs services juridiques et dint\u00e9grer les acheteurs et prescripteurs au sein dune communaut\u00e9 de lachat. 1 Inscription au groupe de travail de la commande publique \u00e0 ladresse suivante : Depuis le milieu de lann\u00e9e 2008, nous observons et accompagnons les d\u00e9marches entreprises par la ville de Nantes en mati\u00e8re de commande publique durable, en particulier dans le domaine alimentaire. Nous avons particip\u00e9 aux comit\u00e9s de pilotage de diff\u00e9rentes actions, encadr\u00e9 trois stages d\u00e9tudiants un \u00e0 la direction de la commande publique et deux \u00e0 la cuisine centrale et men\u00e9 une dizaine dentretiens semi-directifs avec les parties-prenantes des actions men\u00e9es \u00e9lus et techniciens de la ville, agriculteurs et agents de d\u00e9veloppement agricole de Loire-Atlantique. Pendant toute lann\u00e9e 2009, nous avons \u00e9galement suivi les activit\u00e9s du R\u00e9seau Grand ouest Commande publique et D\u00e9veloppement durable d\u00e9sormais RGO, une association compos\u00e9e de pr\u00e8s de 100 collectivit\u00e9s territoriales de louest de la France. Dans ce cadre, nous avons particip\u00e9 \u00e0 un groupe de travail d\u00e9di\u00e9 \u00e0 lapprovisionnement bio et local de la restauration collective publique, o\u00f9 des \u00e9lus et des techniciens de collectivit\u00e9s ont \u00e9chang\u00e9 sur leurs pratiques et rencontr\u00e9 des agriculteurs et des distributeurs de produits bio. Un \u00e9l\u00e8ve ing\u00e9nieur-agronome, dont nous avons encadr\u00e9 le travail, a accompagn\u00e9 ce groupe pendant six mois. Il a notamment men\u00e9 une enqu\u00eate approfondie aupr\u00e8s de lexp\u00e9rience brestoise que nous d\u00e9crivons dans cet article, incluant la conduite de six entretiens semi-directifs. Le suivi des activit\u00e9s du RGO nous a \u00e9galement permis davoir une vision \u00e9largie des probl\u00e8mes pos\u00e9s par lapprovisionnement bio-local et des solutions mises en \u0153uvre par les collectivit\u00e9s pour y r\u00e9pondre. Les \u00e9nonc\u00e9s les plus g\u00e9n\u00e9raux de cet article puisent dans ces observations et dans les \u00e9changes que nous avons eus \u00e0 cette occasion avec de nombreux techniciens de collectivit\u00e9s et acteurs de lagriculture biologique. Nous nous sommes enfin appuy\u00e9s sur les recherches men\u00e9es par nos coll\u00e8gues du projet PSDR-LiProCo en Rh\u00f4ne-Alpes. L\u00e0 encore, ces observations nous ont permis de nous engager dans certaines g\u00e9n\u00e9ralisations, au-del\u00e0 des cas brestois et nantais que nous d\u00e9crivons de fa\u00e7on plus sp\u00e9cifique-la d\u00e9finition pr\u00e9cise des besoins par le pouvoir adjudicateur. Concr\u00e8tement, avec cette mesure, les entreprises participant \u00e0 un march\u00e9 public nauront plus \u00e0 attendre le d\u00e9compte g\u00e9n\u00e9ral du ma\u00eetre douvrage pour obtenir le r\u00e8glement de leurs travaux en fin de chantier. Ce Livre Blanc contribue \u00e0 d\u00e9finir un peu plus cette pratique qui semble devenir indispensable, sans pour autant apporter toutes les r\u00e9ponses, pour aller vers des modes de vies et de villes durables.<\/p>\n","protected":false},"excerpt":{"rendered":"<p>rencontre de la commande publique responsable<\/p>\n","protected":false},"author":1,"featured_media":0,"comment_status":"closed","ping_status":"closed","sticky":false,"template":"","format":"standard","meta":{"footnotes":""},"categories":[1],"tags":[],"_links":{"self":[{"href":"http:\/\/bauclassroom.com\/info\/wp-json\/wp\/v2\/posts\/5705"}],"collection":[{"href":"http:\/\/bauclassroom.com\/info\/wp-json\/wp\/v2\/posts"}],"about":[{"href":"http:\/\/bauclassroom.com\/info\/wp-json\/wp\/v2\/types\/post"}],"author":[{"embeddable":true,"href":"http:\/\/bauclassroom.com\/info\/wp-json\/wp\/v2\/users\/1"}],"replies":[{"embeddable":true,"href":"http:\/\/bauclassroom.com\/info\/wp-json\/wp\/v2\/comments?post=5705"}],"version-history":[{"count":1,"href":"http:\/\/bauclassroom.com\/info\/wp-json\/wp\/v2\/posts\/5705\/revisions"}],"predecessor-version":[{"id":5706,"href":"http:\/\/bauclassroom.com\/info\/wp-json\/wp\/v2\/posts\/5705\/revisions\/5706"}],"wp:attachment":[{"href":"http:\/\/bauclassroom.com\/info\/wp-json\/wp\/v2\/media?parent=5705"}],"wp:term":[{"taxonomy":"category","embeddable":true,"href":"http:\/\/bauclassroom.com\/info\/wp-json\/wp\/v2\/categories?post=5705"},{"taxonomy":"post_tag","embeddable":true,"href":"http:\/\/bauclassroom.com\/info\/wp-json\/wp\/v2\/tags?post=5705"}],"curies":[{"name":"wp","href":"https:\/\/api.w.org\/{rel}","templated":true}]}}