{"id":5717,"date":"2020-10-02T12:42:02","date_gmt":"2020-10-02T12:42:02","guid":{"rendered":"http:\/\/bauclassroom.com\/info\/?p=5717"},"modified":"2020-09-26T04:24:14","modified_gmt":"2020-09-26T04:24:14","slug":"rencontre-kaolack-2","status":"publish","type":"post","link":"http:\/\/bauclassroom.com\/info\/2020\/10\/02\/rencontre-kaolack-2\/","title":{"rendered":"Rencontre Kaolack"},"content":{"rendered":"<p>La Centrale dapprovisionnement et de distribution des m\u00e9dicaments essentiels au Kasa\u00ef Central CADIMEK remettra bient\u00f4t un stock de chloroquine, des masques et des gants, dans le cadre de la pr\u00e9vention et de la lutte contre le Coronavirus, a annonc\u00e9, \u00e0 Kananga, la s\u0153ur Brigitte Biduaya, directrice de cette structure. Bissau, 13 Avril ANG Il y a un mois 29 jours 20 heures 53 minutes <img decoding=\"async\" src=\"http:\/\/senenet.net\/wp-content\/uploads\/2016\/09\/therese-faye-800x445.jpg\" alt=\"rencontre kaolack\" align=\"right\"> Abidjan, 22 Avril AIP Il y a un mois 20 jours 21 heures 17 minutes CONAKRY, 2 Juin AGP Il y a 10 jours 12 heures 36 minutes Le comit\u00e9 d\u00e9partemental de lutte contre les \u00e9pid\u00e9mies, \u00e9prouve des difficult\u00e9s dacquisition du mat\u00e9riel de lutte contre la propagation de la maladie \u00e0 coronavirus, Covid-19. Le Porte-parole de la MINUSCA, Vladimir Monteiro a anim\u00e9 mercredi 15 mars 2020 \u00e0 Bangui, une visioconf\u00e9rence de presse avec les bureaux de la MINUSCA de Birao dans la Vakaga et de Nd\u00e9l\u00e9 dans la pr\u00e9fecture de Bamingui-Bangoran au sujet de la maladie \u00e0 coronavirus. <img decoding=\"async\" src=\"http:\/\/4.bp.blogspot.com\/_8nnu0HhNgME\/TMMIc-Ju3ZI\/AAAAAAAAA8o\/3UVioMwbZLc\/s1600\/IMGP2643.JPG\" alt=\"rencontre kaolack\" align=\"left\"> LOng Handicap \u00e0 visage universel Han VU, a sensibilis\u00e9 ce mercredi \u00e0 S\u00e9kou dans la commune dAllada, les personnes en situation de handicap, sur les dispositions \u00e0 prendre face \u00e0 la pand\u00e9mie du Covid-19. The Information Services Department ISD says it is carrying out the needed sensitization on the COVID-19 disease in all communities across the country. Abidjan, 21 Avril AIP Il y a un mois 21 jours 19 heures 11 minutes DAKAR, 8 Juin APS Il y a 4 jours 14 heures 36 minutes Lom\u00e9, 7 Mai ATOP Il y a un mois 5 jours 19 heures 39 minutes Accra, 9 Avril GNA Il y a 2 mois 3 jours 20 heures 18 minutes Le ministre du D\u00e9veloppement communautaire, de lEquit\u00e9 sociale et territoriale, Mansour Faye, a soutenu, vendredi, que seules les meilleures offres ont \u00e9t\u00e9 retenues pour la commande des denr\u00e9es alimentaires destin\u00e9es aux m\u00e9nages vuln\u00e9rables dans le cadre du Plan de r\u00e9silience \u00e9conomique et sociale mis en place en riposte \u00e0 la pand\u00e9mie de Covid-19. Accra, 12 Avril GNA Il y a 2 mois 20 heures 27 minutes  <img decoding=\"async\" src=\"http:\/\/www.more.wfcrimewatch.com\/upload\/podcasts\/photos\/first\/5b3a0822e58c08.89030507_mini.jpg\" alt=\"rencontre kaolack\" align=\"center\"> PORTO-NOVO, 11 Mai ABP Il y a un mois un jour 15 heures 22 minutes Praia, 21 Mai Inforpress Il y a 22 jours 15 heures 7 minutes  Le total des dons au Fonds Force Covid-19 a \u00e9t\u00e9 arr\u00eat\u00e9 \u00e0 la date du 10 avril 2020 \u00e0 la somme de Vingt-neuf milliards six cent vingt-sept millions cent mille cent quatre francs CFA 29 627 100 104, a-t-on appris de la Direction g\u00e9n\u00e9rale du tr\u00e9sor et de la comptabilit\u00e9 publique.  Libreville, 7 Avril AGP Il y a 2 mois 5 jours 12 heures 46 minutes.<\/p>\n","protected":false},"excerpt":{"rendered":"<p>rencontre kaolack<\/p>\n","protected":false},"author":1,"featured_media":0,"comment_status":"closed","ping_status":"closed","sticky":false,"template":"","format":"standard","meta":{"footnotes":""},"categories":[1],"tags":[],"_links":{"self":[{"href":"http:\/\/bauclassroom.com\/info\/wp-json\/wp\/v2\/posts\/5717"}],"collection":[{"href":"http:\/\/bauclassroom.com\/info\/wp-json\/wp\/v2\/posts"}],"about":[{"href":"http:\/\/bauclassroom.com\/info\/wp-json\/wp\/v2\/types\/post"}],"author":[{"embeddable":true,"href":"http:\/\/bauclassroom.com\/info\/wp-json\/wp\/v2\/users\/1"}],"replies":[{"embeddable":true,"href":"http:\/\/bauclassroom.com\/info\/wp-json\/wp\/v2\/comments?post=5717"}],"version-history":[{"count":1,"href":"http:\/\/bauclassroom.com\/info\/wp-json\/wp\/v2\/posts\/5717\/revisions"}],"predecessor-version":[{"id":5718,"href":"http:\/\/bauclassroom.com\/info\/wp-json\/wp\/v2\/posts\/5717\/revisions\/5718"}],"wp:attachment":[{"href":"http:\/\/bauclassroom.com\/info\/wp-json\/wp\/v2\/media?parent=5717"}],"wp:term":[{"taxonomy":"category","embeddable":true,"href":"http:\/\/bauclassroom.com\/info\/wp-json\/wp\/v2\/categories?post=5717"},{"taxonomy":"post_tag","embeddable":true,"href":"http:\/\/bauclassroom.com\/info\/wp-json\/wp\/v2\/tags?post=5717"}],"curies":[{"name":"wp","href":"https:\/\/api.w.org\/{rel}","templated":true}]}}