{"id":5719,"date":"2020-10-02T22:27:30","date_gmt":"2020-10-02T22:27:30","guid":{"rendered":"http:\/\/bauclassroom.com\/info\/?p=5719"},"modified":"2020-09-26T04:29:43","modified_gmt":"2020-09-26T04:29:43","slug":"rencontre-nuit-2","status":"publish","type":"post","link":"http:\/\/bauclassroom.com\/info\/2020\/10\/02\/rencontre-nuit-2\/","title":{"rendered":"Rencontre Nuit"},"content":{"rendered":"<p>A loccasion de la cl\u00f4ture de la r\u00e9trospective, rencontre avec Nicolas Saada, Dario Argento, Jean-Bernard Pouy Sous la direction de Nicolas Saada Rencontre : 18h30 La Soif du Mal : 20h30 18h30 RENCONTRE entr\u00e9e libre Nicolas Saada : Ancien r\u00e9dacteur aux Cahiers du cin\u00e9ma, Nicolas Saada entre \u00e0 lUnit\u00e9 Fiction dArte France en 1992, en tant que charg\u00e9 de programme jusquen 1998. Depuis, il sest consacr\u00e9 \u00e0 l\u00e9criture de sc\u00e9narios pour la t\u00e9l\u00e9vision et le cin\u00e9ma, avec Pierre Salvadori Les marchands de sable, Arnaud Despl\u00e9chin L\u00e9o En jouant dans la compagnie des hommes, J\u00e9r\u00f4me Cornuau Dissonances. De 1993 \u00e0 2005, il anime sur Radio Nova l\u00e9mission Nova fait son cin\u00e9ma. En 2004, il r\u00e9alise son premier film: Les parall\u00e8les. Il est actuellement en train de r\u00e9aliser le deuxi\u00e8me. Dario Argento : R\u00e9alisateur, Acteur, Producteur, Producteur ex\u00e9cutif, Sc\u00e9nariste, Compositeur italien. Depuis son premier film, L Oiseau au plumage de cristal, r\u00e9alis\u00e9 en 1970, Dario Argento est consid\u00e9r\u00e9 comme le chef de file du giallo, le polar \u00e0 litalienne. Ma\u00eetre du fantastique et du policier, Dario Argento a ind\u00e9niablement marqu\u00e9 de sa singularit\u00e9 le monde du 7e Art. Jean-Bernard Pouy est n\u00e9 \u00e0 Paris, en 1946. Il publie son premier roman Spinoza encule Hegel en 1983. Avec son deuxi\u00e8me roman, Nous avons br\u00fbl\u00e9 une Sainte, il entre \u00e0 la S\u00e9rie Noire sous le num\u00e9ro 1968. Adepte de lOulipo, il pratique assid\u00fbment l\u00e9criture \u00e0 contraintes ; il participe notamment \u00e0 l\u00e9mission Des Papous dans la t\u00eate sur France Culture. Il est le cr\u00e9ateur, en 1995, de linspecteur libertaire Gabriel Lecouvreur, dit Le Poulpe. Apr\u00e8s la disparition du format poche de la S\u00e9rie Noire, il lance, en hommage, en 2005, la Suite Noire. Toujours pr\u00eat \u00e0 servir la cause du roman noir et du roman populaire il a re\u00e7u, en 1996, le Grand Prix Paul F\u00e9val de Litt\u00e9rature Populaire, il est lauteur dune soixantaine de romans et dune centaine de nouvelles. Il a obtenu en 2008 le Grand Prix de lhumour noir pour lensemble de son oeuvre. 20h30 La Soif du Mal Touch of Evil de Orson Welles Avec Charlton Heston, Janet Leigh, Orson Welles, Marlene Dietrich, Joseph Calleia, Akim Tamiroff, Joanna Cook Moore, Ray Collins, Dennis Weaver 1958, 112, nb;, 35mm, version originale sous-titr\u00e9e en italien Une bombe explose et fait deux victimes \u00e0 Los Robles, petite ville \u00e0 la fronti\u00e8re des Etats-Unis et du Mexique. Deux policiers, lun am\u00e9ricain Quinlan, lautre mexicain Vargas enqu\u00eatent. Mais Vargas a des doutes sur la bonne foi de Quinlan Le sommet du baroque wellesien. Le baroque, d\u00e9fini par Borg\u00e8s comme l\u00e9tape finale de tout art lorsquil exhibe et dilapide ses moyens, convient \u00e0 merveille \u00e0 Welles pour d\u00e9crire un monde us\u00e9, pourrissant, presque parvenu au stade ultime de sa d\u00e9composition. Jacques Lourcelles Le 16 octobre dernier, la Fondation Ramsay Sant\u00e9 organisait la deuxi\u00e8me \u00e9dition des Rencontres Pr\u00e9vention Sant\u00e9 \u00e0 Paris. R\u00e9unis autour du th\u00e8me \u00catre jeune nuit-il gravement \u00e0 la sant\u00e9, des personnalit\u00e9s du secteur de la sant\u00e9 sont venus faire part de leur expertise et proposer des solutions en termes de pr\u00e9vention sant\u00e9 chez les jeunes. Retour sur cette journ\u00e9e de d\u00e9bats anim\u00e9e par, conseiller \u00e9ditorial de lExpress. <img decoding=\"async\" src=\"http:\/\/www.espace-1789.com\/sites\/default\/files\/Parole%20de%20Polar_0.jpg\" alt=\"rencontre nuit\" align=\"left\"> <img decoding=\"async\" src=\"http:\/\/www.toutelatele.com\/IMG\/arton80102.jpg\" alt=\"rencontre nuit\" align=\"right\"> LANSSI sera pr\u00e9sente lors de cet \u00e9v\u00e9nement, une occasion de dialoguer avec la communaut\u00e9 fran\u00e7aise du hacking. Guillaume Poupard ouvrira les conf\u00e9rences pour souligner limportance dune approche raisonn\u00e9e de la cybers\u00e9curit\u00e9, o\u00f9 les derni\u00e8res avanc\u00e9es techniques et les comp\u00e9tences sassocient pour structurer une fili\u00e8re industrielle. Bouches-du-Rh\u00f4ne : alerte orage pour ce 14 mai apr\u00e8s-midi En 1995, il se souvient que la SNCF avait octroy\u00e9 un local aux associatifs pour \u00e9viter la distribution de boissons et de repas chauds au d\u00e9bott\u00e9. Je ne comprenais pas : peu de monde venait. Et puis, on apprend petit \u00e0 petit que la rue ab\u00eeme tout. Certains avaient des cors au pied et ne pouvaient pas traverser la gare. Dautres \u00e9taient immobilis\u00e9s \u00e0 cause des probl\u00e8mes daddiction. Alors, il a chapard\u00e9 un fauteuil roulant \u00e0 lh\u00f4pital d\u00e0 c\u00f4t\u00e9 pour organiser des navettes. Jeudi, CNews a consacr\u00e9 une partie de sa matinale aux sans-abri. A Christian Page, des confr\u00e8res ont demand\u00e9 sil \u00e9tait pr\u00eat \u00e0 travailler. Et sil connaissait des gens qui s\u00e9taient sortis de la rue.   Les articles et les vid\u00e9os que vous consultez sur notre site web peuvent \u00eatre partag\u00e9s via les m\u00e9dias sociaux au moyen de certains boutons. Le fonctionnement de ces boutons s\u00e9taye sur des cookies de m\u00e9dias sociaux provenant des r\u00e9seaux sociaux, afin quils vous reconnaissent lorsque vous souhaitez partager un article ou une vid\u00e9o. <img decoding=\"async\" src=\"http:\/\/citation-celebre.leparisien.fr\/plugin\/citation\/view\/resource\/public\/img\/beautiful-image\/generic\/72391.png\" alt=\"rencontre nuit\" align=\"left\"> lieuxculturels Montmartre d\u00e9confin\u00e9 et son embl\u00e9matique mus\u00e9e reviennent \u00e0 la vie ce samedi 30 mai! Quand deux couleurs sont juxtapos\u00e9es, elles sont vraiment bord \u00e0 bord. Il ny a pas de chevauchement, aucune marge de s\u00e9curit\u00e9. Laventure commence pour trouver le refuge. Vincent, son gardien, nest pas un adepte de la publicit\u00e9 et il souhaite que lexp\u00e9rience refuge commence d\u00e8s le d\u00e9but. Une nuit dans la montagne, \u00e0 la rencontre du refuge du Kern Indiquez votre num\u00e9ro dabonn\u00e9 afin de profiter du contenu num\u00e9rique. Un dispositif r\u00e9gional sp\u00e9cifique daides aux communes doit \u00eatre mis en place : le plan de relance r\u00e9gional sp\u00e9cial COVID Philosophe et \u00e9crivain, Roger-Pol Droit est normalien, agr\u00e9g\u00e9, docteur en philosophie. Chroniqueur au Monde, aux \u00c9chos, au Point, il est lauteur dune quarantaine de livres sur les questions vives de notre \u00e9poque. Ses ouvrages sont traduits dans une trentaine de langues. Cest un message que je madresse \u00e0 moi-m\u00eame et que j\u00e9cris juste pour essayer daller mieux ou de comprendre les choses qui me sont arriv\u00e9es. Lonepsi toutes les nuits du monde, la cr\u00e9ation du nouvel ep R\u00e9unions citoyennes, radios, entreprises, associations, \u00e9tablissements scolaires et de soins, partout on vient! Plusieurs rendez-vous sportifs qui devaient avoir lieu durant cette p\u00e9riode de crise sanitaire ont \u00e9t\u00e9 .<\/p>\n","protected":false},"excerpt":{"rendered":"<p>rencontre nuit<\/p>\n","protected":false},"author":1,"featured_media":0,"comment_status":"closed","ping_status":"closed","sticky":false,"template":"","format":"standard","meta":{"footnotes":""},"categories":[1],"tags":[],"_links":{"self":[{"href":"http:\/\/bauclassroom.com\/info\/wp-json\/wp\/v2\/posts\/5719"}],"collection":[{"href":"http:\/\/bauclassroom.com\/info\/wp-json\/wp\/v2\/posts"}],"about":[{"href":"http:\/\/bauclassroom.com\/info\/wp-json\/wp\/v2\/types\/post"}],"author":[{"embeddable":true,"href":"http:\/\/bauclassroom.com\/info\/wp-json\/wp\/v2\/users\/1"}],"replies":[{"embeddable":true,"href":"http:\/\/bauclassroom.com\/info\/wp-json\/wp\/v2\/comments?post=5719"}],"version-history":[{"count":1,"href":"http:\/\/bauclassroom.com\/info\/wp-json\/wp\/v2\/posts\/5719\/revisions"}],"predecessor-version":[{"id":5720,"href":"http:\/\/bauclassroom.com\/info\/wp-json\/wp\/v2\/posts\/5719\/revisions\/5720"}],"wp:attachment":[{"href":"http:\/\/bauclassroom.com\/info\/wp-json\/wp\/v2\/media?parent=5719"}],"wp:term":[{"taxonomy":"category","embeddable":true,"href":"http:\/\/bauclassroom.com\/info\/wp-json\/wp\/v2\/categories?post=5719"},{"taxonomy":"post_tag","embeddable":true,"href":"http:\/\/bauclassroom.com\/info\/wp-json\/wp\/v2\/tags?post=5719"}],"curies":[{"name":"wp","href":"https:\/\/api.w.org\/{rel}","templated":true}]}}