{"id":5851,"date":"2020-10-02T18:28:42","date_gmt":"2020-10-02T18:28:42","guid":{"rendered":"http:\/\/bauclassroom.com\/info\/?p=5851"},"modified":"2020-09-26T11:28:16","modified_gmt":"2020-09-26T11:28:16","slug":"cine-rencontre-prades-2","status":"publish","type":"post","link":"http:\/\/bauclassroom.com\/info\/2020\/10\/02\/cine-rencontre-prades-2\/","title":{"rendered":"Cine Rencontre Prades"},"content":{"rendered":"<p> <img decoding=\"async\" src=\"http:\/\/catalogue.drouot.com\/images\/perso\/full\/LOT\/85\/17336\/237_1.jpg\" alt=\"cine rencontre prades\" align=\"center\"> Jour 3 : D\u00e9couverte des gorges du Cady, ensuite des panoramas \u00e0 couper le souffle nous attendent. Larriv\u00e9e \u00e0 lAbbaye de St Martin du Canigou semblera \u00e9ternelle. Parmi les 487 personnes figurant dans la promotion civile de la L\u00e9gion Retraites : le trafic SNCF et RATP toujours perturb\u00e9 mardi Les rencontres avec C\u00e9dric Kahn seront anim\u00e9s par Michel Ciment, critique de cin\u00e9ma. Appel \u00e0 films Decibels : clips, documentaires de cr\u00e9ation, courts m\u00e9trages sur la musique avec pour but de valoriser la cr\u00e9ation artistique des productions audiovisuelles musicales. Dur\u00e9e limite : 30 minutes. Inscription avant le 20 septembre 2011. 21h30 : Film en plein air : PRIDE De Matthew Warchus, Grande-Bretagne, com\u00e9die dramatique, 2014, 2h Avec Bill Nighy, Imelda Staunton, Paddy Considine Du 3 au 5 Novembre 2020 : Expoprotection Paris Porte de Versailles <img decoding=\"async\" src=\"http:\/\/www.more.wfcrimewatch.com\/upload\/news\/normal\/59aabcc49452e0.03896740.jpg\" alt=\"cine rencontre prades\" align=\"right\">  John, encore adolescent, rentre chez son p\u00e8re apr\u00e8s avoir purg\u00e9 sa peine de prison et aspire \u00e0 un nouveau d\u00e9part. Mais la communaut\u00e9 locale na ni oubli\u00e9, ni pardonn\u00e9 son crime. Sa pr\u00e9sence attise les pires pulsions chez chacun, latmosph\u00e8re devient mena\u00e7ante, proche du lynchage. Rejet\u00e9 par ses anciens amis et abandonn\u00e9 par ses proches, John perd espoir et la violence qui la conduit en prison refait peu \u00e0 peu surface. Dans limpossibilit\u00e9 deffacer le pass\u00e9, il d\u00e9cide dy faire face. Bel et m\u00e9rit\u00e9 hommage \u00e0 notre festival annuel de cin\u00e9ma et \u00e0 toute l\u00e9quipe des cin\u00e9-rencontres de Prades qui font vivre toute lann\u00e9e le 7\u00e8me art dans le Conflent. Gr\u00e9gory Daltin, solo filmographie des cin\u00e9-concerts r\u00e9alis\u00e9s en partenariat avec la Cin\u00e9math\u00e8que de Toulouse Activement pouss\u00e9e par un petit cercle, lappli fran\u00e7aise ne sera pas pr\u00eate pour le 11 mai, date du d\u00e9confinement.  La Nouvelle, nouvelle vague allemande : Rencontre avec Christian Petzold, en pr\u00e9sence du r\u00e9alisateur allemand. <img decoding=\"async\" src=\"http:\/\/www.unsagedebonnecompagnie.fr\/public\/EXPO_THOMAS_FB\/EXPO_FB_PRADES_MARS_2014\/.tract-versoFB_m.jpg\" alt=\"cine rencontre prades\" align=\"center\">-Prix FFCC : Libert\u00e9 la nuit de Philippe GARREL, France. Des films de qualit\u00e9 sur grand \u00e9cran en salle, et en classe, Larticle na pas \u00e9t\u00e9 envoy\u00e9-V\u00e9rifiez vos adresses e-mail-Long-m\u00e9trage prim\u00e9 : Together alone de P.J. CASTELANETTA, USA. Une jeune femme monte sur un plongeoir. En se rapprochant du bord, elle se met \u00e0 h\u00e9siter. Plus elle attend, plus la peur monte en elle. Dans sa t\u00eate, d\u00e9file toute une s\u00e9rie dexcuses pour \u00e9viter de se lancer. Jusqu\u00e0 ce que LAile universelle AU, association \u00e0 but humanitaire bas\u00e9e \u00e0 Elne, lance un appel pour continuer daider lONG Tam Tam Organisation non gouvernementale b\u00e9n\u00e9ficiaire de lAU depuis 2014 dans divers projets.<\/p>\n","protected":false},"excerpt":{"rendered":"<p>cine rencontre prades<\/p>\n","protected":false},"author":1,"featured_media":0,"comment_status":"closed","ping_status":"closed","sticky":false,"template":"","format":"standard","meta":{"footnotes":""},"categories":[1],"tags":[],"_links":{"self":[{"href":"http:\/\/bauclassroom.com\/info\/wp-json\/wp\/v2\/posts\/5851"}],"collection":[{"href":"http:\/\/bauclassroom.com\/info\/wp-json\/wp\/v2\/posts"}],"about":[{"href":"http:\/\/bauclassroom.com\/info\/wp-json\/wp\/v2\/types\/post"}],"author":[{"embeddable":true,"href":"http:\/\/bauclassroom.com\/info\/wp-json\/wp\/v2\/users\/1"}],"replies":[{"embeddable":true,"href":"http:\/\/bauclassroom.com\/info\/wp-json\/wp\/v2\/comments?post=5851"}],"version-history":[{"count":1,"href":"http:\/\/bauclassroom.com\/info\/wp-json\/wp\/v2\/posts\/5851\/revisions"}],"predecessor-version":[{"id":5852,"href":"http:\/\/bauclassroom.com\/info\/wp-json\/wp\/v2\/posts\/5851\/revisions\/5852"}],"wp:attachment":[{"href":"http:\/\/bauclassroom.com\/info\/wp-json\/wp\/v2\/media?parent=5851"}],"wp:term":[{"taxonomy":"category","embeddable":true,"href":"http:\/\/bauclassroom.com\/info\/wp-json\/wp\/v2\/categories?post=5851"},{"taxonomy":"post_tag","embeddable":true,"href":"http:\/\/bauclassroom.com\/info\/wp-json\/wp\/v2\/tags?post=5851"}],"curies":[{"name":"wp","href":"https:\/\/api.w.org\/{rel}","templated":true}]}}