{"id":5885,"date":"2020-10-02T20:55:17","date_gmt":"2020-10-02T20:55:17","guid":{"rendered":"http:\/\/bauclassroom.com\/info\/?p=5885"},"modified":"2020-09-26T13:39:54","modified_gmt":"2020-09-26T13:39:54","slug":"rencontres-de-l-imaginaire-sevres-2011-2","status":"publish","type":"post","link":"http:\/\/bauclassroom.com\/info\/2020\/10\/02\/rencontres-de-l-imaginaire-sevres-2011-2\/","title":{"rendered":"Rencontres De L Imaginaire S\u00e8vres 2011"},"content":{"rendered":"<p>En d\u00e9dicace le samedi 16 novembre 2019 de 14:00 \u00e0 19:00 \u00e0 la librairie-pr\u00e9sence de l\u00e9quipe du jeu vid\u00e9o Naheulbeuk, avec des choses \u00e0 voir et \u00e0 d\u00e9couvrir. Catherine Dufour au festival Trolls L\u00e9gendes de Mons, 2009 Ren\u00e9-Marc Dolhen Didier Graffet aux 12\u00e8mes Rencontres de lImaginaire de S\u00e8vres, 28 novembre 2015 Ren\u00e9-Marc Dolhen 15 planches du dessinateur pr\u00e9sentent ses univers graphiques o\u00f9 se croisent, onirisme, fantastique et science-fiction. N29 Alerte : patrimoine immat\u00e9riel en danger, \u00c9dition bilingue fran\u00e7ais-anglais 2014 Camille Leboulanger au festival Utopiales de Nantes en 2011 Ren\u00e9-Marc Dolhen Je serai sur place pour vous rencontrer, discuter et \u00e9ventuellement signer des machins! Au plaisir de revoir la Suisse. 16 h 30 17 h 30-Les d\u00e9tectives de l\u00e9trange <img decoding=\"async\" src=\"http:\/\/2.bp.blogspot.com\/-kTaPsXRnZ-s\/TutSN2SFZpI\/AAAAAAAABSw\/OBlF8MvF2tg\/w1200-h630-p-k-no-nu\/sevres2011.jpg\" alt=\"rencontres de l imaginaire s\u00e8vres 2011\" align=\"center\"> Jean-Pierre Laigle \u00e0 la Worldcon Convention Mondiale de SF de Montr\u00e9al, 2009 Ren\u00e9-Marc Dolhen Maladroit de naissance, de Yaro Abe, L\u00e9zard Noir  Renseignements : http:www.ville-sevres.frewb_pageseecole_et_jeunesse_actualite_6415.php Activit\u00e9s en famille Le Sel Carole Boudebesse, Utopiales 2007 Ren\u00e9-Marc Dolhen Jeanne-A Debats au festival Utopiales en 2009 Ren\u00e9-Marc Dolhen CAZA 2009, Krystal CAMPRUBI 2011, Pierre Lepivain 2012 S Tissandier aux Aventuriales 2018 HENNINGER Bernard  \u03bc\u03b5\u03c4\u03b1\u03c0\u03c4\u03c5\u03c7\u03b9\u03b1\u03ba\u03cc \u03c3\u03c4\u03b7 \u03b4\u03b7\u03bc\u03cc\u03c3\u03b9\u03b1 \u03b4\u03b9\u03bf\u03af\u03ba\u03b7\u03c3\u03b7 \u03bf\u03bb\u03b9\u03ba\u03ae\u03c2 \u03c0\u03bf\u03b9\u03cc\u03c4\u03b7\u03c4\u03b1\u03c2 Menu \u03bf \u03b5\u03be\u03c5\u03c0\u03bd\u03b1\u03ba\u03b9\u03b1\u03c2 \u03c0\u03b1\u03c0\u03b1\u03bc\u03b9\u03c7\u03b1\u03b7\u03bb <img decoding=\"async\" src=\"http:\/\/oklahomabenefitsgroup.com\/new\/wp-content\/uploads\/2015\/09\/pr%C3%A9nom-480x448.jpg\" alt=\"rencontres de l imaginaire s\u00e8vres 2011\" align=\"center\"> Bonus : D\u00e9mo du jeu de plateau du Donjon \u00e9galement dans le m\u00eame espace et au m\u00eame moment Rencontre avec lauteure illustratrice japonaise de bande dessin\u00e9e, Kan Takahama, pour son adaptation de LAmant dapr\u00e8s le roman de Marguerite Duras LAmant, dapr\u00e8s le roman de Marguerite Duras-traduction et adaptation de Corinne Quentin La Maison des Cultures du Monde a fait partie, lors de sa cr\u00e9ation en 1982, dune s\u00e9rie dinitiatives douverture de la France aux cultures des autres. Quelles ont \u00e9t\u00e9 les r\u00e9alisations et que reste-t-il aujourdhui de cette utopie? Autant de question d\u00e9battues lors du colloque de La Rochelle 19 et 20 octobre 2012 qui marquait trente ans dactivit\u00e9. Cet ouvrage r\u00e9unit les t\u00e9moignages duniversitaires, dartistes, de cr\u00e9ateurs, danimateurs culturels, de hauts fonctionnaires, qui ont particip\u00e9 \u00e0 cette politique douverture, qui en restituent lesprit et offrent des \u00e9l\u00e9ments dinformation souvent in\u00e9dits sur cette p\u00e9riode. Le patrimoine culturel immat\u00e9riel se manifeste dans des domaines tr\u00e8s diff\u00e9rents, et cest pr\u00e9cis\u00e9ment ce qui fonde sa richesse. Mais comment la convention de lUNESCO pour sa sauvegarde parviendra-t-elle \u00e0 prot\u00e9ger ce patrimoine contre les dangers qui le menacent? Ch\u00e9rif Khaznadar, pr\u00e9sident-fondateur de la Maison des Cultures du Monde et expert gouvernemental de la France pour cette convention dont il a pr\u00e9sid\u00e9 lassembl\u00e9e g\u00e9n\u00e9rale des \u00c9tats parties, fait part de son t\u00e9moignage, de son analyse et de mises en garde.  <img decoding=\"async\" src=\"http:\/\/www.clg-sevres.ac-versailles.fr\/IMG\/jpg\/affiche_astrid_perrot_3e6.jpg\" alt=\"rencontres de l imaginaire s\u00e8vres 2011\" align=\"left\"> Le Grimoire a remport\u00e9 le Troph\u00e9e du meilleur fanzine. Les photos et le compte rendu :.<\/p>\n","protected":false},"excerpt":{"rendered":"<p>rencontres de l imaginaire s\u00e8vres 2011<\/p>\n","protected":false},"author":1,"featured_media":0,"comment_status":"closed","ping_status":"closed","sticky":false,"template":"","format":"standard","meta":{"footnotes":""},"categories":[1],"tags":[],"_links":{"self":[{"href":"http:\/\/bauclassroom.com\/info\/wp-json\/wp\/v2\/posts\/5885"}],"collection":[{"href":"http:\/\/bauclassroom.com\/info\/wp-json\/wp\/v2\/posts"}],"about":[{"href":"http:\/\/bauclassroom.com\/info\/wp-json\/wp\/v2\/types\/post"}],"author":[{"embeddable":true,"href":"http:\/\/bauclassroom.com\/info\/wp-json\/wp\/v2\/users\/1"}],"replies":[{"embeddable":true,"href":"http:\/\/bauclassroom.com\/info\/wp-json\/wp\/v2\/comments?post=5885"}],"version-history":[{"count":1,"href":"http:\/\/bauclassroom.com\/info\/wp-json\/wp\/v2\/posts\/5885\/revisions"}],"predecessor-version":[{"id":5886,"href":"http:\/\/bauclassroom.com\/info\/wp-json\/wp\/v2\/posts\/5885\/revisions\/5886"}],"wp:attachment":[{"href":"http:\/\/bauclassroom.com\/info\/wp-json\/wp\/v2\/media?parent=5885"}],"wp:term":[{"taxonomy":"category","embeddable":true,"href":"http:\/\/bauclassroom.com\/info\/wp-json\/wp\/v2\/categories?post=5885"},{"taxonomy":"post_tag","embeddable":true,"href":"http:\/\/bauclassroom.com\/info\/wp-json\/wp\/v2\/tags?post=5885"}],"curies":[{"name":"wp","href":"https:\/\/api.w.org\/{rel}","templated":true}]}}