{"id":5947,"date":"2020-10-02T16:52:26","date_gmt":"2020-10-02T16:52:26","guid":{"rendered":"http:\/\/bauclassroom.com\/info\/?p=5947"},"modified":"2020-09-26T16:02:05","modified_gmt":"2020-09-26T16:02:05","slug":"ateliers-de-rencontres-musicales-2","status":"publish","type":"post","link":"http:\/\/bauclassroom.com\/info\/2020\/10\/02\/ateliers-de-rencontres-musicales-2\/","title":{"rendered":"Ateliers De Rencontres Musicales"},"content":{"rendered":"<p>N\u00e9 dans le Sud Ouest de La France, Guillaume Berceau d\u00e9bute tr\u00e8s t\u00f4t le saxophone dans une petite \u00e9cole de musique avant de poursuivre ses \u00e9tudes aux Conservatoires de Bordeaux, de Bayonne puis de Toulouse dans lesquels il obtient deux DEM de saxophone. Il a particip\u00e9 \u00e0 de nombreuses Masterclasses anim\u00e9es par les plus grands noms du saxophone mais \u00e9galement de la musique Rostropovitch, Vengerov, Lockwood, Zygel et Stockhausen. Il obtient en 2015 son Master 2 mention Tr\u00e8s Bien \u00e0 lunanimit\u00e9 avec les f\u00e9licitations du jury au Conservatoire National Sup\u00e9rieur de Musique de Paris dans la classe de MM. Delangle et Bois, mais aussi le Dipl\u00f4me dEtat denseignant au CEFEDEM dIle de France. Il sest dautre part distingu\u00e9 lors des concours de lUFAM et de Gap, puis en obtenant le 1er prix dhonneur du concours Bellan, et le 4\u00e8me prix du prestigieux concours international Adolphe Sax de Dinant en 2014. Guillaume enseigne aujourdhui le saxophone et limprovisation lors dacad\u00e9mies d\u00e9t\u00e9, mais aussi aux conservatoires du 16\u00e8me arrondissement de Paris et de Rambouillet. L\u00e9cole de musique propose un enseignement personnalis\u00e9 : le projet p\u00e9dagogique est \u00e9labor\u00e9 \u00e0 partir du profil de chaque \u00e9l\u00e8ve et de son objectif dapprentissage. Chacune peut apprendre, continuer ou reprendre la pratique dun instrument, quel que soit son \u00e2ge, son niveau et la formation suivie auparavant. <img decoding=\"async\" src=\"http:\/\/www.leguidedesfestivals.com\/upload\/fiche\/29298-2.jpg\" alt=\"ateliers de rencontres musicales\" align=\"center\"> Ce projet sinscrit dans la continuit\u00e9 du partenariat nou\u00e9 avec Le Garage \u00c9lectrique depuis 5 ans pour lorganisation dune journ\u00e9e professionnelle au sein du festival. Le Garage \u00c9lectrique a coordonn\u00e9 la r\u00e9alisation de temps de rencontres et d\u00e9changes pour les musiciens et les porteurs de projet en musiques actuelles sur la th\u00e9matique de laccompagnement festivals 2012, 2013, 2014, avant dexplorer des th\u00e9matiques ayant trait au d\u00e9veloppement local et au d\u00e9veloppement durable festivals 2015, 2016. La Cit\u00e9 de la musique est devenue la Cit\u00e9 de la musique-Philharmonie de Paris Vents : Fl\u00fbte traversi\u00e8re ; Fl\u00fbte \u00e0 bec ; Clarinette ; Saxophone ; Trombone ; Tuba. Cette ann\u00e9e encore, de grands noms c\u00f4toient des formations moins en vues ou locales. Ainsi pour cette nouvelle \u00e9dition, les t\u00eates daffiche de la programmation sont d\u00e9j\u00e0 compl\u00e8tes : Vanessa Paradis le mardi 5 novembre, Marc Lavoine le mercredi 6, Deluxe et Izia le samedi 9 ou encore Catherine Ringer le dimanche 10. Lorsque les artistes du Festival saccrochent dans le regard et le travail socio-culturel des familles, s\u00e9niors peintres de rues! REGARD INTERG\u00c9N\u00c9RATIONNEL SUR LES NUITS DU SUD <img decoding=\"async\" src=\"http:\/\/rencontresmusicalesdumalzieu.fr\/onewebmedia\/atelierjeudi3.jpg\" alt=\"ateliers de rencontres musicales\" align=\"center\"> probl\u00e8mes maj eu r s rencontr\u00e9s p a r lindus tr i e musicale, l es mesures.. Le Concert-spectacle pour enfants public familial Un pause musicale en quintette \u00e0 vent pour \u00e9voquer les brass bands am\u00e9ricains \u00e0 loccasion du centenaire de lentr\u00e9e en guerre des troupes am\u00e9ricaines dans le premier conflit mondial. Les Rencontres Musicales de V\u00e9zelay sont organis\u00e9es par Arsys Bourgogne, association subventionn\u00e9e par le conseil r\u00e9gional de Bourgogne, le minist\u00e8re de la culture et de la communication, et le conseil g\u00e9n\u00e9ral de lYonne. Cette association g\u00e8re \u00e9galement le choeur professionnel Arsys Bourgogne.  If you are on a personal connection, like at home, you can run an anti-virus scan on your device to make sure it is not infected with malware. Avant le concert dapr\u00e8s-midi assur\u00e9 cette ann\u00e9e par les New York Polyphony, le 21 \u00e0 16 heures, les amateurs sont invit\u00e9s \u00e0 d\u00e9couvrir le village et ses environs, notamment les mill\u00e9naires Fontaines sal\u00e9es, au fil de petits d\u00e9jeuners, ap\u00e9ros et autre visites, en musique bien entendue. Les retomb\u00e9es \u00e9conomiques, m\u00eame sil est difficile de les \u00e9valuer pr\u00e9cis\u00e9ment de laveu de Christian Guyot, ne sont pas n\u00e9gligeables, notamment pour les h\u00f4teliers et restaurateurs. La Place des Rencontres, \u00e0 mi-c\u00f4te Error message PDOException: SQLSTATE08004 1040 Too many connections in lock_may_be_available line 167 of varalternchtmlccdmccdmcassofrincludeslock.inc. Liszt : Tristia La Vall\u00e9e dObermann pour violon, cello et piano Cr\u00e9ez un compte et soyez alert\u00e9 en exclusivit\u00e9, gratuitement, par e-mail lors de toute mise \u00e0 jour dinformation sur la soci\u00e9t\u00e9 Sayd Bahodine Majrouh, lun des plus grands po\u00e8tes afghans, a consacr\u00e9 son \u0153uvre \u00e0 la d\u00e9fense de la libert\u00e9, \u00e0 une r\u00e9flexion sur les traditions de son pays et \u00e0 laffirmation des droits \u00e0 la passion amoureuse et au plaisir. Spojma\u00ef Zariab, po\u00e9tesse afghane, vous pr\u00e9sentera les \u0153uvres de ce po\u00e8te et conteur qui eut le courage de mourir pour la libert\u00e9. Les Rencontres se d\u00e9roulent dans le cadre exceptionnel de lAbbaye de La Pr\u00e9e, ainsi qu\u00e0 lH\u00f4pital de La Tour Blanche dIssoudun, et les \u00e9glises de Saint-Ambroix, Sainte-Lizaigne et Chezal-Benoist, en Berry. Les \u00e9l\u00e8ves ont auparavant \u00e9cout\u00e9 la musique de lartiste et \u00e9tudi\u00e9 sa biographie, et peuvent donc avoir pr\u00e9par\u00e9 des questions pour lartiste. D\u00e9confinement : lItalie d\u00e9voile son premier sc\u00e9nario pour l apr\u00e8s.. Mais aussi pour les spectacles \u00e0 lext\u00e9rieurs jeudi et vendredi, ceux de samedi ayant \u00e9t\u00e9 perturb\u00e9s par la pluie. Apr\u00e8s un petit set dun quart dheure, Dominique Morrisset nous a rapidement racont\u00e9 lhistoire de la guitare \u00e9lectrique, puis il nous a d\u00e9taill\u00e9 les principaux effets analogiques. Pour chacun dentre eux, il nous a illustr\u00e9 en musique les grands genres qui y ont recours. Consacr\u00e9 \u00e0 Brahms, Beethoven et Schumann, son premier enregistrement est paru en 2005. <img decoding=\"async\" src=\"http:\/\/cdt66.media.tourinsoft.eu\/upload\/VISUEL-MUSIQUE-CLASSIQUE.JPG\" alt=\"ateliers de rencontres musicales\" align=\"right\">  .<\/p>\n","protected":false},"excerpt":{"rendered":"<p>ateliers de rencontres musicales<\/p>\n","protected":false},"author":1,"featured_media":0,"comment_status":"closed","ping_status":"closed","sticky":false,"template":"","format":"standard","meta":{"footnotes":""},"categories":[1],"tags":[],"_links":{"self":[{"href":"http:\/\/bauclassroom.com\/info\/wp-json\/wp\/v2\/posts\/5947"}],"collection":[{"href":"http:\/\/bauclassroom.com\/info\/wp-json\/wp\/v2\/posts"}],"about":[{"href":"http:\/\/bauclassroom.com\/info\/wp-json\/wp\/v2\/types\/post"}],"author":[{"embeddable":true,"href":"http:\/\/bauclassroom.com\/info\/wp-json\/wp\/v2\/users\/1"}],"replies":[{"embeddable":true,"href":"http:\/\/bauclassroom.com\/info\/wp-json\/wp\/v2\/comments?post=5947"}],"version-history":[{"count":1,"href":"http:\/\/bauclassroom.com\/info\/wp-json\/wp\/v2\/posts\/5947\/revisions"}],"predecessor-version":[{"id":5948,"href":"http:\/\/bauclassroom.com\/info\/wp-json\/wp\/v2\/posts\/5947\/revisions\/5948"}],"wp:attachment":[{"href":"http:\/\/bauclassroom.com\/info\/wp-json\/wp\/v2\/media?parent=5947"}],"wp:term":[{"taxonomy":"category","embeddable":true,"href":"http:\/\/bauclassroom.com\/info\/wp-json\/wp\/v2\/categories?post=5947"},{"taxonomy":"post_tag","embeddable":true,"href":"http:\/\/bauclassroom.com\/info\/wp-json\/wp\/v2\/tags?post=5947"}],"curies":[{"name":"wp","href":"https:\/\/api.w.org\/{rel}","templated":true}]}}