{"id":6065,"date":"2020-10-03T11:26:10","date_gmt":"2020-10-03T11:26:10","guid":{"rendered":"http:\/\/bauclassroom.com\/info\/?p=6065"},"modified":"2020-09-26T20:47:10","modified_gmt":"2020-09-26T20:47:10","slug":"les-rencontres-du-sud-arles-2","status":"publish","type":"post","link":"http:\/\/bauclassroom.com\/info\/2020\/10\/03\/les-rencontres-du-sud-arles-2\/","title":{"rendered":"Les Rencontres Du Sud Arles"},"content":{"rendered":"<p>Office national des recherches scientifiques et industrielles et des inventions, Cornets acoustiques pour le rep\u00e9rage des avions de Georges Mabboux, 31 mai 1935. Collection CNRS, A_3264.  <img decoding=\"async\" src=\"http:\/\/www.agence-arles.com\/picture-400-2332\/2331580\/18082718005b9b9c2db88ed1.41115835_1620.jpg\" alt=\"les rencontres du sud arles\" align=\"right\"> ARTE Actions culturelles et Le Festival Les SUDS,\u00e0 ARLES cr\u00e9ent une billetterie sociale et solidaire, et vous offrent des places de concerts \u00e0 1! \u00c0 noter que de son c\u00f4t\u00e9, le festival Conviv\u00e8ncia sur la m\u00eame p\u00e9riode, du 13 au 18 juillet est en r\u00e9flexion sur le maintien de ses concerts D. B. : Non. Il m\u00e9tonnerait fort que Fran\u00e7ois H\u00e9bel ne suive pas cela, mais \u00e9videmment, il ny participe pas. Cette option vous permet de visualiser l\u00e9tat de votre compte favori d\u00e8s laccueil du site gr\u00e2ce \u00e0 une jauge personnalis\u00e9e. Lantenne locale de lAdie association fran\u00e7aise de microfinance en Europe est all\u00e9e aux nouvelles des cr\u00e9ateurs dentreprise de la r\u00e9gion Occitanie en les contactant directement.. Dautres m\u00e9c\u00e8nes sont plus r\u00e9cents, telles les fondations Herm\u00e8s ou, arriv\u00e9e lan dernier. Cest au grand photographe am\u00e9ricain Joel Meyerowitz et \u00e0 la galerie Polka que nous devons d\u00eatre devenus partenaires de cette extraordinaire caisse de r\u00e9sonance quArles offre \u00e0 la photo, souligne Fr\u00e9d\u00e9ric Rouzaud, patron des champagnes Roederer. Pour lui, plus quun festival, cest un lieu d\u00e9mulation artistique et entrepreneuriale dans une ville marqu\u00e9e par lart de vivre du Sud. Quels sont les h\u00f4tels pr\u00e8s de Librairie Actes Sud avec une note de 5 \u00e9toiles populaires \u00e0 Arles?  De gauche \u00e0 droite : Antonio chez lui, Seringal Santo Antonio, Acre, Br\u00e9sil 2017, Nilzenir sur le chemin du travail, Favela Agua Branca, S\u00e3o Paulo 2009 et Maria chez elle, Seringal Santo Antonio, Acre, Br\u00e9sil 2017. Ludovic Car\u00eame 2009-17Modds  Le crit\u00e8re principal de s\u00e9lection demeure lexpression dune vision dauteur. <img decoding=\"async\" src=\"http:\/\/fotopassion.fr\/wp-content\/uploads\/2011\/06\/RPA-02-480x223.jpg\" alt=\"les rencontres du sud arles\" align=\"left\"> 8, all\u00e9e des Marronniers-07500 Guilherand-Granges Vignette 220x220http:rootcms.elocms.comdocumentsusers251editorpicsactions-culturellesvignette mare nostrummasthibert.jpg <img decoding=\"async\" src=\"http:\/\/rootcms.elocms.com\/documents\/157\/slideshow3\/1920x1080_44328116679fdadb9b431f1a5dffcf11.jpg\" alt=\"les rencontres du sud arles\" align=\"right\"> One more step Please complete the security check to access www.pagesjaunes.fr IRMA Les Suds \u00e0 Arles : le programme des rencontres pro Suivez-nous sur Instagram Instagram did not return any images. Votre adresse mail est collect\u00e9e par Le Parisien pour vous permettre de recevoir nos actualit\u00e9s et offres commerciales.<\/p>\n","protected":false},"excerpt":{"rendered":"<p>les rencontres du sud arles<\/p>\n","protected":false},"author":1,"featured_media":0,"comment_status":"closed","ping_status":"closed","sticky":false,"template":"","format":"standard","meta":{"footnotes":""},"categories":[1],"tags":[],"_links":{"self":[{"href":"http:\/\/bauclassroom.com\/info\/wp-json\/wp\/v2\/posts\/6065"}],"collection":[{"href":"http:\/\/bauclassroom.com\/info\/wp-json\/wp\/v2\/posts"}],"about":[{"href":"http:\/\/bauclassroom.com\/info\/wp-json\/wp\/v2\/types\/post"}],"author":[{"embeddable":true,"href":"http:\/\/bauclassroom.com\/info\/wp-json\/wp\/v2\/users\/1"}],"replies":[{"embeddable":true,"href":"http:\/\/bauclassroom.com\/info\/wp-json\/wp\/v2\/comments?post=6065"}],"version-history":[{"count":1,"href":"http:\/\/bauclassroom.com\/info\/wp-json\/wp\/v2\/posts\/6065\/revisions"}],"predecessor-version":[{"id":6066,"href":"http:\/\/bauclassroom.com\/info\/wp-json\/wp\/v2\/posts\/6065\/revisions\/6066"}],"wp:attachment":[{"href":"http:\/\/bauclassroom.com\/info\/wp-json\/wp\/v2\/media?parent=6065"}],"wp:term":[{"taxonomy":"category","embeddable":true,"href":"http:\/\/bauclassroom.com\/info\/wp-json\/wp\/v2\/categories?post=6065"},{"taxonomy":"post_tag","embeddable":true,"href":"http:\/\/bauclassroom.com\/info\/wp-json\/wp\/v2\/tags?post=6065"}],"curies":[{"name":"wp","href":"https:\/\/api.w.org\/{rel}","templated":true}]}}