{"id":6073,"date":"2020-10-03T05:42:34","date_gmt":"2020-10-03T05:42:34","guid":{"rendered":"http:\/\/bauclassroom.com\/info\/?p=6073"},"modified":"2020-09-26T21:08:03","modified_gmt":"2020-09-26T21:08:03","slug":"site-de-rencontres-bienheureux-jean-paul-ii-2","status":"publish","type":"post","link":"http:\/\/bauclassroom.com\/info\/2020\/10\/03\/site-de-rencontres-bienheureux-jean-paul-ii-2\/","title":{"rendered":"Site De Rencontres Bienheureux Jean Paul Ii"},"content":{"rendered":"<p>Des grands parents attendris qui se demandent \u00e0 qui ressemble Charles? Le pape Fran\u00e7ois canonise Jean-Paul II et Jean XXIII  \u00c0 quinze ans, il devient pr\u00e9sident dune association de jeunes qui se consacre \u00e0 la Vierge Marie. Le 6 mai 1938, Karol Wojty\u0142a re\u00e7oit le de. En ao\u00fbt 1938, il quitte Wadowice, accompagn\u00e9 par son p\u00e8re, pour o\u00f9 il suit des \u00e9tudes de lettres \u00e0 l. Il approfondit sa connaissance de l\u00e9tymologie, de la phon\u00e9tique polonaise, du th\u00e9\u00e2tre et de la po\u00e9sie lyrique et se sp\u00e9cialise en polonaise. Religion-Canonisation de deux papes demain \u00e0 Rome, dont le premier Saint-P\u00e8re polonais Les miracul\u00e9es de Jean-Paul II t\u00e9moignent Jean-Paul II a \u00e9t\u00e9 pour nous un mod\u00e8le parfait de cette rencontre avec lhomme. For longer texts, use the worlds best online translator! Mais cette nouvelle \u00e2me quur est tomb\u00e9e dessus na pas que ce genre de cons\u00e9quence secondaire. Elle va leur faire prendre conscience quil faut se battre pour survivre, y compris en d\u00e9fon\u00e7ant le cr\u00e2ne du voisin sans autre motif que celui de revendiquer sa terre, devenir puissant et riche, de faire travailler les autres pour son propre compte, le tout avec la b\u00e9n\u00e9diction de l\u00e9glise bien entendu. Voici ce quun jeune moine d\u00e9gourdit r\u00e9pond au pieux et simple Ma\u00ebl qui soffusque de voir ses nouveaux convertis se battre et sassassiner sans r\u00e9pit : Prenez garde, mon p\u00e8re, que ce que vous appelez le meurtre et le vol est en effet la guerre et la conqu\u00eate, fondements sacr\u00e9s des empires et sources de toutes les vertus et de toutes les grandeurs humaines. Consid\u00e9rez surtout quen bl\u00e2mant le grand Pingouin, vous attaquez la propri\u00e9t\u00e9 dans son origine et son principe. Apr\u00e8s l\u00e9glise, voil\u00e0 comment France, en v\u00e9ritable penseur de lanarchisme, sen prend directement mais avec grande finesse, \u00e0 tous les grands principes permettant la conservation, la continuation de la propri\u00e9t\u00e9, justifie les guerres, les lois le moinillon les \u00e9voque un peu avant, les forces pr\u00e9pos\u00e9es au maintien de celles-ci, et surtout dun ordre des choses irr\u00e9fragable. Pour r\u00e9sumer en trois ou quatre mots la pens\u00e9e de lauteur, clairement, la propri\u00e9t\u00e9, cest le vol l\u00e9galis\u00e9. Le b\u00e9b\u00e9 est tr\u00e8s mignon, adorable et bien serein dans les bras de son Papa.  Le pape Jean-Paul II dans les romans de Sollers. <img decoding=\"async\" src=\"http:\/\/reflexionchretienne.e-monsite.com\/medias\/images\/495649228.jpg\" alt=\"site de rencontres bienheureux jean paul ii\" align=\"left\"> Nous avons la tr\u00e8s noble et belle mission de former les jeunes du XXI\u00e8me si\u00e8cle. Notre pays, notre monde vont avoir besoin de jeunes qui demain pourront prendre des responsabilit\u00e9s \u00e0 tous les niveaux. Notre d\u00e9sir, notre souhait est de former des jeunes comp\u00e9tents, altruistes et rayonnants, soucieux de la personne humaine, protecteurs de la cr\u00e9ation. Nous voulons donner aux jeunes une formation humaine et chr\u00e9tienne qui leur permette de vivre avec confiance et s\u00e9r\u00e9nit\u00e9 le monde de demain. Publi\u00e9 le : 30042011-15:12 Modifi\u00e9 le : 01052011-09:48  Hom\u00e9lie b\u00e9atification Jean-Paul II-Le Jour du Seigneur Appartement limineux et traversant situ\u00e9 au 3\u00e8me \u00e9tage, se composant dune.. La clart\u00e9 du jour se fait plus douce et plus tendre. Elle devient dor\u00e9e, puis rouge, puis violette. Elle enveloppe toutes choses dans une grande paix. You have reached your viewing limit for this book. Toutes les vid\u00e9 15 des meilleurs montages \u00e0 la con de la semaine, retirez-leur photoshop 15 des meilleurs de drhercouet, du rire de fa\u00e7on r\u00e9guli\u00e8, mais je suis d\u00e9j\u00e0, on est aussi sur on y donne beaucoup damour, suis-nous :Inscris toi \u00e0 notre topissime newsletter. Cela permet de synth\u00e9tiser les r\u00e9ponses et de rendre la recherche plus avons les sites 100 gratuits et sans inscription :Puis les sites gratuitspayants avec inscription : la liste des sites avec inscription, je nai pas eu la curiosit\u00e9courage de minscrire. <img decoding=\"async\" src=\"http:\/\/www.lepoint.fr\/images\/2014\/04\/27\/rome-paques-italie-canonisation-papes-2594727-jpg_2240010_660x281.JPG\" alt=\"site de rencontres bienheureux jean paul ii\" align=\"right\"> <img decoding=\"async\" src=\"http:\/\/idata.over-blog.com\/4\/41\/29\/41\/Jean-Paul-II\/Coloriages\/J-P-II-020.jpg\" alt=\"site de rencontres bienheureux jean paul ii\" align=\"center\"> Jai \u00e9t\u00e9 marqu\u00e9e par le monde, cette foule qui venait de tous les pays pour une seule personne alors que je mattendais \u00e0 ne voir que des polonais! On \u00e9tait port\u00e9 par la foule autant que par la pri\u00e8re. On \u00e9tait l\u00e0 aussi pour Benoit XVI. C\u00e9tait un grand moment de f\u00eate et de recueillement!<\/p>\n","protected":false},"excerpt":{"rendered":"<p>site de rencontres bienheureux jean paul ii<\/p>\n","protected":false},"author":1,"featured_media":0,"comment_status":"closed","ping_status":"closed","sticky":false,"template":"","format":"standard","meta":{"footnotes":""},"categories":[1],"tags":[],"_links":{"self":[{"href":"http:\/\/bauclassroom.com\/info\/wp-json\/wp\/v2\/posts\/6073"}],"collection":[{"href":"http:\/\/bauclassroom.com\/info\/wp-json\/wp\/v2\/posts"}],"about":[{"href":"http:\/\/bauclassroom.com\/info\/wp-json\/wp\/v2\/types\/post"}],"author":[{"embeddable":true,"href":"http:\/\/bauclassroom.com\/info\/wp-json\/wp\/v2\/users\/1"}],"replies":[{"embeddable":true,"href":"http:\/\/bauclassroom.com\/info\/wp-json\/wp\/v2\/comments?post=6073"}],"version-history":[{"count":1,"href":"http:\/\/bauclassroom.com\/info\/wp-json\/wp\/v2\/posts\/6073\/revisions"}],"predecessor-version":[{"id":6074,"href":"http:\/\/bauclassroom.com\/info\/wp-json\/wp\/v2\/posts\/6073\/revisions\/6074"}],"wp:attachment":[{"href":"http:\/\/bauclassroom.com\/info\/wp-json\/wp\/v2\/media?parent=6073"}],"wp:term":[{"taxonomy":"category","embeddable":true,"href":"http:\/\/bauclassroom.com\/info\/wp-json\/wp\/v2\/categories?post=6073"},{"taxonomy":"post_tag","embeddable":true,"href":"http:\/\/bauclassroom.com\/info\/wp-json\/wp\/v2\/tags?post=6073"}],"curies":[{"name":"wp","href":"https:\/\/api.w.org\/{rel}","templated":true}]}}