{"id":6081,"date":"2020-10-03T04:48:33","date_gmt":"2020-10-03T04:48:33","guid":{"rendered":"http:\/\/bauclassroom.com\/info\/?p=6081"},"modified":"2020-09-26T21:21:37","modified_gmt":"2020-09-26T21:21:37","slug":"rencontre-de-jeunesse-2011-gruyere-2","status":"publish","type":"post","link":"http:\/\/bauclassroom.com\/info\/2020\/10\/03\/rencontre-de-jeunesse-2011-gruyere-2\/","title":{"rendered":"Rencontre De Jeunesse 2011 Gruy\u00e8re"},"content":{"rendered":"<p>Soleil Productions est un des principaux \u00e9diteurs de bande dessin\u00e9e fran\u00e7ais. Cr\u00e9\u00e9 en 1982 par Mourad Boudjellal, la maison d\u00e9dition conna\u00eetre le succ\u00e8s avec des s\u00e9ries plut\u00f4t typ\u00e9 fantasy, Lanfeust de Troy en t\u00eate. Ce qui nemp\u00eache pas Soleil de proposer des s\u00e9ries et albums vari\u00e9s sur le th\u00e8me du vampire, depuis Daffodil et Nocturnes Rouges, jusquaux r\u00e9centes variations autour du roman de Dracula, dont plusieurs tomes ont vu le jour dans le collection 1800, chapeaut\u00e9e par Jean-Luc Istin. Suivez toute lactualit\u00e9 du Temps sur les r\u00e9seaux sociaux \u03a3\u03c4\u03b7\u03bd \u03ba\u03b1\u03b8\u03b7\u03bc\u03b5\u03c1\u03b9\u03bd\u03cc\u03c4\u03b7\u03c4\u03ac \u03bc\u03b1\u03c2, \u03b7 \u03bc\u03cc\u03bb\u03c5\u03bd\u03c3\u03b7, \u03c4\u03bf \u03c3\u03c4\u03c1\u03b5\u03c2 \u03ba\u03b1\u03b9 \u03c4\u03b9 \u03ba\u03c1\u03cd\u03bf \u03c3\u03c5\u03bc\u03b2\u03ac\u03bb\u03bb\u03bf\u03c5\u03bd \u03c3\u03c4\u03b7\u03bd \u03b1\u03c6\u03c5\u03b4\u03ac\u03c4\u03c9\u03c3\u03b7, \u03b7 \u03b5\u03c0\u03b9\u03b4\u03b5\u03c1\u03bc\u03af\u03b4\u03b1 \u03b1\u03c0\u03bf\u03b4\u03bf\u03bc\u03b5\u03af\u03c4\u03b1\u03b9 \u03c3\u03c7\u03b7\u03bc\u03b1\u03c4\u03af\u03b6\u03bf\u03bd\u03c4\u03b1\u03b9 \u03bb\u03b5\u03c0\u03c4\u03ad\u03c2 \u03b3\u03c1\u03b1\u03bc\u03bc\u03ad\u03c2 \u03ba\u03b1\u03b9 \u03c5\u03c0\u03bf\u03c6\u03ad\u03c1\u03bf\u03c5\u03bc\u03b5 \u03b1\u03c0\u03cc \u03c4\u03c1\u03ac\u03b2\u03b7\u03b3\u03bc\u03b1. En tant quauteur, jadore les histoires courtes, mais en tant que lecteur, je suis toujours un peu frustr\u00e9. Il fallait que je trouve un fil rouge, un lien entre chaque chapitre. Lorelei h\u00e9rite des biens de son p\u00e8re, de mani\u00e8re \u00e0 pouvoir emp\u00eacher les vampires qui assi\u00e8gent le manoir de p\u00e9n\u00e9trer les lieux, o\u00f9 se sont r\u00e9fugi\u00e9s Alo\u00efs et la belle m!\u00e8re de la jeune-femme, devenue elle aussi une cr\u00e9ature de la nuit. Pi\u00e9g\u00e9 entre les murs de la maison, les deux vampires vont fomenter un plan pour faire venir \u00e0 eux la nourriture dont ils ont besoin.   Les jeunes ont notamment \u00e9t\u00e9 interpell\u00e9s par un ancien toxicomane fribourgeois, Jean-Daniel Piller, auteur de Terrasser le serpent-Itin\u00e9raire dun toxico r\u00e9silient Editions Favre, qui fut toxicomane pendant plus de trente ans, et qui intervient d\u00e9sormais dans le domaine de la pr\u00e9vention. Il a t\u00e9moign\u00e9 que le Christ a jou\u00e9 un r\u00f4le fondamental dans sa reconstruction. EDITO : cest lhiver ouvert au vert! Cest avec joie et fiert\u00e9 que RMIZ offre une visibilit\u00e9 aux, association nationale aux ramifications locales Cest gratuit, cest gentil, et il nest pas question de saison privil\u00e9gi\u00e9e pour cela, \u00e0 tout moment ceci est normal de se pr\u00e9occuper de ses voisins d\u00e9munis, trop souvent invisibles. Perle de jade et loiseau blanc, illustrations Chryst\u00e8le Lim, \u00e9d. LivrS, 2016 album jeunesse. La p\u00e9rennit\u00e9 de nos entreprises et de nos branches passera par ces soutiens individuels. Avec le soutien de la Fonsart, de Memoriav, de la Fondation Hans Wilsdorf et de la Loterie Romande. <img decoding=\"async\" src=\"http:\/\/www.puortaldovt.cf\/cache\/avatars\/32617_1523450148_fr.png\" alt=\"rencontre de jeunesse 2011 gruy\u00e8re\" align=\"center\"> <img decoding=\"async\" src=\"http:\/\/www.diffusions.pro\/uploads\/company\/520cfb8dafc97\/1024x768\/2018072517595b589e6827144.jpg\" alt=\"rencontre de jeunesse 2011 gruy\u00e8re\" align=\"right\"> Historique jeunesse Gruy\u00e8res La Porta Diable Sur la place des jeux de la 29e Rencontre des jeunesses gru\u00e9riennes, se dresse une tour pour le moins imposante. Ce type dinstallations, qui font fureur lors des girons, ont un statut particulier. Ils font lobjet dun suivi de la part dun ing\u00e9nieur civil, mais le Bureau de pr\u00e9vention des accidents refuse de les contr\u00f4ler. La fondation ne saurait en effet poser une expertise sur ce qui passe, au mieux, pour un prototype. 2020 Association fribourgeoise des Jeunes Musiciens AFJM \u03a7\u03ac\u03c1\u03b7 \u03c3\u03c4\u03b1 \u03b5\u03bd\u03b5\u03c1\u03b3\u03ac \u03c3\u03c5\u03c3\u03c4\u03b1\u03c4\u03b9\u03ba\u03ac \u03c4\u03b7\u03c2 \u03b5\u03bd\u03b5\u03c1\u03b3\u03bf\u03c0\u03bf\u03b9\u03b5\u03af\u03c4\u03b1\u03b9 \u03b7 \u03c6\u03c5\u03c3\u03b9\u03ba\u03ae \u03b4\u03b9\u03b1\u03b4\u03b9\u03ba\u03b1\u03c3\u03af\u03b1 \u03b5\u03bd\u03c5\u03b4\u03ac\u03c4\u03c9\u03c3\u03b7\u03c2 \u03ba\u03b1\u03b9 \u03b5\u03bd\u03b9\u03c3\u03c7\u03cd\u03b5\u03c4\u03b1\u03b9 \u03b7 \u03ba\u03c5\u03ba\u03bb\u03bf\u03c6\u03bf\u03c1\u03af\u03b1 \u03bd\u03b5\u03c1\u03bf\u03cd \u03c3\u03c4\u03b1 \u03b5\u03c0\u03b9\u03b4\u03b5\u03c1\u03bc\u03b9\u03ba\u03ac \u03ba\u03cd\u03c4\u03c4\u03b1\u03c1\u03b1. \u0395\u03bd\u03c5\u03b4\u03b1\u03c4\u03b9\u03ba\u03ae \u03ba\u03c1\u03ad\u03bc\u03b1 \u03c0\u03bb\u03bf\u03cd\u03c3\u03b9\u03b1\u03c2 \u03c5\u03c6\u03ae\u03c2 \u03b3\u03b9\u03b1 \u03be\u03b7\u03c1\u03ac \u03ba\u03b1\u03b9 \u03c0\u03bf\u03bb\u03cd \u03be\u03b7\u03c1\u03ac \u03b4\u03ad\u03c1\u03bc\u03b1\u03c4\u03b1. Le romancier lausannois Alain Freudiger raconte la vie tragique du champion finlandais des ann\u00e9es 1980 qui fut sacr\u00e9 meilleur sauteur \u00e0 skis de tous les temps Les jeunes chr\u00e9tiens \u00e9vang\u00e9liques voient grand et aiment quand \u00e7a bouge Portail catholique suisse Les jeunes chr\u00e9tiens \u00e9vang\u00e9liques voient grand et aiment quand \u00e7a bouge cath.ch <img decoding=\"async\" src=\"http:\/\/gsreenteam.ga\/wp-content\/medias\/2017\/04\/boutique-saint-barth-femmes-1950x2600.jpg\" alt=\"rencontre de jeunesse 2011 gruy\u00e8re\" align=\"left\"> Toute petite d\u00e9j\u00e0, serrant mon doudou Mickey contre moi, je me passionne pour lunivers Disney que je d\u00e9couvre avec mon p\u00e8re. Cest en octobre 2019 que loccasion mest donn\u00e9e de vivre cette passion au quotidien en int\u00e9grant la famille ED92 en tant que r\u00e9dactrice pour les divers m\u00e9dias sociaux du groupe https:s3.gy.digitalboxpharmacyuploadsassetdata15530La_Roche_Posay_HYDRAPHASE_INTENSE_Masque__2_x_6_ml.jpg Vanessa Deroche Imhof, 47 ans, infirmi\u00e8re, a \u00e9t\u00e9 active dans lorganisation de la gr\u00e8ve f\u00e9ministe du canton de Vaud en 2019. Un an apr\u00e8s, alors que le coronavirus est pass\u00e9 par l\u00e0, elle revient sur le combat pour l\u00e9galit\u00e9 quelle m\u00e8ne aussi bien pour sa profession que pour les femmes en g\u00e9n\u00e9ral Le premier voyage europ\u00e9en est celui qui ram\u00e8ne le roi dIthaque, Ulysse, de Troie \u00e0 son \u00eele natale. Pour faire ce qui prendrait aujourdhui trois jours \u00e0 un bateau de croisi\u00e8re, il met dix ans. Il traverse des temp\u00eates, rencontre des dieux, des mages, des tra\u00eetres. Le voyage dUlysse a un but mais ce sont les \u00e9preuves quil traverse qui en font un v\u00e9ritable voyage. Une fois rentr\u00e9 \u00e0 Ithaque et son tr\u00f4ne r\u00e9cup\u00e9r\u00e9, Ulysse ne vit plus grand-chose dint\u00e9ressant \u00e0 conter dans un livre, l\u00e9pop\u00e9e est termin\u00e9e, il peut reposer.  De mani\u00e8re \u00e0 aller \u00e0 la rencontre de ces jeunes sur les territoires, J\u00e9tais arriv\u00e9 \u00e0 ce point d\u00e9motion o\u00f9 se rencontrent les sensations c\u00e9lestes donn\u00e9es par les beaux-arts et les sentiments passionn\u00e9s. En sortant de Santa Croce, javais un battement de c\u0153ur ; la vie \u00e9tait \u00e9puis\u00e9e chez moi, je marchais avec la crainte de tomber. Lid\u00e9e de mettre en sc\u00e8ne Mickey qui raconte ses exploits mest venue tr\u00e8s rapidement. Et pour que ce soit un peu plus original, je lai fait vieux. Je lai appel\u00e9 p\u00e9p\u00e9 Mickey et je lui ai coll\u00e9 un arri\u00e8repetit-neveu du nom de Norbert. Ensemble, ils ont le m\u00eame type de relation que moi avec ma grand-m\u00e8re qui me racontait des anecdotes sur sa jeunesse : elle \u00e9tait n\u00e9e en 1909, donc elle en avait pas mal en r\u00e9serve Mes histoires \u00e9taient bourr\u00e9es daction. En faisant intervenir P\u00e9p\u00e9 Mickey et Norbert, je pouvais ralentir le rythme avec des dialogues rigolos. Norbert n\u00e9coute pas sagement son arri\u00e8re grand oncle, il intervient et met en doute sa parole un peu comme moi avec ma grand-m\u00e8re. Petit \u00e0 petit, de spectateur, Norbert devient acteur et commence lui-aussi \u00e0 vivre des mini-aventures. L\u00e9pilogue conclut dailleurs bien cet \u00e9tat desprit. Gr\u00e2ce \u00e0 cette relation, les cinq petites histoires en forment une grande!<\/p>\n","protected":false},"excerpt":{"rendered":"<p>rencontre de jeunesse 2011 gruy\u00e8re<\/p>\n","protected":false},"author":1,"featured_media":0,"comment_status":"closed","ping_status":"closed","sticky":false,"template":"","format":"standard","meta":{"footnotes":""},"categories":[1],"tags":[],"_links":{"self":[{"href":"http:\/\/bauclassroom.com\/info\/wp-json\/wp\/v2\/posts\/6081"}],"collection":[{"href":"http:\/\/bauclassroom.com\/info\/wp-json\/wp\/v2\/posts"}],"about":[{"href":"http:\/\/bauclassroom.com\/info\/wp-json\/wp\/v2\/types\/post"}],"author":[{"embeddable":true,"href":"http:\/\/bauclassroom.com\/info\/wp-json\/wp\/v2\/users\/1"}],"replies":[{"embeddable":true,"href":"http:\/\/bauclassroom.com\/info\/wp-json\/wp\/v2\/comments?post=6081"}],"version-history":[{"count":1,"href":"http:\/\/bauclassroom.com\/info\/wp-json\/wp\/v2\/posts\/6081\/revisions"}],"predecessor-version":[{"id":6082,"href":"http:\/\/bauclassroom.com\/info\/wp-json\/wp\/v2\/posts\/6081\/revisions\/6082"}],"wp:attachment":[{"href":"http:\/\/bauclassroom.com\/info\/wp-json\/wp\/v2\/media?parent=6081"}],"wp:term":[{"taxonomy":"category","embeddable":true,"href":"http:\/\/bauclassroom.com\/info\/wp-json\/wp\/v2\/categories?post=6081"},{"taxonomy":"post_tag","embeddable":true,"href":"http:\/\/bauclassroom.com\/info\/wp-json\/wp\/v2\/tags?post=6081"}],"curies":[{"name":"wp","href":"https:\/\/api.w.org\/{rel}","templated":true}]}}