{"id":6101,"date":"2020-10-03T16:16:57","date_gmt":"2020-10-03T16:16:57","guid":{"rendered":"http:\/\/bauclassroom.com\/info\/?p=6101"},"modified":"2020-09-26T22:00:55","modified_gmt":"2020-09-26T22:00:55","slug":"rencontre-brel-brassens-2","status":"publish","type":"post","link":"http:\/\/bauclassroom.com\/info\/2020\/10\/03\/rencontre-brel-brassens-2\/","title":{"rendered":"Rencontre Brel Brassens"},"content":{"rendered":"<p>Du 10 d\u00e9cembre 1968 au 17 mai 1969, LHomme de la Mancha se joue au th\u00e9\u00e2tre des Champs-\u00c9lys\u00e9es. Grand Jacques a bien s\u00fbr invit\u00e9 Georges \u00e0 venir le voir sur sc\u00e8ne. Celui-ci, ainsi que Gibraltar, appr\u00e9cient beaucoup son interpr\u00e9tation sans pour autant adh\u00e9rer, comme lexplique Marcel Azzola dans Chauffe Marcel! 2006, \u00e0 certains caract\u00e8res appuy\u00e9s tels que la prononciation de Don Quichotte avec le phon\u00e8me ch exag\u00e9r\u00e9ment assimil\u00e9 \u00e0 un double r roul\u00e9. Cest aussi au cours de cette p\u00e9riode qua lieu un \u00e9v\u00e8nement mythique: linterview crois\u00e9e entre Georges Brassens, Jacques Brel et L\u00e9o Ferr\u00e9 qui se tient le 6 janvier 1969 \u00e0 16h30, rue Saint Placide dans le VIe arrondissement. Elle a \u00e9t\u00e9 initi\u00e9e et enregistr\u00e9e par Fran\u00e7ois-Ren\u00e9 Cristiani pour RTL. Le photographe Jean-Pierre Leloir immortalise l\u00e9v\u00e9nement pour le magazine Rock Folk de f\u00e9vrier 1969. Un ouvrage y sera consacr\u00e9 plus de 30 ans apr\u00e8s Cristiani F-R. Et Leloir J-P, 2003. Brel, Brassens, Ferr\u00e9. Trois hommes dans un salon, FayardChorus, Paris: 80 pp. Le 8 janv. 2021 Report du concert du 17 avril.. Chalon-sur-Sa\u00f4ne  Qui ne connait pas cette mythique photographie? Derri\u00e8re cette rencontre au sommet de la po\u00e9sie francophone il y a des id\u00e9es \u00e9chang\u00e9es, des mots quils faut vite d\u00e9couvrir pour saisir toute la grandeur exceptionnelle de cette inesp\u00e9r\u00e9e r\u00e9union! Pour en savoir davantage, y compris comment contr\u00f4ler les cookies, voir : 1 : Cristiani Fran\u00e7ois-Ren\u00e9, Leloir Jean-Pierre, Trois Hommes dans un salon : Brel, Brassens, Ferr\u00e9, Fayard, Chorus, Paris, 2003, p.7 <img decoding=\"async\" src=\"http:\/\/www.gite-la-source.com\/2015-panneau-ete01-580.jpg\" alt=\"rencontre brel brassens\" align=\"left\"> Charles Aznavour aurait voulu faire partie de la bande des trois de la chanson fran\u00e7aise, immortalis\u00e9s sur une c\u00e9l\u00e8bre photo. Pourtant, pour Alister, auteur-compositeur-interpr\u00e8te et fondateur de la revue Schnock, la l\u00e9gende du music-hall fran\u00e7ais ne devait avoir aucun regret.  Listening to Fernande de Brassens, old hobbies, I always remember this wine. <img decoding=\"async\" src=\"http:\/\/www.nosenchanteurs.eu\/wp-content\/uploads\/2013\/06\/9782749128320-350x536.jpg\" alt=\"rencontre brel brassens\" align=\"left\"> Brassens doit constater une forme despoir, il ne doit pas en \u00eatre fier parce quil est trop intelligent pour senvoyer des fleurs parce quil se d\u00e9couvre un peu despoir, et puis dun autre c\u00f4t\u00e9 il se heurte \u00e0 cette envie de bonheur quil doit avoir envie de distribuer du coin de son sourire. Jinsiste sur le sourire de Brassens qui est le plus beau sourire dhomme que je connaisse, dailleurs Elles seront \u00e9galement utilis\u00e9es sous r\u00e9serve des options souscrites, \u00e0 des fins de ciblage publicitaire.  Le jour o\u00f9 Nina Simone r\u00eavait de faire carri\u00e8re dans la musique classique Nina Simone est consid\u00e9r\u00e9e comme lune des plus grandes chanteuses de soul et de jazz de tous.. <img decoding=\"async\" src=\"http:\/\/idata.over-blog.com\/0\/60\/04\/49\/Artistes-Acteurs-Ecrivains-Musiciens\/MUSICIENS\/Leo-FERRE\/leo-ferre-199226.jpg\" alt=\"rencontre brel brassens\" align=\"center\"> Write CSS OR LESS and hit save. CTRL SPACE for auto-complete. Larticle r\u00e9cent de Flor\u00e9al sur les e sonores fantaisistes ajout\u00e9s dans les chansons \u00e0 la fin de certains mots lorsquil manque un pied a suscit\u00e9 de Le monde de la guitare lesp\u00e9rait, cest fait. Jean-F\u00e9lix Lalanne a gliss\u00e9 dans lunivers de Georges Brassens. Il a en extrait un spectacle quil est venu inaugurer au festival Brassens de Vaison-la-Romaine. Jean Ferrat : Alors l\u00e0, je suis exactement dun avis oppos\u00e9. Lann\u00e9e 1969 d\u00e9marre sur les chapeaux de roue pour Georges Brassens. Le 1er janvier \u00e0 23 h, il est linvit\u00e9 de marque de la premi\u00e8re cha\u00eene de t\u00e9l\u00e9vision. Cest un \u00e9v\u00e9nement. A 47 ans, lauteur de LAuvergnat est au fa\u00eete de sa popularit\u00e9. Paru en novembre 1966, son dernier album, celui qui souvre par Supplique pour \u00eatre enterr\u00e9 \u00e0 la plage de S\u00e8te, a \u00e9t\u00e9 un immense succ\u00e8s. Et le 8 juin 1967, lAcad\u00e9mie fran\u00e7aise lui a d\u00e9cern\u00e9 le Grand Prix de po\u00e9sie pour lensemble de son \u0153uvre. Un couronnement. Au d\u00e9but des, Georges Brassens engage son ami comme secr\u00e9taire artistique et organisateur de ses tourn\u00e9es. Apr\u00e8s de longues ann\u00e9es de vaches maigres, Brassens a consacr\u00e9 lun de ses premiers cachets \u00e0 lachat dune cam\u00e9ra. Nous sommes en 1952 et il nest pas encore tr\u00e8s connu. Chouette Plan\u00e8te, \u00e0 10 heures, du 19 au 28 f\u00e9vrier, sur Fr\u00e9quence Wallonie 06.01 au 03.02 : sur RTL, L\u00e9o Ferr\u00e9, Jacques Brel et Georges Brassens.<\/p>\n","protected":false},"excerpt":{"rendered":"<p>rencontre brel brassens<\/p>\n","protected":false},"author":1,"featured_media":0,"comment_status":"closed","ping_status":"closed","sticky":false,"template":"","format":"standard","meta":{"footnotes":""},"categories":[1],"tags":[],"_links":{"self":[{"href":"http:\/\/bauclassroom.com\/info\/wp-json\/wp\/v2\/posts\/6101"}],"collection":[{"href":"http:\/\/bauclassroom.com\/info\/wp-json\/wp\/v2\/posts"}],"about":[{"href":"http:\/\/bauclassroom.com\/info\/wp-json\/wp\/v2\/types\/post"}],"author":[{"embeddable":true,"href":"http:\/\/bauclassroom.com\/info\/wp-json\/wp\/v2\/users\/1"}],"replies":[{"embeddable":true,"href":"http:\/\/bauclassroom.com\/info\/wp-json\/wp\/v2\/comments?post=6101"}],"version-history":[{"count":1,"href":"http:\/\/bauclassroom.com\/info\/wp-json\/wp\/v2\/posts\/6101\/revisions"}],"predecessor-version":[{"id":6102,"href":"http:\/\/bauclassroom.com\/info\/wp-json\/wp\/v2\/posts\/6101\/revisions\/6102"}],"wp:attachment":[{"href":"http:\/\/bauclassroom.com\/info\/wp-json\/wp\/v2\/media?parent=6101"}],"wp:term":[{"taxonomy":"category","embeddable":true,"href":"http:\/\/bauclassroom.com\/info\/wp-json\/wp\/v2\/categories?post=6101"},{"taxonomy":"post_tag","embeddable":true,"href":"http:\/\/bauclassroom.com\/info\/wp-json\/wp\/v2\/tags?post=6101"}],"curies":[{"name":"wp","href":"https:\/\/api.w.org\/{rel}","templated":true}]}}