{"id":613,"date":"2020-09-19T01:31:33","date_gmt":"2020-09-19T01:31:33","guid":{"rendered":"http:\/\/bauclassroom.com\/info\/?p=613"},"modified":"2020-09-19T00:53:35","modified_gmt":"2020-09-19T00:53:35","slug":"rencontre-kaolack","status":"publish","type":"post","link":"http:\/\/bauclassroom.com\/info\/2020\/09\/19\/rencontre-kaolack\/","title":{"rendered":"Rencontre Kaolack"},"content":{"rendered":"<p>S\u00e3o-Tom\u00e9, 8 Avril STP-Press Il y a 2 mois 4 jours 22 heures 41 minutes The National Board for Small Scale Industries NBSSI has held a meeting with relevant associations to discuss governments Coronavirus Alleviation Programme Business Support Scheme for the private sector. BRAZZAVILLE, 4 Mai ACI Il y a un mois 8 jours 23 heures 18 minutes Le pr\u00e9sident de la Chambre des m\u00e9tiers de Ferkess\u00e9dougou, Coulibaly Zakaria, a invit\u00e9 les acteurs du secteur informel impact\u00e9s par la crise \u00e0 Covid-19 \u00e0 sinscrire \u00e0 lagence emploi jeunes, en vue de b\u00e9n\u00e9ficier du Fonds de soutien du secteur informel FASI. <img decoding=\"async\" src=\"http:\/\/www.sinstallerausenegal.com\/wp-content\/uploads\/2016\/10\/753a4f044b1941dcfd4d535a8bed1785_L.jpg\" alt=\"rencontre kaolack\" align=\"center\"> Conakry, 5 Avril AGP Il y a 2 mois 7 jours 17 heures 13 minutes Que vous ayez des centres dint\u00e9r\u00eat ou des fantasmes \u00e0 partager aupr\u00e8s dutilisateurs Locanto! Aux Etats-Unis dAm\u00e9rique do\u00f9 est parti le mouvement Black lives matter, les manifestants se sont pris aux statues de Christophe Colomb, dans plusieurs villes. La repr\u00e9sentation de celui qui a d\u00e9couvert lAm\u00e9rique a \u00e9t\u00e9 d\u00e9boulonn\u00e9e \u00e0 Boston, dans le Massachusetts. A Richmond, en Virginie, se statue a \u00e9t\u00e9 jet\u00e9e dans un lac. Ailleurs, cest le m\u00eame constat. A Miami, dans lEtat de Floride, une statue de Christophe Colomb, situ\u00e9e dans un parc, a \u00e9t\u00e9 attaqu\u00e9e par des manifestants. Christophe Colomb est consid\u00e9r\u00e9 comme celui qui a d\u00e9couvert lAm\u00e9rique en 1492. A Fort-de-France et \u00e0 Sch\u0153lcher, en Martinique, deux statues de Victor Sch\u0153lcher, pourtant consid\u00e9r\u00e9 comme celui qui a aboli lesclavage en 1848, ont \u00e9t\u00e9 saccag\u00e9es par des manifestants. A Birmingham, dans lEtat am\u00e9ricain dAlabama, les manifestants ont renvers\u00e9 la statue de Charles Linn, un capitaine de lArm\u00e9e conf\u00e9d\u00e9r\u00e9e qui se battait pour les Etats du Sud esclavagistes.  Le d\u00e9put\u00e9 de Divo commune, Famoussa Coulibaly, a remis aux diff\u00e9rents organes des m\u00e9dias pr\u00e9sents \u00e0 Divo du mat\u00e9riel sanitaire et dhygi\u00e8ne, dans le cadre de la lutte contre la maladie \u00e0 coronavirus, Covid-19. Deux entreprises mini\u00e8res ont fait don, ce vendredi, \u00e0 Abidjan, dune somme totale de 30 millions de francs CFA au gouvernement dans le cadre de la lutte contre la pand\u00e9mie de COVID-19. Accra, 20 Avril GNA Il y a un mois 22 jours 13 heures 16 minutes Le ministre du Tourisme et des Transports a\u00e9riens, Alioune Sarr, a anim\u00e9, vendredi, une visioconf\u00e9rence ax\u00e9e sur le financement des acteurs de la cha\u00eene de valeur tourisme de la r\u00e9gion de Kaffrine, \u00e0 travers le cr\u00e9dit h\u00f4telier et touristique. The Ghana Revenue Authority GRA says no changes have been made to the Benchmark Value Policy discount policy and that it continues to be implemented as originally announced by the Vice President, Dr Bawumia. DABA Solutions est donc un espace dinterconnexion pour tous ceux qui veulent agir, chaque partie prenante pouvant soumettre un besoin, proposer une solution, contribuer sous diff\u00e9rentes formes, pr\u00e9cise le communiqu\u00e9.  Aujourdhui, alors que les nuages continuent de samonceler sur la t\u00eate de son b\u00e9b\u00e9, lhomme reste droit dans ses bottes. Sans appr\u00e9hension particuli\u00e8re sur son avenir! Weurseuk, dit-il sto\u00efquement, Yalla moko yoor. A la kouli haal, tu auras ce que tu dois avoir. Moi, cest comme \u00e7a que je con\u00e7ois les choses. Avec beaucoup de s\u00e9r\u00e9nit\u00e9 et dhumilit\u00e9, il ajoute : Pour \u00eatre issu dune famille tr\u00e8s pauvre, pour avoir v\u00e9cu pendant des ann\u00e9es dans les difficult\u00e9s, je nai pas dappr\u00e9hension sur ce quest la gal\u00e8re Parce que je lai d\u00e9j\u00e0 connue. Cest comme quelquun qui a d\u00e9j\u00e0 connu la mort et qui revient \u00e0 la vie. Sil doit encore mourir, peut-\u00eatre quil ne va pas lappr\u00e9hender comme quelquun qui na jamais connu cet \u00e9tat. Dans ma vie, jai connu toutes les gal\u00e8res, d\u00e9clare le DG dAkilee. Le directeur g\u00e9n\u00e9ral de la Soci\u00e9t\u00e9 immobili\u00e8re du Cap-Vert SICAP, Mamadou Kass\u00e9, a remis samedi, du mat\u00e9riel de pr\u00e9vention contre la Coivd-19 \u00e0 lInspection dacad\u00e9mie de Tambacounda, en perspective de la reprise des cours pour les classes dexamen pr\u00e9vue le 2 juin prochain. Brazzaville, 12 Avril ACI Il y a 2 mois 11 heures 9 minutes Accra, 12 Avril GNA Il y a 2 mois 20 heures 26 minutes Oui, cest naturel, cest \u00e0 cause de leau, je pense, il y a trop de chlore, de calcaire. D\u00e8s que tu perds tes premi\u00e8res dents de lait, les deuxi\u00e8mes dents qui arrivent elles sont color\u00e9es. Mais avec la technologie, on peut les enlever, cest facile de les enlever, mais bon moi je nai pas voulu, cest moi. Mais \u00e7a c\u00e9tait il y a longtemps, mes jeunes fr\u00e8res ou mes ni\u00e8ces qui sont n\u00e9s maintenant \u00e0 Kaolack, nont pas les dents marrons, ils ont les dents toutes blanches. Les gens de Dakar nous font parfois des blagues, parce queux sont de la ville et nous, on est un peu de la campagne. Ils disent que les gens de Kaolack ont des dents en or. Cest notre fiert\u00e9, cest pour cela que je les ai gard\u00e9es. Abidjan, 20 Avril AIP Il y a un mois 22 jours 19 heures 47 minutes <img decoding=\"async\" src=\"http:\/\/africaleadnews.com\/wp-content\/uploads\/2017\/06\/kaolack-adji-mergane.jpg\" alt=\"rencontre kaolack\" align=\"right\"> <img decoding=\"async\" src=\"http:\/\/www.enqueteplus.com\/sites\/default\/files\/styles\/article-default\/public\/main\/articles\/k33.jpg\" alt=\"rencontre kaolack\" align=\"right\"> Accra, 10 Avril GNA Il y a 2 mois 2 jours 17 heures 38 minutes Le Secr\u00e9tariat technique du Comit\u00e9 multisectoriel de la riposte \u00e0 l\u00e9pid\u00e9mie \u00e0 la maladie \u00e0 virus Ebola et de la riposte contre la Covid-19 en RDC a annonc\u00e9 lundi les d\u00e9c\u00e8s de deux de ses membres, dans ses bulletins quotidiens sur la situation \u00e9pid\u00e9miologique de ces deux maladies parvenus mardi \u00e0 lACP.  Trois 3 nouveaux cas d\u00e9clar\u00e9s positifs, tous contamin\u00e9s dans une structure sanitaire de la place, sont venus alourdir le bilan \u00e9pid\u00e9miologique du Gabon.<\/p>\n","protected":false},"excerpt":{"rendered":"<p>rencontre kaolack<\/p>\n","protected":false},"author":1,"featured_media":0,"comment_status":"closed","ping_status":"closed","sticky":false,"template":"","format":"standard","meta":{"footnotes":""},"categories":[1],"tags":[],"_links":{"self":[{"href":"http:\/\/bauclassroom.com\/info\/wp-json\/wp\/v2\/posts\/613"}],"collection":[{"href":"http:\/\/bauclassroom.com\/info\/wp-json\/wp\/v2\/posts"}],"about":[{"href":"http:\/\/bauclassroom.com\/info\/wp-json\/wp\/v2\/types\/post"}],"author":[{"embeddable":true,"href":"http:\/\/bauclassroom.com\/info\/wp-json\/wp\/v2\/users\/1"}],"replies":[{"embeddable":true,"href":"http:\/\/bauclassroom.com\/info\/wp-json\/wp\/v2\/comments?post=613"}],"version-history":[{"count":1,"href":"http:\/\/bauclassroom.com\/info\/wp-json\/wp\/v2\/posts\/613\/revisions"}],"predecessor-version":[{"id":614,"href":"http:\/\/bauclassroom.com\/info\/wp-json\/wp\/v2\/posts\/613\/revisions\/614"}],"wp:attachment":[{"href":"http:\/\/bauclassroom.com\/info\/wp-json\/wp\/v2\/media?parent=613"}],"wp:term":[{"taxonomy":"category","embeddable":true,"href":"http:\/\/bauclassroom.com\/info\/wp-json\/wp\/v2\/categories?post=613"},{"taxonomy":"post_tag","embeddable":true,"href":"http:\/\/bauclassroom.com\/info\/wp-json\/wp\/v2\/tags?post=613"}],"curies":[{"name":"wp","href":"https:\/\/api.w.org\/{rel}","templated":true}]}}