{"id":6193,"date":"2020-10-03T08:35:53","date_gmt":"2020-10-03T08:35:53","guid":{"rendered":"http:\/\/bauclassroom.com\/info\/?p=6193"},"modified":"2020-09-27T00:57:42","modified_gmt":"2020-09-27T00:57:42","slug":"alain-crombecque-au-fil-des-rencontres-2","status":"publish","type":"post","link":"http:\/\/bauclassroom.com\/info\/2020\/10\/03\/alain-crombecque-au-fil-des-rencontres-2\/","title":{"rendered":"Alain Crombecque Au Fil Des Rencontres"},"content":{"rendered":"<p>Ce regard crisp\u00e9 jusqu\u00e0 linqui\u00e9tude ne lui ressemblait gu\u00e8re-pressentait-il quelque chose-, lui qui avait pour habitude de regarder le monde en biais, avec un sourire en coin, une main soutenant son menton, ne parlant gu\u00e8re mais parlant bien. \u5012\u6570\u7b2c\u4e8c\u4e2a\u4eba L Avant-dernier des hommes, trad. De Ning Chun, Beijing, Presse de l Universit\u00e9 de la Communication de Chine, 2013. : La philosophie, le th\u00e9\u00e2tre, la vraie vie, avec Alain Badiou, \u00c9ditions Universitaires dAvignon. Vous pouvez suivre les r\u00e9ponses \u00e0 cet article par le fil. \u0391\u03bd\u03b1\u03c0\u03c4\u03c5\u03be\u03b9\u03b1\u03ba\u03b7 \u03b4\u03b9\u03b1\u03c4\u03b1\u03c1\u03b1\u03c7\u03b7 \u03c3\u03c5\u03bd\u03c4\u03bf\u03bd\u03b9\u03c3\u03bc\u03bf\u03c5 \u03ba\u03b9\u03bd\u03b7\u03c3\u03b5\u03c9\u03bd 27.01 \u03b5\u03bd\u03c5\u03b4\u03c1\u03b5\u03b9\u03bf \u03ba\u03c1\u03b7\u03c4\u03b7\u03c2 \u03b2\u03b9\u03ba\u03b9\u03c0\u03b1\u03b9\u03b4\u03b5\u03b9\u03b1 0.29 \u03b7\u03bc\u03b5\u03c1\u03bf\u03bc\u03b7\u03bd\u03b9\u03b1 \u03b5\u03b3\u03b3\u03c1\u03b1\u03c6\u03b7\u03c2 \u03c0\u03c1\u03c9\u03c4\u03bf\u03b5\u03c4\u03c9\u03bd 2015 0.036 \u03bc\u03ac\u03b9\u03bf\u03c2 \u03ae \u03bc\u03ac\u03ca\u03bf\u03c2 5.88 Un acc\u00e8s \u00e0 la biblioth\u00e8que YouScribe est n\u00e9cessaire pour lire int\u00e9gralement cet ouvrage. 2020 Read Alain Crombecque : Au fil des rencontres by Christine Crombecque R\u00e9\u00e9couter Jean-Paul Dubois : Je nattends rien des autres, jattends \u00e9norm\u00e9ment de moi \u00e9couter 5 min 5 min 2008: Femmes hors du voile, photographs by Isabelle Eshraghi, \u00e9ditions du Ch\u00eane. Constituez pour votre usage personnel vos listes de livres en pr\u00e9visions dachats futurs et votre s\u00e9lection darticles, dossiers, \u00e9v\u00e9nements, vid\u00e9os ou podcasts pr\u00e9f\u00e9r\u00e9s ou \u00e0 d\u00e9couvrir plus tard.. Auteurs de larticle Michel Moskovtchenko : NicoV, Vlaam, OrlodrimBot, RobokoBot, Daehan, CommonsDelinker, Xavierd80, Marc-AntoineV, Eric-92, Bob08, Prom\u00e9th\u00e9eBot, KasparBot, Mario93, Bot de pluie, Gzen92Bot, Milky2, Muijz. Le Festival dautomne qui bat son plein depuis un mois vient de perdre son patron. Cette brutale disparition attriste tout le milieu du spectacle. Alain Crombecque \u00e9tait lami de nombreux artistes : Peter Brook, aupr\u00e8s de qui il a commenc\u00e9 ; J\u00e9r\u00f4me Savary dont il a \u00e9t\u00e9 lattach\u00e9 de presse pendant la p\u00e9riode du Grand Magic Circus ; Claude R\u00e9gy, Alfredo Arias ou Georges Wilson quil a accompagn\u00e9s un temps comme relations publiques ; Patrice Ch\u00e9reau dont il a \u00e9t\u00e9 le conseiller artistique au Th\u00e9\u00e2tre des Amandiers de Nanterre La liste est longue, dautant quAlain Crombecque, directeur du Festival dAvignon de 1985 \u00e0 1992, puis du Festival dautomne \u00e0 Paris depuis 1993 en a crois\u00e9 des g\u00e9n\u00e9rations de cr\u00e9ateurs. La majorit\u00e9 de ceux quil a d\u00e9fendus sont aujourdhui connus internationalement. Leurs \u0153uvres nauraient pas eu autant de retentissement sans son intuition. Sil connaissait parfaitement son m\u00e9tier de programmateur, Alain Crombecque fonctionnait en effet aussi beaucoup au gr\u00e9 des hasards et des rencontres. Sans th\u00e9orie, ni a priori esth\u00e9tique, il travaillait au coup de foudre et au souvenir. Son bureau \u00e9tait toujours ouvert. Disponible, y compris pour la stagiaire que jai \u00e9t\u00e9 au Festival dAvignon et au Festival dautomne, il ne manquait pas de gentilles attentions. Car jai eu la chance de le c\u00f4toyer quand jai commenc\u00e9 mes activit\u00e9s dattach\u00e9e de presse. <img decoding=\"async\" src=\"http:\/\/www.note.anglersacademy.org\/media\/00\/01\/948483426.jpg\" alt=\"alain crombecque au fil des rencontres\" align=\"right\"> Frye Leisen avait fond\u00e9 un festival \u00e0 Anvers avant de fonder le Kunstenfestivaldesarts \u00e0 Bruxelles en 1992. Elle le dirigea pendant quatorze ans avant de laisser place \u00e0 une nouvelle g\u00e9n\u00e9ration. En 2014, directrice artistique du Wiener Festwochen, elle d\u00e9missionne car la part des d\u00e9penses administratives est sup\u00e9rieure aux activit\u00e9s artistiques. Inversion que tu nacceptas jamais. Lann\u00e9e suivante, elle donne une conf\u00e9rence au Sydney Opera House. Tout ce quelle dit ce jour-l\u00e0, tu aurais pu le dire. Elle dit quelle place lartiste au centre. Elle raconte que cest \u00e0 elle de sadapter au rythme de lartiste et \u00e0 ses besoins, de laccompagner dans la production de son travail. Elle dit quil est important de se d\u00e9placer, daller d\u00e9couvrir des artistes et de voir lartiste chez lui dans son pays, son milieu, que la personnalit\u00e9 de lartiste est plus importante quun seul de ses travaux, quil faut sengager dans ce quelle nomme un parcours avec lui, avec elle. Que son r\u00f4le de directrice de th\u00e9\u00e2tre ou de festival est comme le tien celui dun trait dunion, ce petit signe qui r\u00e9unit deux mots, deux mondes, les artistes et les spectateurs. 2012: Le Bruit du monde : le geste et la parole, \u00e9ditions universitaires dAvignon.  \u03bc\u03c0\u03c1\u03cc\u03ba\u03bf\u03bb\u03bf \u03c3\u03b1\u03bb\u03ac\u03c4\u03b1 \u03b8\u03b5\u03c1\u03bc\u03af\u03b4\u03b5\u03c2 0 \u03b7 \u03c7\u03c1\u03cc\u03bd\u03b9\u03b1 \u03c4\u03bf\u03c5 \u03c3\u03ba\u03cd\u03bb\u03bf\u03c5-<img decoding=\"async\" src=\"http:\/\/catalogue.gazette-drouot.com\/images\/perso\/full\/ACTUALITE\/266\/10351.jpg\" alt=\"alain crombecque au fil des rencontres\" align=\"right\"> \u03b1\u03b4\u03b9\u03b1\u03b2\u03c1\u03bf\u03c7\u03bf \u03c5\u03c6\u03b1\u03c3\u03bc\u03b1 \u03b3\u03b9\u03b1 \u03ba\u03b1\u03bd\u03b1\u03c0\u03b5 0 \u03ba\u03ac\u03b8\u03b5 \u03c6\u03bf\u03c1\u03ac \u03c0\u03c1\u03ce\u03c4\u03b7 \u03c6\u03bf\u03c1\u03ac trailer-\u03bf\u03c0\u03b1\u03b4 \u03c0\u03b1\u03c4\u03c1\u03b1 \u03b4\u03b9\u03b5\u03c5\u03b8\u03c5\u03bd\u03c3\u03b7 0.208 \u03c4\u03b7\u03bb\u03b5\u03c6\u03c9\u03bd\u03bf \u03b5\u03ba\u03b4\u03bf\u03c4\u03b7\u03c1\u03b9\u03b1 \u03bf\u03c3\u03b5 \u03c3\u03c4\u03b1\u03b8\u03bc\u03bf\u03c2 \u03bb\u03b1\u03c1\u03b9\u03c3\u03b7\u03c2-0.95 \u03c6\u03bf\u03c1\u03b5\u03bc\u03b1\u03c4\u03b1 \u03b3\u03b9\u03b1 \u03b1\u03c0\u03bf\u03c6\u03bf\u03b9\u03c4\u03b7\u03c3\u03b7 \u03bb\u03c5\u03ba\u03b5\u03b9\u03bf\u03c5 \u038c\u03c0\u03c9\u03c2 \u03b1\u03bd\u03b1\u03ba\u03bf\u03af\u03bd\u03c9\u03c3\u03b5 \u03c3\u03c7\u03b5\u03c4\u03b9\u03ba\u03ac \u03c4\u03bf \u03a5\u03c0\u03bf\u03c5\u03c1\u03b3\u03b5\u03af\u03bf \u03a0\u03b1\u03b9\u03b4\u03b5\u03af\u03b1\u03c2, \u03ba\u03b1\u03c4\u03b1\u03c4\u03ad\u03b8\u03b7\u03ba\u03b5 \u03c3\u03c4\u03b7 \u03c4\u03b6\u03b1\u03bc\u03c0\u03bf \u03c9\u03c1\u03b1\u03c1\u03b9\u03bf \u03c3\u03b7\u03bc\u03b5\u03c1\u03b1 0.011 \u03ba\u03bf\u03bd\u03b4\u03c5\u03bb\u03c9\u03bc\u03b1\u03c4\u03b1 \u03b8\u03b5\u03c1\u03b1\u03c0\u03b5\u03b9\u03b1 \u03b1\u03bd\u03b4\u03c1\u03b5\u03c2-L homme au trou, Grabuge, Paris, 1978, p 3-5.  <img decoding=\"async\" src=\"http:\/\/www.adjjust.tk\/wp-content\/uploads\/2015\/09\/Le-Labyrinthe-La-Terre-Br%C3%BBl%C3%A9e-Affiche-Finale.jpg\" alt=\"alain crombecque au fil des rencontres\" align=\"center\"> Philippe Brunel, Michel Moskovtchenko-Catalogue des estampes, 1963-2010, Jan de MaereGalerie Ories, LyonImprimerie Rimbaud, Cavaillon, 2018. Je traque. Mes choix me sont dict\u00e9s par le choc des rencontres img srchttps:en.wikipedia.orgen.wikipedia.orgwikiSpecial:CentralAutoLoginstart?type1x1 alt title width1 height1 styleborder: none; position: absolute; Dix ans d\u00e9j\u00e0 que tu nes plus l\u00e0. Dix \u00e9t\u00e9s et autant dautomnes. Dans les heures et les jours qui ont suivi ta disparition le 12 octobre 2009, tu n\u00e9tais plus l\u00e0 pour compter le nombre de tes amis qui se sont manifest\u00e9s dans les m\u00e9dias, aupr\u00e8s de Christine, ton \u00e9pouse, de votre fille Helena, de tes collaborateurs au.. .<\/p>\n","protected":false},"excerpt":{"rendered":"<p>alain crombecque au fil des rencontres<\/p>\n","protected":false},"author":1,"featured_media":0,"comment_status":"closed","ping_status":"closed","sticky":false,"template":"","format":"standard","meta":{"footnotes":""},"categories":[1],"tags":[],"_links":{"self":[{"href":"http:\/\/bauclassroom.com\/info\/wp-json\/wp\/v2\/posts\/6193"}],"collection":[{"href":"http:\/\/bauclassroom.com\/info\/wp-json\/wp\/v2\/posts"}],"about":[{"href":"http:\/\/bauclassroom.com\/info\/wp-json\/wp\/v2\/types\/post"}],"author":[{"embeddable":true,"href":"http:\/\/bauclassroom.com\/info\/wp-json\/wp\/v2\/users\/1"}],"replies":[{"embeddable":true,"href":"http:\/\/bauclassroom.com\/info\/wp-json\/wp\/v2\/comments?post=6193"}],"version-history":[{"count":1,"href":"http:\/\/bauclassroom.com\/info\/wp-json\/wp\/v2\/posts\/6193\/revisions"}],"predecessor-version":[{"id":6194,"href":"http:\/\/bauclassroom.com\/info\/wp-json\/wp\/v2\/posts\/6193\/revisions\/6194"}],"wp:attachment":[{"href":"http:\/\/bauclassroom.com\/info\/wp-json\/wp\/v2\/media?parent=6193"}],"wp:term":[{"taxonomy":"category","embeddable":true,"href":"http:\/\/bauclassroom.com\/info\/wp-json\/wp\/v2\/categories?post=6193"},{"taxonomy":"post_tag","embeddable":true,"href":"http:\/\/bauclassroom.com\/info\/wp-json\/wp\/v2\/tags?post=6193"}],"curies":[{"name":"wp","href":"https:\/\/api.w.org\/{rel}","templated":true}]}}