{"id":6247,"date":"2020-10-03T12:07:35","date_gmt":"2020-10-03T12:07:35","guid":{"rendered":"http:\/\/bauclassroom.com\/info\/?p=6247"},"modified":"2020-09-27T02:56:48","modified_gmt":"2020-09-27T02:56:48","slug":"rencontres-d-aout-lussas-2","status":"publish","type":"post","link":"http:\/\/bauclassroom.com\/info\/2020\/10\/03\/rencontres-d-aout-lussas-2\/","title":{"rendered":"Rencontres D Aout Lussas"},"content":{"rendered":"<p><img decoding=\"async\" src=\"http:\/\/www.lesfilmsdici.fr\/img\/cms\/actu\/Festivals_Aout2016.jpg\" alt=\"rencontres d aout lussas\" align=\"right\"> Commission europ\u00e9enne-Programme M\u00e9dia, Drac Rh\u00f4ne-Alpes Mis \u00e0 jour le 09062020 par Office de Tourisme du Pays dAubenas-Vals-Antraigues-Tarifs : Acc\u00e8s libre.-Ouverture : Du 0101 au 3112, tous les mercredis et dimanches de 7h \u00e0 12h.-Ouverture : Du 1704 au 2512, tous les dimanches de 9h \u00e0 12h30. Mis \u00e0 jour le 11052020 par Office de Tourisme de ValEyrieux-Ard\u00e8che Hautes Vall\u00e9es Lundi 19 LABEAUME, R\u00e9catadou BOHEMIAN RHAPSODY VF <img decoding=\"async\" src=\"http:\/\/www.more.wfcrimewatch.com\/upload\/podcasts\/photos\/normal\/5a576e8ced5ae1.39150438_mini.jpg\" alt=\"rencontres d aout lussas\" align=\"right\">  Valorisation et m\u00e9diation des archives de l\u00e9cole documentaire Traductions : Carmen Benito-Garcia, Vivianne Chaudon, Sylviane-les rencontres professionnelles proposent des temps privil\u00e9gi\u00e9s d\u00e9change entre les diff\u00e9rentes cat\u00e9gories professionnelles, destin\u00e9s \u00e0 sinformer, se mobiliser et \u00e0 engager une r\u00e9flexion commune \u00e0 tous les secteurs de la profession autour des perspectives \u00e9conomiques et de diffusion du documentaire. La s\u00e9lection Exp\u00e9riences du regard, confi\u00e9e comme lan dernier \u00e0 Dominique Auvray et Vincent Dieutre, sint\u00e9resse tout particuli\u00e8rement \u00e0 la production francophone europ\u00e9enne de lann\u00e9e et met en avant des \u0153uvres r\u00e9centes et peu diffus\u00e9es. Histoire de doc renforce la dimension de formation \u00e0 travers la programmation d\u0153uvres de r\u00e9f\u00e9rence ou de patrimoine. Fragments dune \u0153uvre propose des r\u00e9trospectives dauteurs confirm\u00e9s ou la d\u00e9couverte de la filmographie de jeunes auteurs. Route du doc propose de faire le point sur l\u00e9volution du documentaire hors de nos fronti\u00e8res. Et les s\u00e9ances plein air du soir noublient pas les films \u00e0 caract\u00e8re plus \u00e9v\u00e9nementiel Master 2 documentaire de cr\u00e9ation option r\u00e9alisation et production-Tarifs : Acc\u00e8s libre.-Ouverture : Dimanche 5 juillet 2020. Kees Bakker, Jean-Marie Barbe, Laurent Bismuth, Philippe Boucq,  Cest le rendez-vous incontournable de la cr\u00e9ation fran\u00e7aise, offrant au grand public et aux professionnels le meilleurs des fictionss\u00e9ries in\u00e9dites de lann\u00e9e. Ce sont plus de 60 oeuvres en comp\u00e9tition officielle, hors comp\u00e9tition et projections sp\u00e9ciales, rassemblant ainsi tous les formats et tous les genres de la fiction fran\u00e7aise et europ\u00e9enne pour tous les supports de diffusion.  R\u00c3sidence d\u00e2\u00c3criture de long m\u00c3trage de fiction \u00c2 De l\u00e2\u00c3crit \u00c3 l\u00e2\u00c3cran \u00c2 \u00c3 Presles, Vercors. Venez d\u00e9couvrir le village de caract\u00e8re de Vog\u00fc\u00e9 avec Dominique Chagnol, votre guide, qui vous am\u00e8nera \u00e0 la d\u00e9couverte de ce village pittoresque class\u00e9 Village de caract\u00e8re et Les plus beaux villages de France.-Samedi 23 juin : Concert chez lhabitant \u00e0 St Vincent de Barr\u00e8s 07 Pour soumettre votre avis vous devez vous connecter. International Construction et Patrimoine C.I.C.P. <img decoding=\"async\" src=\"http:\/\/ekladata.com\/046XGbh7ikyc3khQRYpi8Hfk8No@778x1100.jpg\" alt=\"rencontres d aout lussas\" align=\"left\">.<\/p>\n","protected":false},"excerpt":{"rendered":"<p>rencontres d aout lussas<\/p>\n","protected":false},"author":1,"featured_media":0,"comment_status":"closed","ping_status":"closed","sticky":false,"template":"","format":"standard","meta":{"footnotes":""},"categories":[1],"tags":[],"_links":{"self":[{"href":"http:\/\/bauclassroom.com\/info\/wp-json\/wp\/v2\/posts\/6247"}],"collection":[{"href":"http:\/\/bauclassroom.com\/info\/wp-json\/wp\/v2\/posts"}],"about":[{"href":"http:\/\/bauclassroom.com\/info\/wp-json\/wp\/v2\/types\/post"}],"author":[{"embeddable":true,"href":"http:\/\/bauclassroom.com\/info\/wp-json\/wp\/v2\/users\/1"}],"replies":[{"embeddable":true,"href":"http:\/\/bauclassroom.com\/info\/wp-json\/wp\/v2\/comments?post=6247"}],"version-history":[{"count":1,"href":"http:\/\/bauclassroom.com\/info\/wp-json\/wp\/v2\/posts\/6247\/revisions"}],"predecessor-version":[{"id":6248,"href":"http:\/\/bauclassroom.com\/info\/wp-json\/wp\/v2\/posts\/6247\/revisions\/6248"}],"wp:attachment":[{"href":"http:\/\/bauclassroom.com\/info\/wp-json\/wp\/v2\/media?parent=6247"}],"wp:term":[{"taxonomy":"category","embeddable":true,"href":"http:\/\/bauclassroom.com\/info\/wp-json\/wp\/v2\/categories?post=6247"},{"taxonomy":"post_tag","embeddable":true,"href":"http:\/\/bauclassroom.com\/info\/wp-json\/wp\/v2\/tags?post=6247"}],"curies":[{"name":"wp","href":"https:\/\/api.w.org\/{rel}","templated":true}]}}