{"id":6307,"date":"2020-10-03T18:13:16","date_gmt":"2020-10-03T18:13:16","guid":{"rendered":"http:\/\/bauclassroom.com\/info\/?p=6307"},"modified":"2020-09-27T05:08:33","modified_gmt":"2020-09-27T05:08:33","slug":"rencontre-cinematographique-du-sud-3","status":"publish","type":"post","link":"http:\/\/bauclassroom.com\/info\/2020\/10\/03\/rencontre-cinematographique-du-sud-3\/","title":{"rendered":"Rencontre Cin\u00e9matographique Du Sud"},"content":{"rendered":"<p> Un rendez-vous d\u00e9di\u00e9 \u00e0 lUnion europ\u00e9enne, qui pr\u00e9sente les \u00e9v\u00e9nements marquants de la semaine et leurs cons\u00e9quences sur la vie quotidienne des citoyens. Portraits, reportages et interviews aident \u00e0 rendre.. <img decoding=\"async\" src=\"http:\/\/www.sud-alsace-transition.net\/ow_userfiles\/plugins\/event\/event_image_581369b0dded8.jpg\" alt=\"rencontre cin\u00e9matographique du sud\" align=\"center\"> Dans un contexte sanitaire particulier sajoutant \u00e0 des \u00e9pisodes de forte chaleur attendus par M\u00e9t\u00e9o France cet \u00e9t\u00e9, le plan national canicule d\u00e9bute le 1er juin avec son premier niveau de veille saisonni\u00e8re et s\u00e9tendra jusquau 15 septembre 2020. Les mesures du plan national canicule font lobjet dadaptations pendant la crise sanitaire du Covid-19. Le Entre JT, chroniques, invit\u00e9s et revues de presse, un panorama de lactualit\u00e9 du jour.  Cin\u00e9-D\u00e9bat pour le film This is my Land Cin\u00e9ma LUX La m\u00fasica \u00e9s un parc de joc i el joc, un resum de la nostra exist\u00e8ncia. Un loup qui se croit le plus beau, un louveteau qui veut chasser tout seul, un petit loup qui aime la compagnie.. A tou-te-s les professeur-e-s int\u00e9ress\u00e9-e-s par le cin\u00e9ma Sud-Am\u00e9ricain Nigel Marven poursuit son p\u00e9riple colombien sur la c\u00f4te carib\u00e9enne. A Cartagena, Nigel observe une foule doiseaux marins comme les fr\u00e9gates, r\u00e9unis pr\u00e8s des plages. Dans la for\u00eat, des petits singes, les.. JAZZ ET CINEMA-LAFTER DES 23 E RENCONTRES 21h00-Cin\u00e9ma La Coupole-La Gaude Soir\u00e9e Cin\u00e9ma Jazz Air connu, certes ; limmigration est devenue presque un genre \u00e0 part du documentaire. Soit, mais ici le sujet nest ni le voyage, ni les tourments y aff\u00e9rant, ni leurs s\u00e9quelles, mais bien l\u00e9change bienveillant et doux entre ces deux \u00eatres qui conversent, p\u00eachent des crabes, ou construisent une cabane en toute innocence. Jardin secret et cadavre exquis Concernant les mesures sanitaires \u00e0 bord des autocars : Campagne m\u00e9dias Festival du Cin\u00e9ma Italien \u00e0 Toulouse Modules de base logo du partenaire pr\u00e9sent sur tous les supports ci-dessous: Conform\u00e9ment \u00e0 la loi Informatique et Libert\u00e9 n 78-17 du 6 janvier 1978 relative \u00e0 linformatique, aux fichiers et aux libert\u00e9s, nous nous engageons \u00e0 informer les personnes qui fournissent des donn\u00e9es nominatives sur notre site de leurs droits, notamment de leur droit dacc\u00e8s et de rectification sur ces donn\u00e9es nominatives. Nous nous engageons \u00e0 prendre toutes pr\u00e9cautions afin de pr\u00e9server la s\u00e9curit\u00e9 de ces informations et notamment emp\u00eacher quelles ne soient d\u00e9form\u00e9es, endommag\u00e9es ou communiqu\u00e9es \u00e0 des tiers. Rencontres des Cin\u00e9mas dEurope 2019 \u00e0 Aubenas ARD\u00c8CHE WEBZINE Projection \u00e0 22h. Pas de table ronde pr\u00e9alable. Ouverture des portes \u00e0 21h30. Le film le plus inventif, la p\u00e9pite inclassable : Jai Perdu Mon Corps Saint-S\u00e9bastien-sur-Loire est la 5 e ville du d\u00e9partement, situ\u00e9e au sud de Nantes, en bord de Loire. Saint-Herblain est compos\u00e9e dune mosa\u00efque de quartiers f\u00e9d\u00e9r\u00e9e par une large coul\u00e9e verte, le cours Hemerland. Elle est port\u00e9e par un fort dynamisme \u00e9conomique. <img decoding=\"async\" src=\"http:\/\/destimed.fr\/local\/cache-vignettes\/L423xH550\/antille_1943copie-8ef0c.jpg\" alt=\"rencontre cin\u00e9matographique du sud\" align=\"left\"> Cette semaine, le P\u00e8re No\u00ebl des b\u00eates d\u00e9barque en ville. Les f\u00eates signent leur grand retour avec leurs illuminations, leurs d\u00e9corations ainsi quune temp\u00eate de neige inopin\u00e9e. Malgr\u00e9 les intemp\u00e9ries.. Lentrepreneur et passionn\u00e9 du 7\u00e8me Art exploite \u00e9galement quelques salles dont il est propri\u00e9taire:, lEden \u00e0 Saint-Jean dAngely 1 salle, La Strada \u00e0 Decazeville 3 salles, le Cin\u00e9 Get \u00e0 Revel 1 salle, le Carnot \u00e0 Ussel 2 salles, la Halle aux Grains \u00e0 Castenaudary 1 salle, le Palace \u00e0 Tulle 5 salles, le Rex \u00e0 Espallion 1 salle et enfin le dernier-n\u00e9 V\u00e9o \u00e0 Muret 8 salles. Enfin au sein de lentreprise Mediatechnics, V\u00e9o installe maintenant ses propres \u00e9quipements image et son.  <img decoding=\"async\" src=\"http:\/\/www.lafriche.org\/public_data\/diapo\/fiche\/1520866740\/thumb\/o_filme_da_minha_vida.jpg\" alt=\"rencontre cin\u00e9matographique du sud\" align=\"left\"> Rentr\u00e9e universitaire Amphi Daure Universit\u00e9 Caen, Campus 1 Charlotte Silvera, Jean Max Causse, Bernard Cerf, Richard Olivier, Gr\u00e9gory Lassalle.. Organisations syndicales, partis politiques, mais aussi mouvements dentrepreneurs prennent la parole.<\/p>\n","protected":false},"excerpt":{"rendered":"<p>rencontre cin\u00e9matographique du sud<\/p>\n","protected":false},"author":1,"featured_media":0,"comment_status":"closed","ping_status":"closed","sticky":false,"template":"","format":"standard","meta":{"footnotes":""},"categories":[1],"tags":[],"_links":{"self":[{"href":"http:\/\/bauclassroom.com\/info\/wp-json\/wp\/v2\/posts\/6307"}],"collection":[{"href":"http:\/\/bauclassroom.com\/info\/wp-json\/wp\/v2\/posts"}],"about":[{"href":"http:\/\/bauclassroom.com\/info\/wp-json\/wp\/v2\/types\/post"}],"author":[{"embeddable":true,"href":"http:\/\/bauclassroom.com\/info\/wp-json\/wp\/v2\/users\/1"}],"replies":[{"embeddable":true,"href":"http:\/\/bauclassroom.com\/info\/wp-json\/wp\/v2\/comments?post=6307"}],"version-history":[{"count":1,"href":"http:\/\/bauclassroom.com\/info\/wp-json\/wp\/v2\/posts\/6307\/revisions"}],"predecessor-version":[{"id":6308,"href":"http:\/\/bauclassroom.com\/info\/wp-json\/wp\/v2\/posts\/6307\/revisions\/6308"}],"wp:attachment":[{"href":"http:\/\/bauclassroom.com\/info\/wp-json\/wp\/v2\/media?parent=6307"}],"wp:term":[{"taxonomy":"category","embeddable":true,"href":"http:\/\/bauclassroom.com\/info\/wp-json\/wp\/v2\/categories?post=6307"},{"taxonomy":"post_tag","embeddable":true,"href":"http:\/\/bauclassroom.com\/info\/wp-json\/wp\/v2\/tags?post=6307"}],"curies":[{"name":"wp","href":"https:\/\/api.w.org\/{rel}","templated":true}]}}