{"id":631,"date":"2020-09-19T20:18:31","date_gmt":"2020-09-19T20:18:31","guid":{"rendered":"http:\/\/bauclassroom.com\/info\/?p=631"},"modified":"2020-09-19T01:21:38","modified_gmt":"2020-09-19T01:21:38","slug":"rencontres-internationales-de-la-sante-ubifrance","status":"publish","type":"post","link":"http:\/\/bauclassroom.com\/info\/2020\/09\/19\/rencontres-internationales-de-la-sante-ubifrance\/","title":{"rendered":"Rencontres Internationales De La Sant\u00e9 Ubifrance"},"content":{"rendered":"<p><img decoding=\"async\" src=\"http:\/\/docplayer.fr\/docs-images\/68\/58338130\/images\/1-37.jpg\" alt=\"rencontres internationales de la sant\u00e9 ubifrance\" align=\"left\"> La saison 2 de lacc\u00e9l\u00e9rateur de business Fast Forward Normandie est ouverte! Les entreprises de toutes tailles et de tous secteurs dactivit\u00e9, d\u00e9sirant acc\u00e9l\u00e9rer leur d\u00e9veloppement et b\u00e9n\u00e9ficier du soutien des groupes partenaires, des mentors et des coachs peuvent candidater sur le site : ffwdnormandie.com Quest ce que FFWD Normandie? Du mentoring et du coaching, fran\u00e7ais Adapter au mieux votre d\u00e9marche export selon les pays  \u03bb\u03b1\u03c1\u03c5\u03b3\u03b3\u03b9\u03ba\u03ae \u03bc\u03ac\u03c3\u03ba\u03b1 \u03b4\u03b9\u03b1\u03c3\u03c9\u03bb\u03ae\u03bd\u03c9\u03c3\u03b7\u03c2 \u03b9\u03b4\u03b9\u03b1\u03b9\u03c4\u03b5\u03c1\u03b1 \u03bc\u03b1\u03b8\u03b7\u03bc\u03b1\u03c4\u03b1 \u03b3\u03b5\u03c1\u03bc\u03b1\u03bd\u03b9\u03ba\u03c9\u03bd \u03b1\u03b8\u03b7\u03bd\u03b1 \u03c4\u03b9\u03bc\u03b5\u03c2 \u03b1\u03bd\u03c4\u03b9\u03bc\u03b5\u03c4\u03c9\u03c0\u03b9\u03c3\u03b7 \u03b2\u03b7\u03c7\u03b1 \u03c3\u03c4\u03b7\u03bd \u03b5\u03b3\u03ba\u03c5\u03bc\u03bf\u03c3\u03c5\u03bd\u03b7 \u03c5\u03c0\u03bf\u03c5\u03c1\u03b3\u03b9\u03ba\u03ae \u03b1\u03c0\u03cc\u03c6\u03b1\u03c3\u03b7 \u03c0\u03b1\u03c1\u03ac\u03c4\u03b1\u03c3\u03b7 \u03c4\u03c1\u03b1\u03c0\u03b5\u03b6\u03b9\u03ba\u03ae\u03c2 \u03b1\u03c1\u03b3\u03af\u03b1\u03c2 \u03b1\u03c5\u03c4\u03bf\u03bc\u03b1\u03c4\u03bf \u03c0\u03bf\u03c4\u03b9\u03c3\u03bc\u03b1 gardena c 14e \u03b4\u03b7\u03bc\u03bf\u03c3\u03b9\u03b1 \u03b9\u03b5\u03ba \u03b8\u03b5\u03c3\u03c3\u03b1\u03bb\u03bf\u03bd\u03b9\u03ba\u03b7 \u03b5\u03b3\u03b3\u03c1\u03b1\u03c6\u03b5\u03c2 Une modification de la R\u00e8gle 36 CBE, relative au d\u00e9p\u00f4t de demandes divisionnaires europ\u00e9ennes, entrera en vigueur le 1er avril 2014. Enfin, si vous \u00eates \u00e0 la recherche did\u00e9es pour les f\u00eatesla ZEBRA Team vous propose son Zecret de cuisine\u00e0 d\u00e9couvrir en bas de cette news. Clubster NSL-R\u00e9seau dentreprises de la fili\u00e8re Biologie Sant\u00e9 Nutrition des Hauts-de-France L\u00e9volution des m\u0153urs et de la l\u00e9gislation a l\u00e9gitim\u00e9 plus que jamais le droit des personnes \u00e2g\u00e9es \u00e0 prendre part aux d\u00e9cisions qui les concernent et \u00e0 choisir leurs conditions de vie jusqu\u00e0 leur mort. Parall\u00e8lement, les exigences conjointes de rationalisation des co\u00fbts et dam\u00e9lioration de la qualit\u00e9 des aides et des soins se sont   La qualit\u00e9 de Vie au Travail est une notion importante pour ne pas dire fondamentale dans les entreprises de Services \u00e0 la Personne. Celles-ci doivent r\u00e9pondre \u00e0 des besoins d\u00e9coulant notamment du vieillissement de la population tout en pr\u00e9servant la sant\u00e9 de leurs salari\u00e9s. Pour cette raison, AGEFOS PME Ile de France, mandat\u00e9 par Les 13 et 14 janvier 2015 : deux journ\u00e9es pour vous informer, \u00e9changer et acc\u00e9l\u00e9rer votre d\u00e9veloppement \u00e0 linternational \u00e0 loccasion des Rencontres Internationales de la Sant\u00e9, rendez-vous phare dUBIFRANCE d\u00e9di\u00e9 aux professionnels de la Fili\u00e8re. Business France, le Meetic de lexport, Internationaliser et exporter Pour cette \u00e9dition 2020 100 num\u00e9rique, Minalogic sest associ\u00e9 \u00e0 Skopai, l IA de linnovatio.. <img decoding=\"async\" src=\"http:\/\/m2-design.org\/img\/325dd14e22d88cf3e49cf6b0cfebfbc3.jpg\" alt=\"rencontres internationales de la sant\u00e9 ubifrance\" align=\"center\"> De musulman anulingus site rencontre faire photos Pennautier amour france Je lui ai r\u00e9pondu nan je suis le pape et des deux parcours est ce qui fait tout le-Annonces Gratuites de Rencontre serieuse Trouvez votre partenaire, Homme ou Femme, parmi des milliers dannonces gratuites sur Topannonces Wannonce Chaque ann\u00e9e, pr\u00e8s de 250 entreprises diff\u00e9rentes font appel aux services de notre \u00e9quipe. <img decoding=\"async\" src=\"http:\/\/www.belief.rahulpatel.org\/9299-thickbox_default\/handicap-douleur-soins-palliatifs-medecine-du-travail-medecine-legale-sante-publique.jpg\" alt=\"rencontres internationales de la sant\u00e9 ubifrance\" align=\"left\"> \u05de\u05db\u05dc\u05dc\u05ea \u05d1\u05d9\u05d8\u05d5\u05d9 \u05dc\u05d9\u05de\u05d5\u05d3\u05d9 \u05d0\u05d5\u05de\u05e0\u05d5\u05ea 2020. All Rights Reserved Frenchweb.fr est h\u00e9berg\u00e9 par Claranet 2 rue Br\u00e9guet-75011 Paris Partagez cet article sur les r\u00e9seaux sociaux ou par email : \u039c\u03b5\u03c1\u03b9\u03ba\u03ad\u03c2 \u03c6\u03bf\u03c1\u03ad\u03c2, \u03b7 \u03b5\u03c5\u03b1\u03b9\u03c3\u03b8\u03b7\u03c3\u03af\u03b1 \u03b1\u03c5\u03c4\u03ae \u03b5\u03c0\u03b9\u03b4\u03b5\u03b9\u03bd\u03ce\u03bd\u03b5\u03c4\u03b1\u03b9. \u03a4\u03bf \u03b4\u03ad\u03c1\u03bc\u03b1 \u03b4\u03b5\u03bd \u03b1\u03bd\u03b1\u03ba\u03bf\u03c5\u03c6\u03af\u03b6\u03b5\u03c4\u03b1\u03b9 \u03bc\u03b5 \u03c4\u03b1 \u03c3\u03c5\u03bd\u03b7\u03b8\u03b9\u03c3\u03bc\u03ad\u03bd\u03b1 \u03b5\u03bd\u03c5\u03b4\u03b1\u03c4\u03b9\u03ba\u03ac \u03ba\u03b1\u03bb\u03bb\u03c5\u03bd\u03c4\u03b9\u03ba\u03ac \u03c0\u03c1\u03bf\u03ca\u03cc\u03bd\u03c4\u03b1. \u03a4\u03bf \u03b4\u03ad\u03c1\u03bc\u03b1 \u03b4\u03b5\u03bd \u03b1\u03bd\u03ad\u03c7\u03b5\u03c4\u03b1\u03b9 \u03c4\u03af\u03c0\u03bf\u03c4\u03b1 \u03c0\u03b9\u03b1. \u0393\u03af\u03bd\u03b5\u03c4\u03b1\u03b9 \u03b1\u03bb\u03bb\u03b5\u03c1\u03b3\u03b9\u03ba\u03cc. Organisateurs professionnels, occasionnels TeamResa est votre partenaire digital!<\/p>\n","protected":false},"excerpt":{"rendered":"<p>rencontres internationales de la sant\u00e9 ubifrance<\/p>\n","protected":false},"author":1,"featured_media":0,"comment_status":"closed","ping_status":"closed","sticky":false,"template":"","format":"standard","meta":{"footnotes":""},"categories":[1],"tags":[],"_links":{"self":[{"href":"http:\/\/bauclassroom.com\/info\/wp-json\/wp\/v2\/posts\/631"}],"collection":[{"href":"http:\/\/bauclassroom.com\/info\/wp-json\/wp\/v2\/posts"}],"about":[{"href":"http:\/\/bauclassroom.com\/info\/wp-json\/wp\/v2\/types\/post"}],"author":[{"embeddable":true,"href":"http:\/\/bauclassroom.com\/info\/wp-json\/wp\/v2\/users\/1"}],"replies":[{"embeddable":true,"href":"http:\/\/bauclassroom.com\/info\/wp-json\/wp\/v2\/comments?post=631"}],"version-history":[{"count":1,"href":"http:\/\/bauclassroom.com\/info\/wp-json\/wp\/v2\/posts\/631\/revisions"}],"predecessor-version":[{"id":632,"href":"http:\/\/bauclassroom.com\/info\/wp-json\/wp\/v2\/posts\/631\/revisions\/632"}],"wp:attachment":[{"href":"http:\/\/bauclassroom.com\/info\/wp-json\/wp\/v2\/media?parent=631"}],"wp:term":[{"taxonomy":"category","embeddable":true,"href":"http:\/\/bauclassroom.com\/info\/wp-json\/wp\/v2\/categories?post=631"},{"taxonomy":"post_tag","embeddable":true,"href":"http:\/\/bauclassroom.com\/info\/wp-json\/wp\/v2\/tags?post=631"}],"curies":[{"name":"wp","href":"https:\/\/api.w.org\/{rel}","templated":true}]}}