{"id":6419,"date":"2020-10-04T09:15:57","date_gmt":"2020-10-04T09:15:57","guid":{"rendered":"http:\/\/bauclassroom.com\/info\/?p=6419"},"modified":"2020-09-27T09:35:48","modified_gmt":"2020-09-27T09:35:48","slug":"chorale-rencontre-2","status":"publish","type":"post","link":"http:\/\/bauclassroom.com\/info\/2020\/10\/04\/chorale-rencontre-2\/","title":{"rendered":"Chorale Rencontre"},"content":{"rendered":"<p><img decoding=\"async\" src=\"http:\/\/chante-choeurs.marylou.lautre.net\/wp-content\/uploads\/IMG_0011-1.jpg\" alt=\"chorale rencontre\" align=\"right\"> Gloria et magnificat de Vivaldi pour cette rencontre de chorale F\u00e9d\u00e9ration des Oeuvres La\u00efques de la Creuse-20 chemin des Granges-23000 Gu\u00e9ret-T\u00e9l. : 05 55 61 44 10-E-mail : Chacun conna\u00eet limportance des mots pour soigner les maux. Un programme de chansons fran\u00e7aises pour apprendre, encore une fois, \u00e0 lire et eacut.. <img decoding=\"async\" src=\"http:\/\/www.rencontre-loisirs-asso.fr\/wp-content\/uploads\/2015\/06\/concertschorales201533.jpg\" alt=\"chorale rencontre\" align=\"left\"> Gloria et magnificat de Vivaldi pour cette rencontre de chorale <img decoding=\"async\" src=\"http:\/\/www.chorales-nord.org\/medias\/images\/actualite\/Wattignies_17\/DSC00198.JPG\" alt=\"chorale rencontre\" align=\"left\"> Chaque 2e et 4e vendredi \u00e0 11h, \u00e0 la Villa dAvril. Cl\u00e9mence BRANDHONNEUR a 19 ans et est originaire de Saint Brice en Cogl\u00e8s, pr\u00e8s de Foug\u00e8res, en Ille et Vilaine. Elle sappr\u00eate \u00e0 partir en stage pour valider sa 2\u00e8me ann\u00e9e de DUT Qualit\u00e9, Logistique Industrielle et Organisation QLIO. Les enfants les choristes de la Chorale Rencontre   Le soleil est noir sur les Lacs du Connemara.. Venues de Cork ou de Dublin, les filles dIrlande dansent autour du feu dans la tribu de Dana. Le vent souffle sur l..  MH : ils effectueront ce avec quoi il se sentent \u00e0 laise, on enregistre aussi toutes les voix pour quils puissent r\u00e9p\u00e9ter chez eux. Vous organisez des r\u00e9p\u00e9titions hebdomadaires? To continue working with web site, please make sure that you have enabled JavaScript. A compter du 1er janvier 2017, lentretien des espaces publics doit \u00eatre r\u00e9alis\u00e9 sans aucun traitement chimique, en application des normes europ\u00e9ennes reprises la Loi sur la transition \u00e9nerg\u00e9tique lAssembl\u00e9e Nationale vot\u00e9e le 6 f\u00e9vrier 2014 et renforc\u00e9e par une d\u00e9lib\u00e9ration du 22 juillet 2015. Une charte dentretien des espaces publics est mise en \u0153uvre Les Rencontres Chorales de lOlivier Festival de chants et danses traditionnelles de la M\u00e9diterran\u00e9e. Nous aimerions vous remercier pour la bonne organisation et laimable encadrement \u00e0 San Marino. C\u00e9tait pour tous un tr\u00e8s beau et agr\u00e9able voyage. Ind\u00e9pendamment des \u00e2ges respectifs, nous \u00e9tions tous enthousiastes et nous recommanderons votre festival. Tous les musiciens et musiciennes de la fanfare Trachtenkapelle Fornach vous souhaitent beaucoup de succ\u00e8s pour vos festivals futurs. Trachtenkapelle Fornach-Autriche MusicFest Adriatica le Mardi 5 Mars 2019, La r\u00e9sidence les Grands Jardins sest vue envahir par plus dune centaine denfants des \u00e9coles environnantes! En effet, le d\u00e9fil\u00e9 a travers\u00e9 la r\u00e9sidence au rythme des percussions de la fanfare Kafi. Les sourires, les rires et les applaudissements \u00e9taient au rendez-vous. Un grand merci au comit\u00e9 des f\u00eates ainsi quaux \u00e9coles! 25 juin A loccasion du centenaire de lExode de la Flotte Imp\u00e9riale de la Mer Noire de Crim\u00e9e et S\u00e9bastopol Le Grand exode russe. Dialogue vid\u00e9o avec les compatriotes S\u00e9bastopol LExode. 1920 Un aper\u00e7u des \u00e9v\u00e9nements du mois de novembre 1920 \u00e0 S\u00e9bastopol. Les chroniques de l\u00e9vacuation, documents darchives, les sorts des \u00e9migr\u00e9s russes en Rencontre de chorales ce dimanche avec La Clef des chants La circulaire dapplication n 2015-058 du 29 avril 2015 de ce d\u00e9cret, qui d\u00e9taille les missions particuli\u00e8res ouvrant droit \u00e0 indemnit\u00e9, cite express\u00e9ment les chorales parmi celles-ci, dans le champ des autres missions dint\u00e9r\u00eat p\u00e9dagogique et \u00e9ducatif : les missions qui sinscrivent notamment dans le cadre du projet d\u00e9tablissement peuvent par exemple concerner.. Limplication dans des manifestations et rencontres li\u00e9es \u00e0 lactivit\u00e9 des chorales ; ces missions ont vocation, en fonction de la charge de travail effective quelles induisent, \u00e0 ouvrir droit aux diff\u00e9rents taux de lindemnit\u00e9. Les chefs d\u00e9tablissement peuvent ainsi reconna\u00eetre la charge et la qualit\u00e9 du travail choral men\u00e9 par le professeur d\u00e9ducation musicale. Ils pourront sappuyer sur lexpertise des corps dinspection pour \u00e9valuer, dans le contexte acad\u00e9mique, avec la pr\u00e9cision et lobjectivit\u00e9 requises la charge de travail induite par la mise en \u0153uvre du projet choral de l\u00e9tablissement.<\/p>\n","protected":false},"excerpt":{"rendered":"<p>chorale rencontre<\/p>\n","protected":false},"author":1,"featured_media":0,"comment_status":"closed","ping_status":"closed","sticky":false,"template":"","format":"standard","meta":{"footnotes":""},"categories":[1],"tags":[],"_links":{"self":[{"href":"http:\/\/bauclassroom.com\/info\/wp-json\/wp\/v2\/posts\/6419"}],"collection":[{"href":"http:\/\/bauclassroom.com\/info\/wp-json\/wp\/v2\/posts"}],"about":[{"href":"http:\/\/bauclassroom.com\/info\/wp-json\/wp\/v2\/types\/post"}],"author":[{"embeddable":true,"href":"http:\/\/bauclassroom.com\/info\/wp-json\/wp\/v2\/users\/1"}],"replies":[{"embeddable":true,"href":"http:\/\/bauclassroom.com\/info\/wp-json\/wp\/v2\/comments?post=6419"}],"version-history":[{"count":1,"href":"http:\/\/bauclassroom.com\/info\/wp-json\/wp\/v2\/posts\/6419\/revisions"}],"predecessor-version":[{"id":6420,"href":"http:\/\/bauclassroom.com\/info\/wp-json\/wp\/v2\/posts\/6419\/revisions\/6420"}],"wp:attachment":[{"href":"http:\/\/bauclassroom.com\/info\/wp-json\/wp\/v2\/media?parent=6419"}],"wp:term":[{"taxonomy":"category","embeddable":true,"href":"http:\/\/bauclassroom.com\/info\/wp-json\/wp\/v2\/categories?post=6419"},{"taxonomy":"post_tag","embeddable":true,"href":"http:\/\/bauclassroom.com\/info\/wp-json\/wp\/v2\/tags?post=6419"}],"curies":[{"name":"wp","href":"https:\/\/api.w.org\/{rel}","templated":true}]}}