{"id":6425,"date":"2020-10-04T13:24:21","date_gmt":"2020-10-04T13:24:21","guid":{"rendered":"http:\/\/bauclassroom.com\/info\/?p=6425"},"modified":"2020-09-27T09:42:55","modified_gmt":"2020-09-27T09:42:55","slug":"rencontre-d-arles-photographie-2","status":"publish","type":"post","link":"http:\/\/bauclassroom.com\/info\/2020\/10\/04\/rencontre-d-arles-photographie-2\/","title":{"rendered":"Rencontre D Arles Photographie"},"content":{"rendered":"<p>Pour combler labsence de rassemblements li\u00e9s au septi\u00e8me art pendant la p\u00e9riode de, une vingtaine de grands festivals se sont regroup\u00e9s pour cr\u00e9er un nouvel \u00e9v\u00e9nement cin\u00e9ma : We are One : A global film festival. Le rendez-vous se d\u00e9roulera pendant dix jours sur Youtube, et il sera possible dy acc\u00e9der gratuitement.  \u00c0 travers une quarantaine dexpositions diss\u00e9min\u00e9es parmi les lieux patrimoniaux les plus beaux de la ville, les Rencontres dArles contribuent \u00e0 faire partager le patrimoine mondial de limage \u00e0 tous les publics dune fa\u00e7on remarquable. Chaque \u00e9t\u00e9, Arles se transforme en observatoire singulier de la cr\u00e9ation contemporaine photographique dans sa diversit\u00e9 la plus large, comme une fen\u00eatre sensible sur le monde vu par des artistes qui larpentent avec ce d\u00e9sir profond de nous le montrer tel quils le voient. Je tiens en n \u00e0 remercier Hubert V\u00e9drine, pr\u00e9sident, Sam Stourdz\u00e9, directeur, ainsi que toutes les \u00e9quipes des Rencontres, dont laction a permis de faire des Rencontres un \u00e9v\u00e9nement incontournable de la photographie mondiale, se f\u00e9licit\u00e9 Franck Riester, Ministre de la culture et fervent soutien de la manifestation. Th\u00e9matiques 2020 <img decoding=\"async\" src=\"http:\/\/info-provence.com\/images\/photo\/programme2015.jpg\" alt=\"rencontre d arles photographie\" align=\"left\"> Bouwen, Madrid, a u x Rencontres Internationales de la Photographie d Arles D un moment.. Fronti\u00e8re, paysages sauvages et grandes \u00e9tendues, le western se joue aussi bien en Camargue que dans le grand Ouest am\u00e9ricain. Le Festival de Marseille, pr\u00e9vu du 19 juin au 9 juillet \u00e0 Marseille. La 25e \u00e9dition du festival de danse, th\u00e9\u00e2tre, concerts et cin\u00e9ma proposait dans sa programmation trois figures majeures de la danse mondiale : Dada Masilo, Alain Platel et Anne Teresa de Keersmaeker. <img decoding=\"async\" src=\"http:\/\/www.aestheticamagazine.com\/wp-content\/uploads\/2015\/07\/69345a79-7a0b-41a4-95a3-4386fd03bab2-2060x1236.jpeg\" alt=\"rencontre d arles photographie\" align=\"center\"> Rencontres Photographiques dArles 2013 Culturopoing <img decoding=\"async\" src=\"http:\/\/i.f1g.fr\/media\/figaro\/orig\/2016\/07\/13\/XVMe88a6af6-48e1-11e6-a8a4-47b1a8ef3a08.jpg\" alt=\"rencontre d arles photographie\" align=\"left\"> Le festival est un d\u00e9fricheur, il va chercher les talents de demain. Le reportage sest d\u00e9roul\u00e9 au domicile de Florence car il \u00e9tait quasiment impossible dobtenir une autorisation pour me rendre au sein de lEhpad. Toutes les pr\u00e9cautions ont \u00e9t\u00e9 prises, me raconte Sandra. Lhistoire de Florence traite de la d\u00e9tresse v\u00e9cue par beaucoup de personnes ayant un poste pr\u00e9caire ; et jassistais l\u00e0 \u00e0 un acte de r\u00e9silience face \u00e0 la situation anxiog\u00e8ne que nous connaissons tous. Je savais que par son m\u00e9tier initial spectacle de cabaret, danseuse burlesque, mod\u00e8le vivant en arts et aupr\u00e8s des photographes elle se retrouvait sans emploi aussi brutalement que fut lannonce du confinement pour la majorit\u00e9 dentre nous. Florence sest alors cr\u00e9\u00e9e une nouvelle vie, quelle ne simaginait pas du tout d\u00e9but mars. Face \u00e0 lincertitude du lendemain, elle sest retrouv\u00e9e dans une sorte durgence o\u00f9 il fallait \u00e0 tout prix rebondir. Au moment de sa recherche de travail, les personnes \u00e2g\u00e9es fragiles comme leurs familles vivaient une situation difficile \u00e9motionnellement parlant. Linterdiction de contact physique avait des effets n\u00e9fastes sur la sant\u00e9 mentale des r\u00e9sidents et cr\u00e9ait une souffrance mutuelle avec les proches. Le fait dobtenir un poste \u00e0 laccueil dun Ehpad, et connaissant la personnalit\u00e9 de Florence, jai rapidement compris le r\u00f4le majeur quelle y jouait, poursuit la photographe.  Photos : Anne-Sophie Cl\u00e9men\u00e7on sauf mentions contraires dans les l\u00e9gendes. Les trompettes dAvignon ont retenti avec la Architecture de Pascal Rambert qui a ouvert le festival le jeudi 4 juillet. Un spectacle \u00e0 retrouver en rediffusion le samedi 6 juillet sur France 5 \u00e0 22h25. Avec Dernier testament, Bendiksen a suivi des gourous qui se prennent tous pour le messie, au sein de communaut\u00e9s diverses, sans jamais les juger, ni les condamner, un simple regard dhumanit\u00e9. Photographie 15 expositions \u00e0 voir absolument aux Rencontres de la Photographie 2019 \u00e0 Arles Seize ans plus tard, en 1986, les anciens ateliers SNCF sont transform\u00e9s en espace dexposition de 4 000 m2. Ils le sont toujours en partie aujourdhui.  Ces formations de photographie peuvent \u00e9galement \u00eatre une premi\u00e8re \u00e9tape avant de sengager dans un stage plus long propos\u00e9 le Printemps et l\u00c9t\u00e9. Florian Ebner pr\u00e9sente Frank Berger et Stephanie Kiwitt jetez un \u0153il dans votre courrier ind\u00e9sirable spam et d\u00e9placez-le dans votre boite de r\u00e9ception. Date de prise de poste : entre juillet et septembre. Corps impatients : photographie est-allemande, 1980-1989.<\/p>\n","protected":false},"excerpt":{"rendered":"<p>rencontre d arles photographie<\/p>\n","protected":false},"author":1,"featured_media":0,"comment_status":"closed","ping_status":"closed","sticky":false,"template":"","format":"standard","meta":{"footnotes":""},"categories":[1],"tags":[],"_links":{"self":[{"href":"http:\/\/bauclassroom.com\/info\/wp-json\/wp\/v2\/posts\/6425"}],"collection":[{"href":"http:\/\/bauclassroom.com\/info\/wp-json\/wp\/v2\/posts"}],"about":[{"href":"http:\/\/bauclassroom.com\/info\/wp-json\/wp\/v2\/types\/post"}],"author":[{"embeddable":true,"href":"http:\/\/bauclassroom.com\/info\/wp-json\/wp\/v2\/users\/1"}],"replies":[{"embeddable":true,"href":"http:\/\/bauclassroom.com\/info\/wp-json\/wp\/v2\/comments?post=6425"}],"version-history":[{"count":1,"href":"http:\/\/bauclassroom.com\/info\/wp-json\/wp\/v2\/posts\/6425\/revisions"}],"predecessor-version":[{"id":6426,"href":"http:\/\/bauclassroom.com\/info\/wp-json\/wp\/v2\/posts\/6425\/revisions\/6426"}],"wp:attachment":[{"href":"http:\/\/bauclassroom.com\/info\/wp-json\/wp\/v2\/media?parent=6425"}],"wp:term":[{"taxonomy":"category","embeddable":true,"href":"http:\/\/bauclassroom.com\/info\/wp-json\/wp\/v2\/categories?post=6425"},{"taxonomy":"post_tag","embeddable":true,"href":"http:\/\/bauclassroom.com\/info\/wp-json\/wp\/v2\/tags?post=6425"}],"curies":[{"name":"wp","href":"https:\/\/api.w.org\/{rel}","templated":true}]}}