{"id":655,"date":"2020-09-19T12:35:18","date_gmt":"2020-09-19T12:35:18","guid":{"rendered":"http:\/\/bauclassroom.com\/info\/?p=655"},"modified":"2020-09-19T02:01:54","modified_gmt":"2020-09-19T02:01:54","slug":"rencontre-librairie-kleber","status":"publish","type":"post","link":"http:\/\/bauclassroom.com\/info\/2020\/09\/19\/rencontre-librairie-kleber\/","title":{"rendered":"Rencontre Librairie Kleber"},"content":{"rendered":"<p> Les 16 et 17 juillet 1942, se d\u00e9roule la, 13 152 Juifs dont 4 115 enfants, furent arr\u00eat\u00e9s et conduits dans le V\u00e9lodrome dHiver, sans couchages ni nourriture durant plusieurs jours. Pour la plupart, ils ont \u00e9t\u00e9 envoy\u00e9s vers le camp dextermination dAuschwitz-Birkenau. Moins dune centaine de personnes y surv\u00e9curent. Cette rafle a \u00e9t\u00e9 par ailleurs, enti\u00e8rement planifi\u00e9e et organis\u00e9e par les autorit\u00e9s fran\u00e7aises. Pas un seul soldat allemand ny participa. LHISTOIRE DU JOUR-Un livre passionnant retrace les basses \u0153uvres du commando Sonderstab Musik. Les troupes allemandes entrent dans Paris le. Le drapeau \u00e0 croix gamm\u00e9e flotte sur la tour Eiffel. Descend les avec ses troupes. Son roman explore la vie des elfes et plus particuli\u00e8rement la vie de deux fillettes, Maria et Clara. Elles ont chacune une sensibilit\u00e9 exacerb\u00e9e. Maria communique avec les b\u00eates, la nature et les pierres, Clara joue divinement du piano et transmet des \u00e9motions inimaginables \u00e0 son auditoire. \u00c9loign\u00e9es g\u00e9ographiquement, mais reli\u00e9es intimement, elles auront pour mission d\u00e9viter une guerre entres les elfes et la b\u00eatise humaine. Maria appartient et incarne le monde de la Terre, Clara celui de la musique. <img decoding=\"async\" src=\"http:\/\/img.over-blog-kiwi.com\/0\/77\/88\/12\/20140604\/ob_61ede3_seminaire-walbourg-blog-eleves.jpg\" alt=\"rencontre librairie kleber\" align=\"center\">  <img decoding=\"async\" src=\"http:\/\/www.scholastiquemukasonga.net\/home\/wp-content\/uploads\/2012\/11\/fnac-logo-150x150.jpg\" alt=\"rencontre librairie kleber\" align=\"center\"> STRASBOURG : MUNICIPALES 2020 CATHERINE TRAUTMANN FAIRE ENSEMBLE  <img decoding=\"async\" src=\"http:\/\/strasbourg.curieux.net\/agenda\/images\/visuel\/3\/image_39701.jpg\" alt=\"rencontre librairie kleber\" align=\"left\"> Merci de veiller au respect des mesures sanitaires en vigueur. Le jeu vid\u00e9o 2009 se d\u00e9roule \u00e0 Paris sous lOccupation. Une mission d 2014 permet par ailleurs descalader la tour Eiffel, de nuit, sous lOccupation. Jai pass\u00e9 un excellent moment autour de ce livre qui a le m\u00e9rite d\u00eatre vif et tendre, sans romantisme, ni pathos. Ni livre dhistoire. Ni roman. Mais des t\u00e9moignages de femmes et.. Les Sauveurs des galaxies Tome 2 La Plan\u00e8te de lespoir R\u00e9pondre Se joindre \u00e0 la discussion? Vous \u00eates libre de contribuer! Voir les sous-sections pr\u00e9cedentes Voir les sous-sections suivantes Le Jeudi 29 octobre 2015 \u00e0 17h, la Librairie Kl\u00e9ber 1 rue des Francs Bourgeois, Strasbourg organise une rencontre-d\u00e9dicace avec l\u00e9crivain Romain Pu\u00e9rtolas, autour.. D\u00c9CONFINEMENT, IMPACT ENVIRONNEMENTAL ALTERNATIVES AU TOUT JETABLE La rencontre est \u00e9maill\u00e9e de lectures qui donnent du peps \u00e0 notre \u00e9change et surtout donnent \u00e0 entendre lincroyable talent de dialoguiste de Fanny Mentr\u00e9. Lalternance dans le roman entre passages r\u00e9flexifs et dialogues donne du relief et de l\u00e9lan au texte. Elle nest du coup pas rest\u00e9e unique : on trouve une fille pr\u00e8s du, une \u00e0 c\u00f4t\u00e9 du Conseil de lEurope et enfin la Librairie du Monde, vraie caverne au tr\u00e9sor sur les livres \u00e9trangers et les langues du monde, dans le, en face de la boutique m\u00e8re. Encart sur lOccupation titre de lencart \u00e0 confirmer,, n o 3117, 30 mars 2011. Je reste \u00e0 votre disposition pour toutes questions, Vale\u0301rie Bochenek, pre\u0301sidente de lassociation Un Muse\u0301e pour le Mime et commissaire de lexposition Le Pouvoir du Geste, avec un hommage au Mime Marceau, co-auteur de louvrage de re\u0301fe\u0301rence Le Mime Marcel Marceau, Entretiens et regards avec Vale\u0301rie Bochenek prononcera une confe\u0301rence sur le mime Marceau.<\/p>\n","protected":false},"excerpt":{"rendered":"<p>rencontre librairie kleber<\/p>\n","protected":false},"author":1,"featured_media":0,"comment_status":"closed","ping_status":"closed","sticky":false,"template":"","format":"standard","meta":{"footnotes":""},"categories":[1],"tags":[],"_links":{"self":[{"href":"http:\/\/bauclassroom.com\/info\/wp-json\/wp\/v2\/posts\/655"}],"collection":[{"href":"http:\/\/bauclassroom.com\/info\/wp-json\/wp\/v2\/posts"}],"about":[{"href":"http:\/\/bauclassroom.com\/info\/wp-json\/wp\/v2\/types\/post"}],"author":[{"embeddable":true,"href":"http:\/\/bauclassroom.com\/info\/wp-json\/wp\/v2\/users\/1"}],"replies":[{"embeddable":true,"href":"http:\/\/bauclassroom.com\/info\/wp-json\/wp\/v2\/comments?post=655"}],"version-history":[{"count":1,"href":"http:\/\/bauclassroom.com\/info\/wp-json\/wp\/v2\/posts\/655\/revisions"}],"predecessor-version":[{"id":656,"href":"http:\/\/bauclassroom.com\/info\/wp-json\/wp\/v2\/posts\/655\/revisions\/656"}],"wp:attachment":[{"href":"http:\/\/bauclassroom.com\/info\/wp-json\/wp\/v2\/media?parent=655"}],"wp:term":[{"taxonomy":"category","embeddable":true,"href":"http:\/\/bauclassroom.com\/info\/wp-json\/wp\/v2\/categories?post=655"},{"taxonomy":"post_tag","embeddable":true,"href":"http:\/\/bauclassroom.com\/info\/wp-json\/wp\/v2\/tags?post=655"}],"curies":[{"name":"wp","href":"https:\/\/api.w.org\/{rel}","templated":true}]}}