{"id":657,"date":"2020-09-19T21:26:35","date_gmt":"2020-09-19T21:26:35","guid":{"rendered":"http:\/\/bauclassroom.com\/info\/?p=657"},"modified":"2020-09-19T02:05:17","modified_gmt":"2020-09-19T02:05:17","slug":"rencontres-africaines","status":"publish","type":"post","link":"http:\/\/bauclassroom.com\/info\/2020\/09\/19\/rencontres-africaines\/","title":{"rendered":"Rencontres Africaines"},"content":{"rendered":"<p>Regional conference so as to take into account the specific needs and expectations of African civil society. Parli am entar y meetings, NGO f orums on human ri ghts, meetings betwe en Eu rope an and African loc al gove rnments, a nd so on. Yonamine, n\u00e9 en 1975 en Angola, travaille entre Harare, Luanda, Lisbonne et Berlin. Toutes ces p\u00e9rip\u00e9ties ne les ont pas emp\u00each\u00e9s de d\u00e9couvrir des paysages \u00e0 couper le souffle, de profiter des nuits \u00e9toil\u00e9es du d\u00e9sert ni de faire des rencontres enrichissantes avec la population locale. Soci\u00e9t\u00e9 : photo7\u00c8 \u00c9DITION DES RENCONTRES AFRICAINES DE LA PHOTOGRAPHIE  Op\u00e9ration de distribution de masques gratuits \u00e0 partir de ce lundi 27 avril et jusquau au 11 mai. Du lundi au vendredi de 17 heures \u00e0 18 h 30 au 37, rue Stephenson 75018 Paris. D\u00e9sol\u00e9, la page que vous cherchiez est introuvable. Essayez de rechercher la meilleure correspondance ou parcourez les liens ci-dessous: Exposition vid\u00e9o BamakoJoucas de la Fondation Jean-Paul Blach\u00e8re Au Hangar-Quartiers dorange Le contexte dans notre pays est que nous payons un prix de l\u00e9nergie qui est de moins en moins subventionn\u00e9e, qui est assez \u00e9lev\u00e9. Cest pour cela que ces factures sont importantes aujourdhui, a-t-il tir\u00e9 la sonnette dalarme. Cest pour cela que ces projets sont rentables pour la ville, pour le citoyen et pour lenvironnement parce que tout ce quon fait en \u00e9conomisant de l\u00e9nergie et b\u00e9n\u00e9fique pour toutes les parties prenantes, a-t-il conclu. Souleymane Bachir Diagne Philosophe de la traduction Pour vos d\u00e9marches, accueil pour sourds et malentendants par TIP Transcription Instantan\u00e9e de la Parole ou LSF Langue des Signes Fran\u00e7ais. <img decoding=\"async\" src=\"http:\/\/aidderinternational.unblog.fr\/files\/2008\/08\/2mesrencontresafric2.jpg\" alt=\"rencontres africaines\" align=\"right\"> Documentaire de Laurent Chevallier Fra 2014 1h15  Lam\u00e9lioration de la situation en Afrique permettra \u00e0 lUAJ de renouer avec le d\u00e9placement de ses cadres et experts \u00e0 travers le continent pour reprendre les diff\u00e9rents stages, s\u00e9minaires et formations destin\u00e9s aux techniciens africains.  Appel \u00e0 participation aux 16e Rencontres du Maghreb des Films-samedi 13 juin 2020 19:47 <img decoding=\"async\" src=\"http:\/\/acppmaroc.com\/wp-content\/uploads\/photo-gallery\/_DSC0070.jpg\" alt=\"rencontres africaines\" align=\"center\"> A limage de la r\u00e9volution industrielle et face \u00e0 la crise actuelle de Covid-19, la transformation digitale se pr\u00e9sente comme un levier de riposte.. <img decoding=\"async\" src=\"http:\/\/static1.terrafemina.com\/articles\/7\/12\/51\/57\/@\/119367-sites-de-rencontres-les-femmes-cherchent-des-partenaires-plus-jeunes-quelles-opengraph_1200-1.jpg\" alt=\"rencontres africaines\" align=\"center\"> En qu\u00eate dun nouveau buteur pour remplacer Timo Werner, en partance Le Gabon a-t-il atteint le pic de la pand\u00e9mie de Covid-19? Le Comit\u00e9 en charge de la riposte devrait y r\u00e9pondre le 12 juin mais d\u00e9j\u00e0, on observe une baisse de contaminations. Le 9 juin, le pays na enregistr\u00e9 que 47 nouveaux cas sur 525 pr\u00e9l\u00e8vements.-D\u00e9pistage des cas de coronavirus-Lh\u00f4pital militaire de Ouakam apte pour les tests.<\/p>\n","protected":false},"excerpt":{"rendered":"<p>rencontres africaines<\/p>\n","protected":false},"author":1,"featured_media":0,"comment_status":"closed","ping_status":"closed","sticky":false,"template":"","format":"standard","meta":{"footnotes":""},"categories":[1],"tags":[],"_links":{"self":[{"href":"http:\/\/bauclassroom.com\/info\/wp-json\/wp\/v2\/posts\/657"}],"collection":[{"href":"http:\/\/bauclassroom.com\/info\/wp-json\/wp\/v2\/posts"}],"about":[{"href":"http:\/\/bauclassroom.com\/info\/wp-json\/wp\/v2\/types\/post"}],"author":[{"embeddable":true,"href":"http:\/\/bauclassroom.com\/info\/wp-json\/wp\/v2\/users\/1"}],"replies":[{"embeddable":true,"href":"http:\/\/bauclassroom.com\/info\/wp-json\/wp\/v2\/comments?post=657"}],"version-history":[{"count":1,"href":"http:\/\/bauclassroom.com\/info\/wp-json\/wp\/v2\/posts\/657\/revisions"}],"predecessor-version":[{"id":658,"href":"http:\/\/bauclassroom.com\/info\/wp-json\/wp\/v2\/posts\/657\/revisions\/658"}],"wp:attachment":[{"href":"http:\/\/bauclassroom.com\/info\/wp-json\/wp\/v2\/media?parent=657"}],"wp:term":[{"taxonomy":"category","embeddable":true,"href":"http:\/\/bauclassroom.com\/info\/wp-json\/wp\/v2\/categories?post=657"},{"taxonomy":"post_tag","embeddable":true,"href":"http:\/\/bauclassroom.com\/info\/wp-json\/wp\/v2\/tags?post=657"}],"curies":[{"name":"wp","href":"https:\/\/api.w.org\/{rel}","templated":true}]}}