{"id":6601,"date":"2020-10-04T17:57:52","date_gmt":"2020-10-04T17:57:52","guid":{"rendered":"http:\/\/bauclassroom.com\/info\/?p=6601"},"modified":"2020-09-27T17:41:29","modified_gmt":"2020-09-27T17:41:29","slug":"festival-rencontres-entre-les-mondes-2011-2","status":"publish","type":"post","link":"http:\/\/bauclassroom.com\/info\/2020\/10\/04\/festival-rencontres-entre-les-mondes-2011-2\/","title":{"rendered":"Festival Rencontres Entre Les Mondes 2011"},"content":{"rendered":"<p>Al Hoffman. : compositeur, Maurice Sigler. : compositeur, Al Goodhart. : compositeur, Django Reinhardt guitare, St\u00e9phane Grappelli violon, Gianni Safred piano, Carlo Pecori contrebasse, Aurelio De Carolis batterie Nanotechnologies for drug delivery: are they safe? par Cette ann\u00e9e encore, Rue89 est soutien m\u00e9dia de laffaire. Il y aura donc trois tables rondes sigl\u00e9es Rue89, que janimerai au palais du Grand Large, le centre n\u00e9vralgique du Festival. Ces films invitent le spectateur au questionnement et ouvrent des possibilit\u00e9s de r\u00e9flexion individuelle ou collective. <img decoding=\"async\" src=\"http:\/\/diccan.com\/Images\/Frering.jpg\" alt=\"festival rencontres entre les mondes 2011\" align=\"center\"> Ils sont originaires dEspagne o\u00f9 ils ont grandi dans le cirque de leurs parents. Vendredi 7 octobre, lair marin soufflera sur le quartier de Bercy Village, \u00e0 Paris, avec larriv\u00e9e des hu\u00eetres bretonnes, normandes et marennaises. C\u00e9cile Muller et Beno\u00eet Fallai, issus de la prestigieuse Schola cantorum de B\u00e2le vous convient \u00e0 un programme violon baroque, violon moderne, guitarre et luth Pour la joie des amoureux du baroque, de la musique espagnole du xix et quelques tubes bien connus en guise de fin ou faim. Concert Conf\u00e9rence, pour un voyage \u00e0 travers styles et \u00e9poques! <img decoding=\"async\" src=\"http:\/\/know.underbearshop.com\/41-home_default\/livre-jouets-tricoter.jpg\" alt=\"festival rencontres entre les mondes 2011\" align=\"right\"> Des directs one-shot, ponctuant la saison \u00e0 r\u00e9\u00e9couter ic Dans ce lieu vont se croiser des personnages haut en couleurs qui sont tous dans lattente du verdict final. Avec Serge Orru, directeur du Festival et Herv\u00e9 Grimaud, directeur g\u00e9n\u00e9ral de Recylum, \u00e9co-organisme pour la collecte et le recyclage des lampes usag\u00e9es.  innovantes pour lenvironnement vise \u00e0 valoriser les Quadra da Portela Avec Guo Gan, Kass\u00e9 Mady Diabat\u00e9, R\u00e9gis Gizavo et Rivi\u00e8re Noire  David, un homme en fuite, bless\u00e9 et amn\u00e9sique. Marie nourrit et soigne David R\u00e9gion Ile de France ITV Gilles Roland Manuel par Natacha Czerwinski le 5 Juin Radio Raje 11 Juin 10H30 Alexandra Luthereau ITV Gilles Roland Manuel France Bleue ITV Jacky Jurion 13 Juin 22H35 \u00c0 Cuba, quatre silhouettes d\u00e9ambulent \u00e0 la recherche dun destin. Victimes dune id\u00e9ologie \u00e0 bout de souffle, les individus luttent pour leur survie, flirtant parfois avec lill\u00e9galit\u00e9. Cantos pose un regard empli dhumanit\u00e9 sur une soci\u00e9t\u00e9 \u00e0 la d\u00e9rive, loin de ses utopies pass\u00e9es. Nous utilisons des cookies pour vous garantir la meilleure exp\u00e9rience sur notre site web. Si vous continuez \u00e0 utiliser ce site, nous supposerons que vous en \u00eates satisfait.  Voir La verve de Ren\u00e9 Fr\u00e9gni aux Correspondances de Manosque, Haute Provence Info, 28 septembre 2013. En ligne. Consult\u00e9 le 05062014-Inauguration Le Grand Veneur Barbizon 77 II Mai Cette journ\u00e9e a \u00e9t\u00e9 rendue possible gr\u00e2ce au soutien actif de Th\u00e9\u00e2tre : le metteur en sc\u00e8ne belge Ivo VAN HOVE pr\u00e9sente \u00e0 la Maison des Arts un de ses plus grands succ\u00e8s, Hedda Gabler, une transposition du grand classique dHenrik IBSEN Compilation de films dartistes et designers sur les personnages et autres cr\u00e9atures s\u00e9lectionn\u00e9s par Pictoplasma. <img decoding=\"async\" src=\"http:\/\/s4.e-monsite.com\/2011\/04\/04\/01\/resize_550_550\/\/Affiche-Quinzaine-Am-rique-Latine-2011--Mont.jpg\" alt=\"festival rencontres entre les mondes 2011\" align=\"left\"> Projection d\u00e9bat du film Entre nos mains de Mariana Otero sur l\u00e9conomie solidaire au Cin\u00e9ma du Palais Jeu responsable. Termes conditions appliqu\u00e9s. 18.<\/p>\n","protected":false},"excerpt":{"rendered":"<p>festival rencontres entre les mondes 2011<\/p>\n","protected":false},"author":1,"featured_media":0,"comment_status":"closed","ping_status":"closed","sticky":false,"template":"","format":"standard","meta":{"footnotes":""},"categories":[1],"tags":[],"_links":{"self":[{"href":"http:\/\/bauclassroom.com\/info\/wp-json\/wp\/v2\/posts\/6601"}],"collection":[{"href":"http:\/\/bauclassroom.com\/info\/wp-json\/wp\/v2\/posts"}],"about":[{"href":"http:\/\/bauclassroom.com\/info\/wp-json\/wp\/v2\/types\/post"}],"author":[{"embeddable":true,"href":"http:\/\/bauclassroom.com\/info\/wp-json\/wp\/v2\/users\/1"}],"replies":[{"embeddable":true,"href":"http:\/\/bauclassroom.com\/info\/wp-json\/wp\/v2\/comments?post=6601"}],"version-history":[{"count":1,"href":"http:\/\/bauclassroom.com\/info\/wp-json\/wp\/v2\/posts\/6601\/revisions"}],"predecessor-version":[{"id":6602,"href":"http:\/\/bauclassroom.com\/info\/wp-json\/wp\/v2\/posts\/6601\/revisions\/6602"}],"wp:attachment":[{"href":"http:\/\/bauclassroom.com\/info\/wp-json\/wp\/v2\/media?parent=6601"}],"wp:term":[{"taxonomy":"category","embeddable":true,"href":"http:\/\/bauclassroom.com\/info\/wp-json\/wp\/v2\/categories?post=6601"},{"taxonomy":"post_tag","embeddable":true,"href":"http:\/\/bauclassroom.com\/info\/wp-json\/wp\/v2\/tags?post=6601"}],"curies":[{"name":"wp","href":"https:\/\/api.w.org\/{rel}","templated":true}]}}