{"id":6695,"date":"2020-10-04T02:15:44","date_gmt":"2020-10-04T02:15:44","guid":{"rendered":"http:\/\/bauclassroom.com\/info\/?p=6695"},"modified":"2020-09-27T20:28:18","modified_gmt":"2020-09-27T20:28:18","slug":"rencontres-chorales-de-versailles-2012-2","status":"publish","type":"post","link":"http:\/\/bauclassroom.com\/info\/2020\/10\/04\/rencontres-chorales-de-versailles-2012-2\/","title":{"rendered":"Rencontres Chorales De Versailles 2012"},"content":{"rendered":"<p>Pascal Faiseaux, sur, 4 f\u00e9vrier 2019 consult\u00e9 le 6 ao\u00fbt 2019. Hors activit\u00e9s sc\u00e9niques, Antoine d\u00e9veloppe son activit\u00e9 de compositeur-arrangeur en produisant diverses musiques pour des ensembles vocaux, instrumentaux, et r\u00e9alise en 2014 la bande son du court m\u00e9trage Sans Voix production Court Apr\u00e8s Tes R\u00eaves. Interpr\u00e8tes : Festival 10 de Ch\u0153urs : Singing overseas Britten, Elgar, Barber, Bernstein, Whitacre par le Ch\u0153ur Stella Maris. Canciones Gitanos de Mario Castelnuovo-Tedesco, bestiaire de No\u00ebl de Thierry Machuel par System20. Quel tremplin pour lavenir \u00e0 une \u00e9poque o\u00f9 mobilit\u00e9 et plurilinguismes sont des atouts incontournables! Egalement, tout au long de lann\u00e9e, des \u00e9changes et des rencontres sont organis\u00e9s en accord avec la Ville. Cest ainsi quau mois de septembre, le temps dun week-end des familles arcisiennes se sont rendues \u00e0 M\u00fccheln. <img decoding=\"async\" src=\"http:\/\/www.excellent.dressyourboyfriend.com\/sites\/default\/files\/spectacle_galerie\/aubois13.jpg\" alt=\"rencontres chorales de versailles 2012\" align=\"left\"> <img decoding=\"async\" src=\"http:\/\/www.africanum.ch\/uploads\/pics\/Boa_Esperanza_b.jpg\" alt=\"rencontres chorales de versailles 2012\" align=\"center\"> Ezio, Veronica Cangemi, Kristina Hammarstr\u00f6m, Lawrence Zazzo, Sonia Lemieux, Ensemble Matheus, dir. Jean-Christophe Spinosi <img decoding=\"async\" src=\"http:\/\/slideplayer.fr\/12\/3702020\/big_thumb.jpg\" alt=\"rencontres chorales de versailles 2012\" align=\"left\"> En septembre 2012 le Choeur Papageno a pris un virage \u00e0 180 en se plongeant dans le monde joyeux de lop\u00e9rette, \u00e0 linitiative de son chef Marie Favier. Cest gr\u00e2ce \u00e0 sa collaboration avec le metteur en sc\u00e8ne et auteur C\u00e9dric B\u00e9cu que le Choeur Papageno a donn\u00e9 pendant 3 ans des spectacles originaux dop\u00e9rettes recompos\u00e9es, \u00e0 partir doeuvres de Jacques Offenbach, Louis Varney, Andr\u00e9 Messager Ainsi le Choeur Papageno a-t-il pr\u00e9sent\u00e9 dans le cadre du mois Moli\u00e8re de Versailles : Allons poulettes et tendrons 2013 puis Partons pour Romainville 2014 et enfin La pomme damour Juin 2015.  Il doit contenir au moins 4 caract\u00e8res uniquement des lettres et des chiffres. La f\u00eate, les vacances, une ambiance Cette p\u00e9riode douverture du Ch\u00e2teau de Kerjean est loccasion de mettre en valeur le domaine sur le th\u00e8me des.. 2000 : Dipl\u00f4me de Fin dEtude de formation musicale Dimanche 11 f\u00e9vrier 2018 : tournoi de bowling. Le reportage  Jeffrey Thompson, La Simphonie du Marais, dir. Hugo Reyne, sur un site commercial de la SARL Batir technologies consult\u00e9 le 13 mars 2013. 30 mars 2011-Th\u00e9\u00e2tre des Champs Elys\u00e9es, Paris : Jean-Philippe Rameau, Jean-Joseph Cassan\u00e9a de Mondonville, Le Concert dAstr\u00e9e, dir. Emmanuelle Ha\u00efm  Lensemble Choraveil f\u00eatait samedi soir \u00e0 Saint-Martin les dix ans de sa cr\u00e9ation. Fond\u00e9 par.. Une com\u00e9die musicale de Julien Joubert \u00e9crite pour ch\u0153urs denfants et dadultes, piano, accord\u00e9on, violoncelle, guitare et percussions. Depuis 20 ans, le mois de juin est consacr\u00e9 au th\u00e9\u00e2tre, \u00e0 la danse et \u00e0 la musique \u00e0 Versailles Yvelines avec le Mois Moli\u00e8re. Il commence aujourdhui. Roussat, assistant chor\u00e9graphe Julien Lubek 2 mai.<\/p>\n","protected":false},"excerpt":{"rendered":"<p>rencontres chorales de versailles 2012<\/p>\n","protected":false},"author":1,"featured_media":0,"comment_status":"closed","ping_status":"closed","sticky":false,"template":"","format":"standard","meta":{"footnotes":""},"categories":[1],"tags":[],"_links":{"self":[{"href":"http:\/\/bauclassroom.com\/info\/wp-json\/wp\/v2\/posts\/6695"}],"collection":[{"href":"http:\/\/bauclassroom.com\/info\/wp-json\/wp\/v2\/posts"}],"about":[{"href":"http:\/\/bauclassroom.com\/info\/wp-json\/wp\/v2\/types\/post"}],"author":[{"embeddable":true,"href":"http:\/\/bauclassroom.com\/info\/wp-json\/wp\/v2\/users\/1"}],"replies":[{"embeddable":true,"href":"http:\/\/bauclassroom.com\/info\/wp-json\/wp\/v2\/comments?post=6695"}],"version-history":[{"count":1,"href":"http:\/\/bauclassroom.com\/info\/wp-json\/wp\/v2\/posts\/6695\/revisions"}],"predecessor-version":[{"id":6696,"href":"http:\/\/bauclassroom.com\/info\/wp-json\/wp\/v2\/posts\/6695\/revisions\/6696"}],"wp:attachment":[{"href":"http:\/\/bauclassroom.com\/info\/wp-json\/wp\/v2\/media?parent=6695"}],"wp:term":[{"taxonomy":"category","embeddable":true,"href":"http:\/\/bauclassroom.com\/info\/wp-json\/wp\/v2\/categories?post=6695"},{"taxonomy":"post_tag","embeddable":true,"href":"http:\/\/bauclassroom.com\/info\/wp-json\/wp\/v2\/tags?post=6695"}],"curies":[{"name":"wp","href":"https:\/\/api.w.org\/{rel}","templated":true}]}}