{"id":6749,"date":"2020-10-04T09:48:07","date_gmt":"2020-10-04T09:48:07","guid":{"rendered":"http:\/\/bauclassroom.com\/info\/?p=6749"},"modified":"2020-09-27T22:34:02","modified_gmt":"2020-09-27T22:34:02","slug":"rencontres-passerelles-rms-2","status":"publish","type":"post","link":"http:\/\/bauclassroom.com\/info\/2020\/10\/04\/rencontres-passerelles-rms-2\/","title":{"rendered":"Rencontres Passerelles Rms"},"content":{"rendered":"<p>\u0398\u03ad\u03bb\u03b5\u03c4\u03b5 \u03bd\u03b1 \u03b2\u03b5\u03bb\u03c4\u03b9\u03cc\u03c3\u03b5\u03c4\u03b5 \u03c4\u03b7\u03bd \u03b5\u03bc\u03c0\u03b5\u03b9\u03c1\u03af\u03b1 \u03c4\u03b7\u03c2 \u03c7\u03c1\u03ae\u03c3\u03b7\u03c2 \u03c4\u03b7\u03c2 \u03c3\u03c5\u03c3\u03ba\u03b5\u03c5\u03ae\u03c2 \u03c3\u03b1\u03c2 \u03ba\u03b1\u03b9 \u03b4\u03b9\u03b1\u03bb\u03ad\u03b3\u03b5\u03c4\u03b5 \u03bc\u03b9\u03b1 \u03bc\u03c0\u03b1\u03c4\u03b1\u03c1\u03af\u03b1 \u03bc\u03b5 \u03bc\u03b5\u03b3\u03b1\u03bb\u03cd\u03c4\u03b5\u03c1\u03b7 \u03c7\u03c9\u03c1\u03b7\u03c4\u03b9\u03ba\u03cc\u03c4\u03b7\u03c4\u03b1 \u03c3\u03b5 \u03bc\u03b9\u03b1 \u03b5\u03bb\u03b1\u03c6\u03c1\u03ac \u03c5\u03c8\u03b7\u03bb\u03cc\u03c4\u03b5\u03c1\u03b7 \u03c4\u03b9\u03bc\u03ae. Marc Guitteny, Lionel Pasquier et Gilles Viot, Si Pornic m\u00e9tait cont\u00e9, \u00c9ditions Marc Guitteny, 2006, 320 p.  EDF, principal gagnant de la suppression de la taxe professionnelle, va subir une hausse de la taxe pyl\u00f4ne. La SNCF devrait \u00eatre impos\u00e9e au titre de ses wagons et France T\u00e9l\u00e9com au titre de ses antennes. \u0399\u03bd\u03c3\u03c4\u03b9\u03c4\u03bf\u03cd\u03c4\u03bf \u03b1\u03b9\u03c3\u03b8\u03b7\u03c4\u03b9\u03ba\u03ae\u03c2 \u03b1\u03b8\u03ae\u03bd\u03b1 \u03bf\u03b9 \u03c7\u03b5\u03b9\u03c1\u03bf\u03c4\u03b5\u03c1\u03b5\u03c2 \u03c4\u03b1\u03b9\u03bd\u03b9\u03b5\u03c2 \u03c4\u03bf\u03c5 2015 \u03bc\u03b9\u03c4\u03bf\u03c7\u03bf\u03bd\u03b4\u03c1\u03b9\u03b1\u03ba\u03cc dna mtdna \u0394\u03c9\u03c1\u03b5\u03ac\u03bd \u03b1\u03c0\u03bf\u03c3\u03c4\u03bf\u03bb\u03ae, \u03c7\u03c9\u03c1\u03af\u03c2 \u03c0\u03c1\u03bf\u03bc\u03ae\u03b8\u03b5\u03b9\u03b1 \u03c3\u03c5\u03bd\u03b1\u03bb\u03bb\u03b1\u03b3\u03ce\u03bd! 12 \u03bc\u03ae\u03bd\u03b5\u03c2 \u03b5\u03b3\u03b3\u03cd\u03b7\u03c3\u03b7. <img decoding=\"async\" src=\"http:\/\/eurairlscout.cf\/1103-large_default\/gibson-chiffon-de-nettoyage.jpg\" alt=\"rencontres passerelles rms\" align=\"center\"> A chaque gr\u00e8ve ses d\u00e9sagr\u00e9ments, lun des principal est la circulation. Avenue Paul Marchandeau rond point de Courlancy La sortie dautoroute Reims Cath\u00e9drale Par convention dans Wikip\u00e9dia, le principe a \u00e9t\u00e9 retenu de nafficher dans le tableau des recensements et le graphique, pour les populations l\u00e9gales post\u00e9rieures \u00e0 1999, que les populations correspondant \u00e0 une enqu\u00eate exhaustive de recensement pour les communes de moins de 10 000 habitants, et que les populations des ann\u00e9es 2006, 2011, 2016, etc. Pour les communes de plus de 10 000 habitants, ainsi que la derni\u00e8re population l\u00e9gale publi\u00e9e par lInsee pour lensemble des communes. \u0391\u03c5\u03c4\u03cc \u03c4\u03bf \u03b5\u03be\u03c9\u03c4\u03b5\u03c1\u03b9\u03ba\u03cc \u03c0\u03b1\u03ba\u03ad\u03c4\u03bf \u03bc\u03c0\u03b1\u03c4\u03b1\u03c1\u03af\u03b1\u03c2 \u03bc\u03c0\u03bf\u03c1\u03b5\u03af \u03b5\u03c0\u03af\u03c3\u03b7\u03c2 \u03bd\u03b1 \u03c7\u03c1\u03b7\u03c3\u03b9\u03bc\u03bf\u03c0\u03bf\u03b9\u03b7\u03b8\u03b5\u03af \u03c3\u03b5 \u03c3\u03c5\u03bd\u03b4\u03b9\u03b1\u03c3\u03bc\u03cc \u03bc\u03b5 \u03c4\u03bf \u03b4\u03b9\u03ba\u03cc \u03c3\u03b1\u03c2 \u03ba\u03b1\u03bb\u03ce\u03b4\u03b9\u03bf USB! et, sur le site de loffice de tourisme de Pornic consult\u00e9 le 3 octobre 2011 <img decoding=\"async\" src=\"http:\/\/www.note.anglersacademy.org\/media\/01\/01\/1700886567.jpg\" alt=\"rencontres passerelles rms\" align=\"right\"> Une jeune artiste pleine de promesses, n\u00e9e \u00e0 \u00c9pernay, vient de sortir son premier album. Madeleine a 25 ans et vit \u00e0 Hautvillers. Passionn\u00e9e de musique depuis tr\u00e8s longtemps, Jeanne, de son vraie pr\u00e9nom, a enregistr\u00e9 Tout ce qui reste.. La surface exploit\u00e9e a un peu d\u00e9cru entre 1988 et 2000, passant de 7 005 ha \u00e0 6 552 ha. L\u00e9levage bovin est en r\u00e9gression sur la m\u00eame p\u00e9riode 8 910 \u00e0 7 412, tandis que le nombre de volailles a fortement progress\u00e9, de 22 286 \u00e0 70 332. Au XX e si\u00e8cle, Yvonne Dorigny 1889-1983, fille de L\u00e9on et Th\u00e9r\u00e8se Bocand\u00e9 se marie avec Raymond Gallimard, fr\u00e8re et associ\u00e9 de, l\u00e9diteur parisien. Le ch\u00e2teau conna\u00eet alors une renomm\u00e9e internationale, et beaucoup d\u00e9crivains y viennent comme : ou. Simone, l\u00e9pouse de Claude Gallimard, la belle-fille de Gaston, continue la vie litt\u00e9raire dans cette maison, jusquau tragique accident de voiture survenue dans l, le qui co\u00fbte la vie \u00e0 Michel Gallimard, le fils de Raymond, et \u00e0 Albert Camus. <img decoding=\"async\" src=\"http:\/\/www.durrantgs.tk\/wp-content\/uploads\/2018\/02\/causeur-magazine-enthoven-twitter-gauchet-mailhot-fourquet-533x261.jpg\" alt=\"rencontres passerelles rms\" align=\"left\"> \u03b8\u03bf\u03b4\u03c9\u03c1\u03ae\u03c2 \u03b8\u03b5\u03bf\u03b4\u03c9\u03c1\u03cc\u03c0\u03bf\u03c5\u03bb\u03bf\u03c2 \u03b6\u03ce\u03b4\u03b9\u03bf \u03ba\u03b9 \u03b5\u03c7\u03bf\u03c5\u03bc\u03b5 \u03c0\u03bf\u03bb\u03b5\u03bc\u03bf \u03b1\u03bd\u03b1\u03bb\u03c5\u03c3\u03b7 \u03b8\u03b7\u03c3\u03b1\u03c5\u03c1\u03bf\u03c2 \u03b3\u03bd\u03c9\u03c3\u03b5\u03c9\u03bd \u03ba\u03b1\u03b9 \u03b5\u03c5\u03c3\u03b5\u03b2\u03b5\u03b9\u03b1\u03c2 \u03b9\u03b9 \u0394\u03c9\u03c1\u03b5\u03ac\u03bd \u03b1\u03c0\u03bf\u03c3\u03c4\u03bf\u03bb\u03ae, \u03c7\u03c9\u03c1\u03af\u03c2 \u03c0\u03c1\u03bf\u03bc\u03ae\u03b8\u03b5\u03b9\u03b1 \u03c3\u03c5\u03bd\u03b1\u03bb\u03bb\u03b1\u03b3\u03ce\u03bd! 12 \u03bc\u03ae\u03bd\u03b5\u03c2 \u03b5\u03b3\u03b3\u03cd\u03b7\u03c3\u03b7.  Depuis 30 ans, la boucherie charcuterie Brezillon, rue Mars, propose des produits de tradition enti\u00e8rement artisanaux, pas de produits chimiques. \u0395\u03bd\u03bf\u03b9\u03ba\u03b9\u03b1\u03c3\u03b5\u03b9\u03c3 \u03ba\u03b1\u03c4\u03bf\u03b9\u03ba\u03b9\u03c9\u03bd \u03b1\u03b9\u03b3\u03b1\u03bb\u03b5\u03c9 \u03b1\u03b3\u03b9\u03b1 \u03bc\u03b1\u03c1\u03b9\u03bd\u03b1 \u0394\u03b9\u03b1\u03b8\u03ad\u03c3\u03b9\u03bc\u03bf: Magazine: Les \u00c2 Rencontres Passerelles-Reims Management School Le manoir de la Touche, datant de la XVI e si\u00e8cle, h\u00e9berge r\u00e9guli\u00e8rement \u00e0 partir de, qui y r\u00e9dige une partie de son Histoire de la R\u00e9volution fran\u00e7aise. Il y \u00e9crit aussi La Mer en. Les halles, propri\u00e9t\u00e9 de la ville depuis 1825, datent elles du XVIII e si\u00e8cle, lorsque le d\u00e9cide de remplacer le premier b\u00e2timent \u00e9difi\u00e9 sur ordre du duc en 1609. Une a \u00e9t\u00e9 b\u00e2tie au XVIII e si\u00e8cle \u00e0 la Mossardi\u00e8re, sur commande de F\u00e9lix-Louis Quatreville, \u00e9poux dun armateur pornicais. Typique des maisons de vill\u00e9giature construite au XIX e si\u00e8cle, la villa Roche Cahn est orn\u00e9e de briques rouges, de fa\u00efence, et de piliers et terrasses de bois peint. On retrouve ces \u00e9l\u00e9ments dans lancien casino, construit en 1899 sur la plage de Gourmalon. La gare date de 1875. \u039a\u03b1\u03bd\u03bf\u03bd\u03b9\u03ba\u03ae \u03c4\u03b9\u03bc\u03ae: \u03c3\u03b1\u03bc\u03c0\u03b1\u03bd\u03b9\u03b1 moet \u03c4\u03b9\u03bc\u03b5\u03c2 35,99 \u0397 \u03c4\u03b9\u03bc\u03ae \u03bc\u03b1\u03c2: \u03c5\u03c0\u03ad\u03c1\u03bf\u03c7\u03b7 \u03c3\u03c4\u03b1 \u03b1\u03b3\u03b3\u03bb\u03b9\u03ba\u03b1 \u03c3\u03c0\u03b1\u03bd\u03b9\u03b1 \u03b6\u03c9\u03b1 \u03c4\u03b7\u03c2 \u03ba\u03c5\u03c0\u03c1\u03bf\u03c5 30,10 \u03c3\u03c5\u03b6\u03c5\u03b3\u03bf\u03c2 \u03c4\u03c3\u03b9\u03c0\u03c1\u03b1 \u03b1\u03bc\u03b5\u03c1\u03b9\u03ba\u03b7 \u0394\u03c9\u03c1\u03b5\u03ac\u03bd \u03b1\u03c0\u03bf\u03c3\u03c4\u03bf\u03bb\u03ae \u03b3\u03b1\u03bb\u03b1\u03b6\u03b9\u03b1 \u03b1\u03ba\u03c4\u03b7 \u03b3\u03b1\u03bc\u03bf\u03c2 \u03b3\u03b9\u03b1 \u03b1\u03b3\u03bf\u03c1\u03ad\u03c2 \u03ac\u03bd\u03c9 \u03c4\u03c9\u03bd 90 Pornic se singularise tout particuli\u00e8rement par une tr\u00e8s forte densit\u00e9 de \u00e0 couloir,, ce qui a dailleurs conduit \u00e0 les d\u00e9nommer parfois sous lappellation r\u00e9v\u00e9latrice de type Pornic-Notgrove.  Les Rencontres Passerelles RMS vont prendre une nouvelle dimension \u00e0 la rentr\u00e9e. Anim\u00e9es par le philosophe G\u00e9rard Lemari\u00e9, elles seront toujours bien pr\u00e9sentes \u00e0 Reims premi\u00e8re invit\u00e9e au programme, l\u00e9crivain Am\u00e9lie Nothomb. Mais, pour la premi\u00e8re fois le concept va sexpatrier, \u00e0 Londres aupr\u00e8s d\u00e9tudiants fran\u00e7ais pr\u00e9sents dans la capitale anglaise tandis que dautres projets sont \u00e0 l\u00e9tude, aux Etats-Unis notamment. Texte int\u00e9gral.<\/p>\n","protected":false},"excerpt":{"rendered":"<p>rencontres passerelles rms<\/p>\n","protected":false},"author":1,"featured_media":0,"comment_status":"closed","ping_status":"closed","sticky":false,"template":"","format":"standard","meta":{"footnotes":""},"categories":[1],"tags":[],"_links":{"self":[{"href":"http:\/\/bauclassroom.com\/info\/wp-json\/wp\/v2\/posts\/6749"}],"collection":[{"href":"http:\/\/bauclassroom.com\/info\/wp-json\/wp\/v2\/posts"}],"about":[{"href":"http:\/\/bauclassroom.com\/info\/wp-json\/wp\/v2\/types\/post"}],"author":[{"embeddable":true,"href":"http:\/\/bauclassroom.com\/info\/wp-json\/wp\/v2\/users\/1"}],"replies":[{"embeddable":true,"href":"http:\/\/bauclassroom.com\/info\/wp-json\/wp\/v2\/comments?post=6749"}],"version-history":[{"count":1,"href":"http:\/\/bauclassroom.com\/info\/wp-json\/wp\/v2\/posts\/6749\/revisions"}],"predecessor-version":[{"id":6750,"href":"http:\/\/bauclassroom.com\/info\/wp-json\/wp\/v2\/posts\/6749\/revisions\/6750"}],"wp:attachment":[{"href":"http:\/\/bauclassroom.com\/info\/wp-json\/wp\/v2\/media?parent=6749"}],"wp:term":[{"taxonomy":"category","embeddable":true,"href":"http:\/\/bauclassroom.com\/info\/wp-json\/wp\/v2\/categories?post=6749"},{"taxonomy":"post_tag","embeddable":true,"href":"http:\/\/bauclassroom.com\/info\/wp-json\/wp\/v2\/tags?post=6749"}],"curies":[{"name":"wp","href":"https:\/\/api.w.org\/{rel}","templated":true}]}}