{"id":6789,"date":"2020-10-04T19:05:30","date_gmt":"2020-10-04T19:05:30","guid":{"rendered":"http:\/\/bauclassroom.com\/info\/?p=6789"},"modified":"2020-09-28T00:01:44","modified_gmt":"2020-09-28T00:01:44","slug":"site-de-rencontre-pour-handicape-psychique-2","status":"publish","type":"post","link":"http:\/\/bauclassroom.com\/info\/2020\/10\/04\/site-de-rencontre-pour-handicape-psychique-2\/","title":{"rendered":"Site De Rencontre Pour Handicap\u00e9 Psychique"},"content":{"rendered":"<p>Tant que les choses seront ainsi, il ne faut donc pas esp\u00e9rer une am\u00e9lioration. Tout ce quon peut dire cest que si on ne r\u00e8gle pas au moins le probl\u00e8me nutritionnel il faut sabstenir de toute approche th\u00e9rapeutique agressive : elle ne servira qu\u00e0 le faire souffrir. Le probl\u00e8me est que je ne vois pas tr\u00e8s bien comment on peut le nourrir sans lui imposer dautres souffrances. D\u00e9couvrez les diff\u00e9rentes formes que prennent notre intervention :  <img decoding=\"async\" src=\"http:\/\/www.tugdual-ruellan-communication.eu\/wp-content\/uploads\/2018\/06\/Lettre-dinformation-n%C2%B012-Le-r%C3%A9seau-UNE.png\" alt=\"site de rencontre pour handicap\u00e9 psychique\" align=\"right\"> Dans le cadre des 2 journ\u00e9es danimation p\u00e9dagogique organis\u00e9es pour les classes de niveau CE2 et CM2. Les \u00e9coliers ont pu participer aux ateliers anim\u00e9s par les intervenants b\u00e9n\u00e9voles de Rencontres Jeunes et Handicaps.  pour une adaptation des prises en charge m\u00e9dicales. Ce nest en effet pas parce que la science m\u00e9dicale et ses outils progressent quil faut sen servir \u00e0 tout prix. Le respect du droit des patients a \u00e9t\u00e9 lobjet de longs 30Laide aux personnes souffrant de maladie mentale a \u00e9t\u00e9 longtemps con\u00e7ue comme le moyen de leur permettre de recouvrer une dignit\u00e9 perdue. En affirmant a priori l\u00e9gale dignit\u00e9 de ces personnes, les lois sur le handicap promeuvent une tout autre conception de cette aide : celle-ci d\u00e9coule de la reconnaissance pr\u00e9alable de leur \u00e9gale dignit\u00e9. Cette reconnaissance oblige, non plus au sens dune obligation affective, mais au sens dune obligation juridique, ainsi qu\u00e9thique. Elle oblige \u00e0 mettre en place des mesures pour aider les personnes dans leur quotidien, pour les accompagner dans leur parcours de vie et leur permettre de sint\u00e9grer dans la soci\u00e9t\u00e9. La dignit\u00e9 et le caract\u00e8re respectable que lon reconna\u00eet aux personnes en situation de handicap psychique engagent \u00e0 agir dignement et respectueusement envers elles. Il sensuit un changement radical des relations avec ces personnes. En instaurant des relations fond\u00e9es sur le respect, la reconnaissance premi\u00e8re de l\u00e9gale dignit\u00e9 met fin au paternalisme, forme d\u00e9guis\u00e9e et bien-pensante du d\u00e9ni de reconnaissance, qui sexer\u00e7ait fr\u00e9quemment \u00e0 l\u00e9gard des personnes en situation de handicap psychique. Les travailleurs qui traversent une p\u00e9riode difficile devraient \u00e9galement pouvoir disposer dun lieu de repli au sein de l\u00e9tablissement, proposant des activit\u00e9s th\u00e9rapeutiques travail du bois, art th\u00e9rapie. Inscrit dans la loi de 2005 sur le handicap, un Groupe dentraide mutuelle GEM est mis en \u0153uvre par une association de personnes en situation de handicap psychique pour se retrouver, sentraider, organiser ensemble des activit\u00e9s visant tant au d\u00e9veloppement personnel qu\u00e0 cr\u00e9er des liens avec la communaut\u00e9 environnante, sans personnels m\u00e9dicaux. Sa philosophie est la reconnaissance des adh\u00e9rents comme des personnes, et non comme des malades. Chaque GEM est anim\u00e9 par un bin\u00f4me r\u00e9mun\u00e9r\u00e9, comprenant un usager d\u00e9sign\u00e9 par ses pairs et une personne qui ne souffre pas de troubles psychiques, mais qui nest pas pour autant un professionnel m\u00e9dical. <img decoding=\"async\" src=\"http:\/\/docplayer.fr\/docs-images\/43\/2983878\/images\/page_3.jpg\" alt=\"site de rencontre pour handicap\u00e9 psychique\" align=\"center\"> bonsoir catherine, je m appelle philippe j ai 34 ans j aimerai te connaitre a bientot merci de repondre voici on mail filouooutlook.fr post\u00e9 le 27.11.2016 Implants et proth\u00e8ses : une vieille histoire, www.tout-prevoir.gpm.fr, Consult\u00e9 le 25 janvier 2014. S\u00e9curit\u00e9 physique locaux et mat\u00e9riel adapt\u00e9s, surveillance, encadrement suffisant <img decoding=\"async\" src=\"http:\/\/www.lespep.org\/wp-content\/uploads\/2017\/10\/part1-1.jpg\" alt=\"site de rencontre pour handicap\u00e9 psychique\" align=\"center\"> CORONAVIRUS POUR SE PROT\u00c9GER ET PROT\u00c9GER LES AUTRES Derni\u00e8res publications sur le th\u00e8me des personnes \u00e2g\u00e9es, de la d\u00e9pendance, des seniors, du maintien \u00e0 domicile, des maisons de retraite, des r\u00e9sidences avec services pour les seniors.. Soutenir et Orienter l\u00e9quipe dans ses missions ; lui donner les moyens n\u00e9cessaires pour effectuer un travail de qualit\u00e9 dans de bonnes conditions de travail. A loccasion de nos 80 ans, parce que nous sommes un mouvement did\u00e9es, nous souhaitons partager \u00e0 travers ce blog nos analyses, nos propositions pour construire lavenir. Celles-ci, sarticulent notamment Lire la suite Email: the purpose of the processing of this data, which is mandatory for user registration, is to send email communications to the Member,  Bonjour \u00e0 tous, tr\u00e8s ch\u00e8res Champlanaises et tr\u00e8s chers Champlanais, Marc Bradfer tient le journal dune exp\u00e9rience unique et bouleversante \u00e0 laquelle il n\u00e9tait nullement pr\u00e9par\u00e9. Pendant de longs mois il partagera avec On parle de la sotres sur le site de la fondation handicap.<\/p>\n","protected":false},"excerpt":{"rendered":"<p>site de rencontre pour handicap\u00e9 psychique<\/p>\n","protected":false},"author":1,"featured_media":0,"comment_status":"closed","ping_status":"closed","sticky":false,"template":"","format":"standard","meta":{"footnotes":""},"categories":[1],"tags":[],"_links":{"self":[{"href":"http:\/\/bauclassroom.com\/info\/wp-json\/wp\/v2\/posts\/6789"}],"collection":[{"href":"http:\/\/bauclassroom.com\/info\/wp-json\/wp\/v2\/posts"}],"about":[{"href":"http:\/\/bauclassroom.com\/info\/wp-json\/wp\/v2\/types\/post"}],"author":[{"embeddable":true,"href":"http:\/\/bauclassroom.com\/info\/wp-json\/wp\/v2\/users\/1"}],"replies":[{"embeddable":true,"href":"http:\/\/bauclassroom.com\/info\/wp-json\/wp\/v2\/comments?post=6789"}],"version-history":[{"count":1,"href":"http:\/\/bauclassroom.com\/info\/wp-json\/wp\/v2\/posts\/6789\/revisions"}],"predecessor-version":[{"id":6790,"href":"http:\/\/bauclassroom.com\/info\/wp-json\/wp\/v2\/posts\/6789\/revisions\/6790"}],"wp:attachment":[{"href":"http:\/\/bauclassroom.com\/info\/wp-json\/wp\/v2\/media?parent=6789"}],"wp:term":[{"taxonomy":"category","embeddable":true,"href":"http:\/\/bauclassroom.com\/info\/wp-json\/wp\/v2\/categories?post=6789"},{"taxonomy":"post_tag","embeddable":true,"href":"http:\/\/bauclassroom.com\/info\/wp-json\/wp\/v2\/tags?post=6789"}],"curies":[{"name":"wp","href":"https:\/\/api.w.org\/{rel}","templated":true}]}}