{"id":6893,"date":"2020-10-05T00:19:13","date_gmt":"2020-10-05T00:19:13","guid":{"rendered":"http:\/\/bauclassroom.com\/info\/?p=6893"},"modified":"2020-09-28T04:38:28","modified_gmt":"2020-09-28T04:38:28","slug":"nyon-rencontre-2","status":"publish","type":"post","link":"http:\/\/bauclassroom.com\/info\/2020\/10\/05\/nyon-rencontre-2\/","title":{"rendered":"Nyon Rencontre"},"content":{"rendered":"<p>La Conf\u00e9rence des Parlements des Jeunes 2020 aura lieu du 23 au 25 octobre 2020 \u00e0 Nyon et sera organis\u00e9e en collaboration avec le. Locaux pour une dur\u00e9e de deux heures au maximum, soit il peut sortir  Annonce : Bonjour, je cherche \u00e0 faire connaissance et plus si affinit\u00e9 avec des hommes \u00e2g\u00e9s entre 32 et 42 ans. Sans enfants. En Suisse. Merci de bien vouloir respecter ma demande. Nous r\u00e9aliserons ensemble votre am\u00e9nagement int\u00e9rieur id\u00e9al; de la cuisine au dressing en passant par la salle de bain. <img decoding=\"async\" src=\"http:\/\/www.vaudfamille.ch\/data\/dataimages\/Upload\/thumbnails\/zoom_bibliotheque-nyon_gueran1.jpg\" alt=\"nyon rencontre\" align=\"center\"> Invitation Big pasta partyInvitation Big pasta party. Venez nombreux soutenir le CAJO et les activit\u00e9s de jeunesse! La Fondation Jeunesse et familles, reconnue dutilit\u00e9 publique est  suivi sp\u00e9cifique des pr\u00e9matur\u00e9s sur d\u00e9l\u00e9gation de lunit\u00e9 de d\u00e9veloppement du CHUV J aime la lecture, la nature les fous rire intempestifs.les repas entre amis ou en amoureux. Un coucher de soleil, le chocolat et mon metier,la franchise,et la fidelit\u00e9 le reste peut etre a partager nos envies communes devant un caf\u00e9? <img decoding=\"async\" src=\"http:\/\/www.youmcum.ga\/wp-content\/uploads\/2018\/06\/24-Lyne-1024x683.jpg\" alt=\"nyon rencontre\" align=\"right\"> A Moudon, cest loin d\u00eatre mou! Cest plut\u00f4t donfer et drobien. Alors, tu tentes laventure avec nous? Parce quune belle rencontre peut changer votre vie, rejoignez Sedulove 47133-Concert dAng\u00e8le \u00e0 la Grande Sc\u00e8ne. Sigfredo Haro Pri\u00e8res de Taiz\u00e9 \u00e0 Nyon Saison 2018-2019Est-il encore besoin de pr\u00e9senter les pri\u00e8res de Taiz\u00e9 qui ont lieu \u00e0 Nyon depuis la venue de la rencontre europ\u00e9enne en 2008? Bienvenue! Le monde de demain: le drive-in remis au go\u00fbt du jour <img decoding=\"async\" src=\"http:\/\/www.otelina.ch\/nyon\/fr\/produits\/images\/les-produits-de-beaute-nyon.jpg\" alt=\"nyon rencontre\" align=\"left\">  Dimanche 19hCette ann\u00e9e, l\u00e9quipe de Dimanche 19h vous invite \u00e0 embarquer chaque premier dimanche du mois pour une messe anim\u00e9e par des jeunes pour des jeunes! La place du Ch\u00e2teau de Nyon \u00e9tait noire de monde mercredi \u00e0 midi. La population attendait impatiemment larriv\u00e9e des conseillers f\u00e9d\u00e9raux, accompagn\u00e9s des conseillers dEtat vaudois. Annonce : Salut moi j aime bien ca picoler et si qqn kiffe vraiment mon profil..<\/p>\n","protected":false},"excerpt":{"rendered":"<p>nyon rencontre<\/p>\n","protected":false},"author":1,"featured_media":0,"comment_status":"closed","ping_status":"closed","sticky":false,"template":"","format":"standard","meta":{"footnotes":""},"categories":[1],"tags":[],"_links":{"self":[{"href":"http:\/\/bauclassroom.com\/info\/wp-json\/wp\/v2\/posts\/6893"}],"collection":[{"href":"http:\/\/bauclassroom.com\/info\/wp-json\/wp\/v2\/posts"}],"about":[{"href":"http:\/\/bauclassroom.com\/info\/wp-json\/wp\/v2\/types\/post"}],"author":[{"embeddable":true,"href":"http:\/\/bauclassroom.com\/info\/wp-json\/wp\/v2\/users\/1"}],"replies":[{"embeddable":true,"href":"http:\/\/bauclassroom.com\/info\/wp-json\/wp\/v2\/comments?post=6893"}],"version-history":[{"count":1,"href":"http:\/\/bauclassroom.com\/info\/wp-json\/wp\/v2\/posts\/6893\/revisions"}],"predecessor-version":[{"id":6894,"href":"http:\/\/bauclassroom.com\/info\/wp-json\/wp\/v2\/posts\/6893\/revisions\/6894"}],"wp:attachment":[{"href":"http:\/\/bauclassroom.com\/info\/wp-json\/wp\/v2\/media?parent=6893"}],"wp:term":[{"taxonomy":"category","embeddable":true,"href":"http:\/\/bauclassroom.com\/info\/wp-json\/wp\/v2\/categories?post=6893"},{"taxonomy":"post_tag","embeddable":true,"href":"http:\/\/bauclassroom.com\/info\/wp-json\/wp\/v2\/tags?post=6893"}],"curies":[{"name":"wp","href":"https:\/\/api.w.org\/{rel}","templated":true}]}}