{"id":6943,"date":"2020-10-05T00:35:57","date_gmt":"2020-10-05T00:35:57","guid":{"rendered":"http:\/\/bauclassroom.com\/info\/?p=6943"},"modified":"2020-09-28T07:25:32","modified_gmt":"2020-09-28T07:25:32","slug":"la-rencontre-a-w-eckert-2","status":"publish","type":"post","link":"http:\/\/bauclassroom.com\/info\/2020\/10\/05\/la-rencontre-a-w-eckert-2\/","title":{"rendered":"La Rencontre A W Eckert"},"content":{"rendered":"<p>\u03a0\u03bf\u03bb\u03bb\u03b1\u03c0\u03bb\u03cc\u03c2 \u03c6\u03bf\u03c1\u03c4\u03b9\u03c3\u03c4\u03ae\u03c2 \u03a3\u03c5\u03bc\u03c0\u03b5\u03c1\u03b9\u03bb\u03b1\u03bc\u03b2\u03ac\u03bd\u03b5\u03b9 \u03c0\u03c1\u03bf\u03c3\u03b1\u03c1\u03bc\u03cc\u03c3\u03b9\u03bc\u03bf\u03c5\u03c2 \u03c3\u03c5\u03bd\u03b4\u03ad\u03c3\u03bc\u03bf\u03c5\u03c2 \u03b3\u03b9\u03b1 \u03c4\u03b1 \u03c0\u03b5\u03c1\u03b9\u03c3\u03c3\u03cc\u03c4\u03b5\u03c1\u03b1 \u03ba\u03bf\u03b9\u03bd\u03ac \u03bb\u03ac\u03c0\u03c4\u03bf\u03c0. Retourne les textes qui contiennent enfant ET \u00e9tranger. Livre Eckert, Allan Wesley. Auteur Le livre de poche jeunesse. Paris 2007  MacDonald, six ans, a bien des difficult\u00e9s \u00e0 communiquer avec les il approche les animaux sauvages au plus pr\u00e8s, passe des heures \u00e0 leurs c\u00f4t\u00e9s Au sud de Nantes, Vertou est lune des communes les plus verdoyantes de lagglom\u00e9ration. Berc\u00e9e par la S\u00e8vre nantaise, elle se situe aux portes du vignoble. Le cadre naturel donne le ton \u00e0 un roman qui se veut retour aux sources, aux origines de lhomme, \u00e0 lanimalit\u00e9, ode \u00e0 la nature, abordant ainsi un th\u00e8me r\u00e9current dans la litt\u00e9rature : celui de lopposition antinomique entre dune part la nature et de lautre la culture. Les codes de cette opposition sont revisit\u00e9s, lauteur ne fait pas le r\u00e9cit dun processus de civilisation, lenfant sauvage ne devient pas pour autant un petit enfant normal, si tant est quune normalit\u00e9 existe, mais met en lumi\u00e8re les m\u00e9canismes de rejet des diff\u00e9rences qui pr\u00e9sident \u00e0 la marginalisation de lautre, ici lenfant, et comment le regard de la soci\u00e9t\u00e9, ici sa famille, peut changer notre regard jusqu\u00e0 transformer lautre, l\u00e9lever par rapport \u00e0 la soci\u00e9t\u00e9. Ainsi, au d\u00e9but du roman Ben semble t-il plus proche de lanimalit\u00e9 que de lhumanit\u00e9 tant son comportement le place dembl\u00e9e du c\u00f4t\u00e9 de la b\u00eate : il ne parle pas ou peu, or la parole est r\u00e9put\u00e9e pour \u00eatre le propre de lhomme, il est craintif et sauvage, adoptant ainsi avec ses proches le m\u00eame comportement que les animaux \u00e0 l\u00e9gard de lhomme. Cependant, comment, dans ce contexte qui nous ram\u00e8ne aux colons am\u00e9ricains, ne pas penser aux am\u00e9rindiens, massacr\u00e9s par les colons am\u00e9ricains, qui sils ne font pas lobjet principal de ce livre demeurent pr\u00e9sent en toile de fond \u00e0 travers la haine que le personnage le plus antipathique de La rencontre, Burton, et ce nest pas un hasard, leur voue, lui qui est, en tuant le p\u00e8re blaireau, un ennemi jur\u00e9 du r\u00e8gne animal? Lexp\u00e9rience singuli\u00e8re de Ben est ainsi \u00e0 rapprocher des initiations chez les Am\u00e9rindiens. En devenant blaireau, il trouve une identit\u00e9, comme les am\u00e9rindiens qui, en sidentifiant aux animaux, trouvent leur nom. Ainsi, ce r\u00e9cit est-il bien le r\u00e9cit dune qu\u00eate initiatique et identitaire o\u00f9 le th\u00e8me de la mort et de la r\u00e9surrection est tr\u00e8s pr\u00e9sent tout au long des aventures de lenfant. Error was encountered while trying to use an ErrorDocument to handle the request. <img decoding=\"async\" src=\"http:\/\/www.dbwexbb.gq\/wp-content\/uploads\/2016\/11\/makrouna-bel_-900x675.jpg\" alt=\"la rencontre a w eckert\" align=\"center\"> \u038c\u03bb\u03b5\u03c2 \u03bf\u03b9 \u03b1\u03bd\u03b1\u03b3\u03c1\u03b1\u03c6\u03ce\u03bc\u03b5\u03bd\u03b5\u03c2 \u03bc\u03c0\u03b1\u03c4\u03b1\u03c1\u03af\u03b5\u03c2 \u03b5\u03af\u03bd\u03b1\u03b9 \u03ba\u03b1\u03c4\u03ac\u03bb\u03bb\u03b7\u03bb\u03b5\u03c2 \u03b3\u03b9\u03b1 \u03c4\u03bf Acer Aspire 5235. \u039f\u03b9 \u03b4\u03b9\u03b1\u03c6\u03bf\u03c1\u03ad\u03c2 \u03bc\u03b5\u03c4\u03b1\u03be\u03cd \u03c4\u03c9\u03bd \u03bc\u03c0\u03b1\u03c4\u03b1\u03c1\u03b9\u03ce\u03bd \u03b5\u03af\u03bd\u03b1\u03b9 \u03b3\u03b5\u03bd\u03b9\u03ba\u03ac \u03c3\u03c4\u03b1 \u03b6\u03b7\u03c4\u03ae\u03bc\u03b1\u03c4\u03b1 \u03c0\u03bf\u03c5 \u03c3\u03c5\u03b6\u03b7\u03c4\u03bf\u03cd\u03bd\u03c4\u03b1\u03b9 \u03c0\u03b1\u03c1\u03b1\u03ba\u03ac\u03c4\u03c9. Achetez la rencontre allan occasion, annonce vente \u00e0 Saint-Etienne 42 WB154473473 Le fait que ce soit une histoire vraie ma vraiment surpris.. Jdois le lire pour demain et franchement jADORE LIRE, dailleurs je pr\u00e9f\u00e8re les livres que les adaptations Hunger Games, Harry Potter, mais franchement ce livre ne memballe pas, jen suis meme pas a la fin du 1er chapitre, cest hoorible! Je sais pas ce que je vais faire, aller demande rles r\u00e9ponses \u00e0 une amie qui la d\u00e9j\u00e0 fait, mais ce genre de livre je d\u00e9teste! Bizarrement je pr\u00e9f\u00e8re ceux que mon fr\u00e8re \u00e0 lut quand il avait mon age. Le slivres qui commencent direct avec Cette histoire se passe en.. Euh ok, non merci pour moi quoi. Et dapr\u00e8s ceux qui lont lut lhistoire ne commence quau 6\u00e8me chapitre-_- Bref, je ne compte pas le lire http:covers.openlibrary.orgbisbn9782013218504-S.jpg \u03b5\u03c4\u03b9\u03ba\u03b5\u03c4\u03b5\u03c2 \u03ba\u03c1\u03b1\u03c3\u03b9\u03bf\u03c5 \u03b3\u03b9\u03b1 \u03b3\u03b1\u03bc\u03bf \u0391\u03c0\u03bf\u03c4\u03b5\u03bb\u03ad\u03c3\u03bc\u03b1\u03c4\u03b1 \u03b1\u03bd\u03ac \u03c3\u03b5\u03bb\u03af\u03b4\u03b1: \u03c4\u03bf \u03ba\u03c5\u03c4\u03c4\u03b1\u03c1\u03bf live Retourne les textes qui contiennent enfant, enfants, enfance, enfanter, enfantillage.. Fant ne retournera rien : last\u00e9risque doit \u00eatre terminale. Close Seller-16.963 items sold 0.2 negative feedback. Top-Rated Seller! Ships on time with tracking, 0 problems with past sales. More <img decoding=\"async\" src=\"http:\/\/img.lemde.fr\/2017\/11\/14\/56\/0\/3853\/1923\/0\/0\/60\/0\/cb1c773_5408485-01-06.jpg\" alt=\"la rencontre a w eckert\" align=\"left\">  Le format Epub peut \u00eatre consid\u00e9r\u00e9 comme le mp3 du livre. Il sagit dun format permettant aux \u00e9diteurs et fabricants dappareils de lecture de proposer aux lecteurs un standard.  Com Petites Annonces Metz-57000 en France Lire la suite de l Rencontre de la Chaire, Coucou, je suis un jeune homme de 28 ans pas loin de Montauban, besoin de rencontre et daventure je Aide; Charte de la Communaut <img decoding=\"async\" src=\"http:\/\/www.puortaldovt.cf\/cache\/avatars\/19149_1525162401_fr.png\" alt=\"la rencontre a w eckert\" align=\"left\"> Nombre de pages 320 Dimensions 18 x 1212 x 1 cm Poids 230 g Langue fran\u00e7ais Fiches UNIMARC.<\/p>\n","protected":false},"excerpt":{"rendered":"<p>la rencontre a w eckert<\/p>\n","protected":false},"author":1,"featured_media":0,"comment_status":"closed","ping_status":"closed","sticky":false,"template":"","format":"standard","meta":{"footnotes":""},"categories":[1],"tags":[],"_links":{"self":[{"href":"http:\/\/bauclassroom.com\/info\/wp-json\/wp\/v2\/posts\/6943"}],"collection":[{"href":"http:\/\/bauclassroom.com\/info\/wp-json\/wp\/v2\/posts"}],"about":[{"href":"http:\/\/bauclassroom.com\/info\/wp-json\/wp\/v2\/types\/post"}],"author":[{"embeddable":true,"href":"http:\/\/bauclassroom.com\/info\/wp-json\/wp\/v2\/users\/1"}],"replies":[{"embeddable":true,"href":"http:\/\/bauclassroom.com\/info\/wp-json\/wp\/v2\/comments?post=6943"}],"version-history":[{"count":1,"href":"http:\/\/bauclassroom.com\/info\/wp-json\/wp\/v2\/posts\/6943\/revisions"}],"predecessor-version":[{"id":6944,"href":"http:\/\/bauclassroom.com\/info\/wp-json\/wp\/v2\/posts\/6943\/revisions\/6944"}],"wp:attachment":[{"href":"http:\/\/bauclassroom.com\/info\/wp-json\/wp\/v2\/media?parent=6943"}],"wp:term":[{"taxonomy":"category","embeddable":true,"href":"http:\/\/bauclassroom.com\/info\/wp-json\/wp\/v2\/categories?post=6943"},{"taxonomy":"post_tag","embeddable":true,"href":"http:\/\/bauclassroom.com\/info\/wp-json\/wp\/v2\/tags?post=6943"}],"curies":[{"name":"wp","href":"https:\/\/api.w.org\/{rel}","templated":true}]}}