{"id":6955,"date":"2020-10-05T20:47:41","date_gmt":"2020-10-05T20:47:41","guid":{"rendered":"http:\/\/bauclassroom.com\/info\/?p=6955"},"modified":"2020-09-28T08:24:23","modified_gmt":"2020-09-28T08:24:23","slug":"rencontre-hollande-merkel-tapis-rouge-2","status":"publish","type":"post","link":"http:\/\/bauclassroom.com\/info\/2020\/10\/05\/rencontre-hollande-merkel-tapis-rouge-2\/","title":{"rendered":"Rencontre Hollande Merkel Tapis Rouge"},"content":{"rendered":"<p> Investi pr\u00e9sident, Fran\u00e7ois Hollande choisit Jean-Marc Ayrault comme premier ministre&#8212;&#8211; LePetitJournal.com, m\u00e9dia leader de linformation pour les expatri\u00e9s fran\u00e7ais et francophones. 2017 A compter de ce jour, vous incarnez la France, vous symbolisez la R\u00e9publique, vous symbolisez les valeurs la R\u00e9publique et vous repr\u00e9sentez lensemble des Fran\u00e7ais, a d\u00e9clar\u00e9 le pr\u00e9sident du Conseil constitutionnel Jean-Louis Debr\u00e9, apr\u00e8s avoir rappel\u00e9 les r\u00e9sultats du second tour de l\u00e9lection pr\u00e9sidentielle le 6 mai o\u00f9 M. Hollande a battu Nicolas Sarkozy avec la majorit\u00e9 absolue des suffrages exprim\u00e9s 51,6. Dapr\u00e8s France T\u00e9l\u00e9visions, le d\u00e9jeuner des diff\u00e9rents chefs dEtat se prolongerait car Barack Obama et Vladimir Poutine seraient en train de se parler, une premi\u00e8re depuis le d\u00e9but de la crise ukrainienne. <img decoding=\"async\" src=\"http:\/\/images.lpcdn.ca\/924x615\/201205\/15\/501185-nouveau-president-francais-francois-hollande.jpg\" alt=\"rencontre hollande merkel tapis rouge\" align=\"center\"> Laurent Gerra fait son show et Le meilleur de Laurent Gerra, deux \u00e9missions sp\u00e9ciales Laurent Gerra diffus\u00e9e sur M6 le 11 novembre 2006. Les deux hommes se sont ensuite retir\u00e9s \u00e0 lint\u00e9rieur du palais, o\u00f9 M. Hollande a \u00e9galement serr\u00e9 la main de Fran\u00e7ois Fillon, le Premier ministre de Nicolas Sarkozy durant cinq ans. Effets du confinement Ce que les rats des villes sont devenus avec la pand\u00e9mie La confiance, cest facile \u00e0 perdre et tr\u00e8s difficile \u00e0 gagner. Alors bien s\u00fbr de nombreuses personnes peuvent penser que le journaliste pourra se refaire une sant\u00e9 avec les affaires sarko qui vont pouvoir sortir, mais ca ne changera pas le font du probl\u00e8me : ce que nous voulons savoir cest pourquoi le pr\u00e9sident actuel \u00e0 laisser pass\u00e9 le MES quil semble critiquer, pourquoi il a vot\u00e9 la modif constitutionnelle qui a permis de signer lisbonne dont personne voulait et il suffit de regarder aujourdhui ce que lisbonne et nice avant lui ont fait de leurope : des peuples en train de crever que d\u00e9p\u00e8cent les financiers. Cest dexpliquer que les 2 parties au pouvoir en gr\u00e8ce psump donnent leurs r\u00e9sultats ensemble parce quils sont d\u00e9bord\u00e9s, plut\u00f4t que dexpliquer que le fn arrivent au pouvoir 6  Deux sujets \u00e0 la Une : linvestiture en grande pompe du pr\u00e9sident russe Vladimir Poutine qui entame un troisi\u00e8me mandat ; et lavenir du couple franco-allemand apr\u00e8s l\u00e9lection de Fran\u00e7ois Hollande en France. 09h15: S\u00e9gol\u00e8ne Royal d\u00e9sapprouve la sortie de Jean-Pierre Jouyet concernant le nom du Premier ministre: \u00e7a nest pas bien. Il faut attendre la d\u00e9claration du secr\u00e9taire g\u00e9n\u00e9ral de lElys\u00e9e. <img decoding=\"async\" src=\"http:\/\/www.satyer.ga\/Files\/97116\/Img\/09\/coklico-coloris-noir.jpg\" alt=\"rencontre hollande merkel tapis rouge\" align=\"left\"> gf : honn\u00eatement, je nai pas cherch\u00e9 \u00e0 \u00eatre grammaticalement correcte sur ce coup-l\u00e0 mais \u00e0 chahuter un peu la langue. Pour lorthodoxie, jai tendance apr\u00e8s une recherche rapide \u00e0 faire confiance \u00e0 ce commentateur qui cite Gr\u00e9visse : <img decoding=\"async\" src=\"http:\/\/reveil-fm.com\/images\/Elie4\/Elie5\/Elie6\/Elie7\/Elie8\/Elie9\/DSC03561.JPG\" alt=\"rencontre hollande merkel tapis rouge\" align=\"center\"> Pour se pr\u00e9parer \u00e0 tous les sc\u00e9narios, lAssembl\u00e9e nationale a examin\u00e9 vendredi un projet de loi permettant \u00e0 la fois le report du second tour des municipales en cas de regain de l\u00e9pid\u00e9mie de coronavirus et un vote par procuration facilit\u00e9 sil a bien lieu le 28 juin. Lessentiel de lactualit\u00e9 sociale chaque vendredi! Si lon revient sur lensemble du quinquennat Hollande, comment a \u00e9volu\u00e9 cette notion de couple franco-allemand? Peut-on encore r\u00e9ellement parler de couple? Merci pour votre commentaire. Il sera visible prochainement sous r\u00e9serve de validation. Damas Syrie-Ces \u00e9coliers apprennent \u00e0 se prot\u00e9ger en cas de bombardement lors dune campagne de sensibilisation, connue sous le nom de The White Helmets, dans la r\u00e9gion rebelle de Harasta, dans la banlieue nord-est de la capitale syrienne. Un d\u00eener amical, a-t-il not\u00e9, en t\u00eate-\u00e0-t\u00eate avec leurs deux interpr\u00e8tes pour seuls t\u00e9moins au Paris-Moskau, un \u00e9tablissement situ\u00e9 \u00e0 quelques encablures de la chancellerie f\u00e9d\u00e9rale.  Apr\u00e8s la c\u00e9r\u00e9monie de passation de pouvoirs en matin\u00e9e, le nouveau pr\u00e9sident fran\u00e7ais sest envol\u00e9 pour Berlin pour rencontrer la chanceli\u00e8re allemande Angela Merkel. Une rencontre destin\u00e9e \u00e0 faire connaissance, o\u00f9 les deux dirigeants ont d\u00e9cid\u00e9 de mettre tous les sujets sur la table dici le prochain conseil europ\u00e9en de la fin du mois de juin, alors que les sujets qui f\u00e2chent ne manquent pas, notamment sur les questions europ\u00e9ennes.<\/p>\n","protected":false},"excerpt":{"rendered":"<p>rencontre hollande merkel tapis rouge<\/p>\n","protected":false},"author":1,"featured_media":0,"comment_status":"closed","ping_status":"closed","sticky":false,"template":"","format":"standard","meta":{"footnotes":""},"categories":[1],"tags":[],"_links":{"self":[{"href":"http:\/\/bauclassroom.com\/info\/wp-json\/wp\/v2\/posts\/6955"}],"collection":[{"href":"http:\/\/bauclassroom.com\/info\/wp-json\/wp\/v2\/posts"}],"about":[{"href":"http:\/\/bauclassroom.com\/info\/wp-json\/wp\/v2\/types\/post"}],"author":[{"embeddable":true,"href":"http:\/\/bauclassroom.com\/info\/wp-json\/wp\/v2\/users\/1"}],"replies":[{"embeddable":true,"href":"http:\/\/bauclassroom.com\/info\/wp-json\/wp\/v2\/comments?post=6955"}],"version-history":[{"count":1,"href":"http:\/\/bauclassroom.com\/info\/wp-json\/wp\/v2\/posts\/6955\/revisions"}],"predecessor-version":[{"id":6956,"href":"http:\/\/bauclassroom.com\/info\/wp-json\/wp\/v2\/posts\/6955\/revisions\/6956"}],"wp:attachment":[{"href":"http:\/\/bauclassroom.com\/info\/wp-json\/wp\/v2\/media?parent=6955"}],"wp:term":[{"taxonomy":"category","embeddable":true,"href":"http:\/\/bauclassroom.com\/info\/wp-json\/wp\/v2\/categories?post=6955"},{"taxonomy":"post_tag","embeddable":true,"href":"http:\/\/bauclassroom.com\/info\/wp-json\/wp\/v2\/tags?post=6955"}],"curies":[{"name":"wp","href":"https:\/\/api.w.org\/{rel}","templated":true}]}}