{"id":6983,"date":"2020-10-05T19:01:06","date_gmt":"2020-10-05T19:01:06","guid":{"rendered":"http:\/\/bauclassroom.com\/info\/?p=6983"},"modified":"2020-09-28T09:37:00","modified_gmt":"2020-09-28T09:37:00","slug":"rencontre-valdotaine-2","status":"publish","type":"post","link":"http:\/\/bauclassroom.com\/info\/2020\/10\/05\/rencontre-valdotaine-2\/","title":{"rendered":"Rencontre Valdotaine"},"content":{"rendered":"<p>  <img decoding=\"async\" src=\"http:\/\/www.zijemi.cf\/pdf\/apercus\/24675_apercu.gif\" alt=\"rencontre valdotaine\" align=\"center\"> Jeanne Ducourtil-Bellot 1900-1983, originaire de \u03b1\u03c0\u03c1\u03b9\u03bb\u03b7 \u03bc\u03bf\u03c5 \u03be\u03b1\u03bd\u03b8\u03b5 \u03c3\u03c4\u03b9\u03c7\u03bf\u03b9 \u03a0\u03b1\u03c1, 10 \u0399\u03bf\u03cd\u03bb 2015-4.02 EUR les d\u00e9parts plut\u00f4t saisonniers, ant\u00e9rieurs \u00e0 1848 ; 18EME RENCONTRE VALDOTAINE DIMANCHE 8 AOUT 1993 A CORT VILLE SUR SARRE-VUE PANORAMIQUE DEPUIS LA CORT VILLE SUR SARRE-MESSAGE DES PRESIDENTS DU GOUVERNEMENT ET DU CONSEIL DE LA VALLEE AUX EMIGRES VALDOTAINS A LOCCASION DE LA 18E RENCONTRE VALDOTAINE La Commune de Challand-Saint-Victor accueillera la 44e Rencontre Vald\u00f4taine  Laccueil des participants est pr\u00e9vu \u00e0 9h30, \u00e0 Challand-Saint-Victor sur les notes du Corps philharmonique dArnad par le Pr\u00e9sident de la R\u00e9gion Antonio Fosson et le Syndic de Challand-Saint-Victor Michel Savin. Lexposition a eu lieu la premi\u00e8re fois dans les salles de lH\u00f4tel des \u00c9tats \u00e0 Aoste vernissage le 5 juillet 1985 et ensuite \u00e0 Gaby \u00e0 loccasion de la Rencontre Vald\u00f4taine du mois dao\u00fbt. Elle a ensuite \u00e9t\u00e9 am\u00e9nag\u00e9e dans dautres localit\u00e9s vald\u00f4taines. Linversement de tendance qui se produit \u00e0 partir de 1946 avec plus de fr\u00e9quence pour le retour au pays et une progressive diminution des d\u00e9parts. 19h00 ouverture du stand de restauration de la r\u00e9gion italienne de la Romagne 1958 1893, Premier essai. Petite grammaire du dialecte vald\u00f4tain avec traduction fran\u00e7aise, d\u00e9di\u00e9e \u00e0 Sa Majest\u00e9 La Reine, Aoste, Administration R\u00e9gionale ; 1893, Front Canavese, Jean-Baptiste Cerlogne. <img decoding=\"async\" src=\"http:\/\/www.avasvalleedaoste.it\/elementi\/www\/foto%20pagina%20temouen\/emigration_2.jpg\" alt=\"rencontre valdotaine\" align=\"right\"> Vendredi 17 janvier 2020, la table ronde, qui ouvre les rendez-vous de lArbre de No\u00ebl \u00e0 Paris a, comme dhabitude, offert aux \u00e9migr\u00e9s loccasion dapprofondir leur connaissance de ce qui se passe en Vall\u00e9e dAoste et dadresser \u00e0 la d\u00e9l\u00e9gation venue de la Vall\u00e9e des questions sur les intentions de lAdministration r\u00e9gionale dans les diff\u00e9rents domaines. Si les Arbres de No\u00ebl sont organis\u00e9s par les diff\u00e9rentes soci\u00e9t\u00e9s d\u00e9migr\u00e9s en Suisse et en France, notamment \u00e0 Paris afin de recr\u00e9er des occasions de rencontre amicales lors des f\u00eates de fin dann\u00e9e, la Rencontre estivale repr\u00e9sente, quant \u00e0 elle, un moment privil\u00e9gi\u00e9 de r\u00e9union entre les \u00e9migr\u00e9s qui reviennent en Vall\u00e9e dAoste pour y passer leurs vacances et les Vald\u00f4tains du pays : cest dailleurs pour cette raison que le premier rendez-vous fut organis\u00e9, \u00e0 Verrayes, en 1976. <img decoding=\"async\" src=\"http:\/\/www.easyaupair.com\/Photo\/aupair_fb72a4eac78e1fd2517aedf10999cf4e.jpg\" alt=\"rencontre valdotaine\" align=\"left\"> Apr\u00e8s lappel au dialogue de la semaine derni\u00e8re lanc\u00e9 par le pr\u00e9sident de la R\u00e9gion, les chefs des partis de la majorit\u00e9 passent \u00e0 laction et entament les consultations avec les forces politiques de lopposition. Deux lettres une en fran\u00e7ais du pr\u00e9sident de l et lautre en italien du pr\u00e9sident de, Maurice Martin ont \u00e9t\u00e9 envoy\u00e9es dans lapr\u00e8s-midi \u00e0, au, au, et \u00e0 l avec une proposition de rencontre. A Perloz la presentazione del libro Vallaise-Vallesa, Memorie di una dinastia intramontana.. Christian Sarteur, originaire d, auteur-chanteur de chansons en francoproven\u00e7al ayassin et en fran\u00e7ais ; \u00c0 17h, les participants pourront assister au spectacle Exploit, qui sera suivi du traditionnel d\u00eener, anim\u00e9 par les interm\u00e8des musicaux de la chorale Les Hirondelles. Largot des scieurs en long et des sabotiers d Argot it Maximilien Riccio., 14 octobre 2014. Comunicato stampa Giunta regionale Valle dAosta financ\u00e9 par le FEDER dans le cadre du projet ProGuides Professionnalisation des Guides de Haute Montagne pour un Tourisme Transfrontalier, Programme de Coop\u00e9ration transfrontali\u00e8re Interreg V-A France-Italie Alcotra 1420. Une petite brochure r\u00e9sume les \u00e9tapes de ce parcours.Gr\u00e2ce \u00e0 la pr\u00e9cieuse collaboration de lAVAS, le si\u00e8ge pour la Vall\u00e9e dAoste de la RAI a pu r\u00e9aliser en 1986 au sujet de L\u00e9migration vald\u00f4taine dans le monde Carlo A. Rossi, une en trois volets diffus\u00e9e dans le cadre des \u00e9missions r\u00e9gionales de la RAI. Aoste-Place Chanoux-Palais du Municipio mairie 10E RENCONTRE VALDOTAINE-MESSAGE DU PRESIDENT DU GOUVERNEMENT REGIONAL PAR AUGUSTE ROLLANDIN-VACANCES DETE MEURTRIER PAR MP-TOUJOURS PLUS BEAU PAR LP-HOMMAGE-SI LON GARDE VIVANT SON SOUVENIR UN DISPARU NE NOUS QUITTE PAS PAR NINA CAGLIERO-10 AOUT 1985-17E FOIRE DETE DE LARTISANAT TYPIQUE.<\/p>\n","protected":false},"excerpt":{"rendered":"<p>rencontre valdotaine<\/p>\n","protected":false},"author":1,"featured_media":0,"comment_status":"closed","ping_status":"closed","sticky":false,"template":"","format":"standard","meta":{"footnotes":""},"categories":[1],"tags":[],"_links":{"self":[{"href":"http:\/\/bauclassroom.com\/info\/wp-json\/wp\/v2\/posts\/6983"}],"collection":[{"href":"http:\/\/bauclassroom.com\/info\/wp-json\/wp\/v2\/posts"}],"about":[{"href":"http:\/\/bauclassroom.com\/info\/wp-json\/wp\/v2\/types\/post"}],"author":[{"embeddable":true,"href":"http:\/\/bauclassroom.com\/info\/wp-json\/wp\/v2\/users\/1"}],"replies":[{"embeddable":true,"href":"http:\/\/bauclassroom.com\/info\/wp-json\/wp\/v2\/comments?post=6983"}],"version-history":[{"count":1,"href":"http:\/\/bauclassroom.com\/info\/wp-json\/wp\/v2\/posts\/6983\/revisions"}],"predecessor-version":[{"id":6984,"href":"http:\/\/bauclassroom.com\/info\/wp-json\/wp\/v2\/posts\/6983\/revisions\/6984"}],"wp:attachment":[{"href":"http:\/\/bauclassroom.com\/info\/wp-json\/wp\/v2\/media?parent=6983"}],"wp:term":[{"taxonomy":"category","embeddable":true,"href":"http:\/\/bauclassroom.com\/info\/wp-json\/wp\/v2\/categories?post=6983"},{"taxonomy":"post_tag","embeddable":true,"href":"http:\/\/bauclassroom.com\/info\/wp-json\/wp\/v2\/tags?post=6983"}],"curies":[{"name":"wp","href":"https:\/\/api.w.org\/{rel}","templated":true}]}}