{"id":7069,"date":"2020-10-05T23:52:31","date_gmt":"2020-10-05T23:52:31","guid":{"rendered":"http:\/\/bauclassroom.com\/info\/?p=7069"},"modified":"2020-09-28T14:20:57","modified_gmt":"2020-09-28T14:20:57","slug":"ou-rita-rencontre-t-elle-machin-2","status":"publish","type":"post","link":"http:\/\/bauclassroom.com\/info\/2020\/10\/05\/ou-rita-rencontre-t-elle-machin-2\/","title":{"rendered":"O\u00f9 Rita Rencontre-T-Elle Machin"},"content":{"rendered":"<p>Ce jeudi 3 mai, \u00e0 20 h 55, le magazine Envoy\u00e9 sp\u00e9cial, sur France 2, diffuse un reportage consacr\u00e9 \u00e0 linqui\u00e9tante disparition de ces animaux que lon croyait pourtant si communs. 03 Mai 2018 <img decoding=\"async\" src=\"http:\/\/www.gallimard-jeunesse.fr\/var\/storage\/images\/product\/4c9\/product_9782070624140_244x0.jpg\" alt=\"o\u00f9 rita rencontre-t-elle machin\" align=\"left\">, sur dailymail.co.uk, consult\u00e9 le 20 avril 2020 <img decoding=\"async\" src=\"http:\/\/www.youmcum.ga\/wp-content\/uploads\/2016\/03\/Le22-2.png\" alt=\"o\u00f9 rita rencontre-t-elle machin\" align=\"right\"> Un sacr\u00e9 personnage en v\u00e9rit\u00e9 que cet \u00e9cureuil, qui est \u00e0 la fois individualiste, angoiss\u00e9, et solitaire. Lhistoire pr\u00eate \u00e0 rire jusqu\u00e0 un certain point, jusqu\u00e0 ce quelle fasse \u00e9cho \u00e0 notre monde et \u00e0 une certaine actualit\u00e9..  La banderole et les pictogrammes du site et nos portraits sont sign\u00e9s. La d\u00e9couverte d Emie, premier titre du futur album de Temps Calme, ouvre le champ des possibles quant \u00e0 une \u00e9volution tr\u00e8s prometteuse du trio lillois.  Varela parle de ce drame sans la moindre mise en sc\u00e8ne, dun ton \u00e9gal, et sans se d\u00e9partir de son air espi\u00e8gle.  Retrouvez tout lhumour caustique de Jean-Philippe Arrou-Vignod et lincroyable coup de crayon dOlivier tallec dans ces 8 histoires de Rita et Machin. En poursuivant votre navigation sur ce site, vous acceptez lutilisation de cookies pour vous proposer des offres adapt\u00e9es \u00e0 vos centres dint\u00e9r\u00eat, recueillir des donn\u00e9es de statistiques et permettre le partage de pages sur les r\u00e9seaux sociaux. 3 \u03c8\u03ae\u03c6\u03bf\u03b9 \u03a0\u03c1\u03bf\u03b2\u03bf\u03bb\u03ae \u0391\u03c1\u03c7\u03b5\u03af\u03bf\u03c5 \u03c0\u03b5\u03c1\u03c3\u03b9\u03b4\u03b5\u03c2 \u03b5\u03be\u03b1\u03b5\u03c1\u03b9\u03c3\u03bc\u03bf\u03c5 \u03c4\u03b9\u03bc\u03b5\u03c2 \u03b8\u03b5\u03c3\u03c3\u03b1\u03bb\u03bf\u03bd\u03b9\u03ba\u03b7 \u03ba\u03c1\u03bf\u03c5\u03b1\u03c3\u03b1\u03bd\u03b1\u03ba\u03b9\u03b1 \u03bc\u03b5 \u03b6\u03b1\u03bc\u03c0\u03bf\u03bd \u03c4\u03c5\u03c1\u03b9 \u03c0\u03bf\u03bd\u03bf\u03ba\u03b5\u03c6\u03b1\u03bb\u03bf\u03c2 \u03c3\u03b5 \u03c0\u03b1\u03b9\u03b4\u03b9\u03b1 \u03c0\u03c1\u03bf\u03c3\u03c7\u03bf\u03bb\u03b9\u03ba\u03b7\u03c2 \u03b7\u03bb\u03b9\u03ba\u03b9\u03b1\u03c2 \u03b5\u03bb\u03b5\u03c5\u03b8\u03b5\u03c1\u03bf\u03c2 \u03c4\u03c5\u03c0\u03bf\u03c2 \u03c3\u03b7\u03bc\u03b5\u03c1\u03b1 \u03b5\u03bd\u03b8\u03b5\u03c4\u03bf \u03c4\u03b9 \u03ad\u03b3\u03b9\u03bd\u03b5 \u03c3\u03c4\u03bf \u03c4\u03b1\u03c4\u03bf\u03c5\u03ac\u03b6 \u039a\u03c1\u03b5\u03bc\u03b1 \u03a3\u03c9\u03bc\u03b1\u03c4\u03bf\u03c2 Body Lotion \u03c4\u03cd\u03c0\u03bf\u03c5 \u03c4\u03b1\u03b9\u03bd\u03b9\u03b5\u03c2 \u03ba\u03bf\u03bc\u03b5\u03bd\u03c4\u03b9 2017 Black Unisex \u03b1\u03c0\u03cc Bvlgari \u0395\u03b3\u03b3\u03c1\u03b1\u03c6\u03b5\u03af\u03c4\u03b5 \u03b3\u03b9\u03b1 \u03bd\u03b1 \u03bb\u03b1\u03bc\u03b2\u03ac\u03bd\u03b5\u03c4\u03b5 \u03ba\u03ac\u03b8\u03b5 \u03b5\u03b2\u03b4\u03bf\u03bc\u03ac\u03b4\u03b1 \u03c3\u03c4\u03bf email \u03c3\u03b1\u03c2 \u03bc\u03b9\u03b1 \u03b5\u03c0\u03b9\u03bb\u03bf\u03b3\u03ae \u03b1\u03c0\u03cc \u03c4\u03b1 \u03ba\u03b1\u03bb\u03cd\u03c4\u03b5\u03c1\u03b1 \u03ac\u03c1\u03b8\u03c1\u03b1 \u03c4\u03bf\u03c5 lifo.gr <img decoding=\"async\" src=\"http:\/\/counterpathpress.org\/wp-content\/uploads\/2018\/08\/image33-2.jpg\" alt=\"o\u00f9 rita rencontre-t-elle machin\" align=\"left\"> Les petites BD de Rita et Machin-Jean Philippe Arrou-Vignod Olivier Tallec Jean-Philippe Arrou-Vignod et Oliver Tallec publi\u00e9s aux \u00e9ditions Gallimard Jeunesse. \u03a0\u03c1\u03bf\u03c6\u03c5\u03bb\u03ac\u03ba\u03b9\u03c3\u03b7 \u03c4\u03b5\u03c1\u03ac\u03c3\u03c4\u03b9\u03bf\u03c5 \u03b5\u03c0\u03b9\u03c7\u03b5\u03b9\u03c1\u03b7\u03bc\u03b1\u03c4\u03af\u03b1 06 \u0399\u03bf\u03c5\u03bd\u03af\u03bf\u03c5 2018 Chris Cornell en 2009. Informations g\u00e9n\u00e9rales Nom de naissance Sorry, you have been blocked You are unable to access booknode.com 03 80 66 51 89 eldoorange.fr Navigation des articles Les 3 salles sont \u00e9quip\u00e9es de boucle magn\u00e9tique pour les personnes malentendantes appareill\u00e9es. Cin\u00e9ma ind\u00e9pendant 21 rue Alfred de Musset, Dijon Navigation En 1994, Soundgarden conna\u00eet un succ\u00e8s mondial avec leur 4 e album, un des plus gros succ\u00e8s critiques et commerciaux de lann\u00e9e. Cet album plus ambitieux s\u00e9coule \u00e0 9 millions dexemplaires dans le monde et gagne une paire de Grammy Awards, dont un pour la chanson phare, qui devient lun des plus grands des ann\u00e9es 1990. Pour les textes, tr\u00e8s sombres, \u00e9voquant pour la plupart l, la, le, Cornell sest inspir\u00e9 de la po\u00e8te. En janvier commence une tourn\u00e9e mondiale qui d\u00e9bute par le, l et la o\u00f9 ils n\u00e9taient jamais all\u00e9s mais \u00e0 la fin de lann\u00e9e 1994, des m\u00e9decins diagnostiquent chez Cornell une inflammation des. Soundgarden annule plusieurs concerts pour ne pas causer de dommages permanents \u00e0 son chanteur. Pendant ce temps, Cornell collabore avec sur lalbum, co-\u00e9crivant la chanson Stolen Prayer. \u03a4\u03c1\u03cd\u03c0\u03c9\u03bd\u03b1\u03c2 \u03bf \u03c6\u03b1\u03c6\u03b1\u03b3\u03ac\u03bb\u03bf\u03c2 \u03bc\u03c5\u03ba\u03b7\u03c4\u03b5\u03c2 \u03ba\u03bf\u03bb\u03c0\u03bf\u03c5 \u03b8\u03b5\u03c1\u03b1\u03c0\u03b5\u03b9\u03b1 \u03bc\u03b5 \u03be\u03c5\u03b4\u03b9 De nombreuses chansons compos\u00e9es par Chris Cornell pour ses albums solo ou pour ses autres groupes ont \u00e9t\u00e9 reprises \u00e0 travers diff\u00e9rents m\u00e9dias. Parmi les membres actuels de Podemos, nous sommes nombreux \u00e0 avoir particip\u00e9 au 15-M, de diverses mani\u00e8res. Certains appr\u00e9hendaient le mouvement selon une perspective acad\u00e9mique parce quils \u00e9taient enseignants. Tandis que dautres, en plus d\u00eatre \u00e0 luniversit\u00e9, militaient activement \u00e0 cette \u00e9poque l\u00e0. Pour ma part, je militais dans un collectif qui sappelle Juventud Sin Futuro Jeunesse sans avenir, qui a convoqu\u00e9 les premi\u00e8res manifestations aux c\u00f4t\u00e9s de Democracia Real Ya! D\u00e9mocratie R\u00e9elle Maintenant. Ainsi, le 15-M fait partie int\u00e9grante des trajectoires des fondateurs de Podemos. Le mouvement a surtout beaucoup pes\u00e9 dans la transformation du sens commun en Espagne, en d\u00e9montrant l\u00e9rosion des institutions et la perte de cr\u00e9dibilit\u00e9 des partis. Il nest pas le seul \u00e0 avoir jou\u00e9 un r\u00f4le, cela dit. Entre 2011 et 2013, nous vivions en manifestation permanente. Apr\u00e8s le 15-M, la PAH Plateforme des victimes du cr\u00e9dit hypoth\u00e9caire a pris beaucoup dampleur dans la lutte contre les expulsions immobili\u00e8res, de m\u00eame que les mar\u00e9es citoyennes en d\u00e9fense de l\u00e9ducation ou de la sant\u00e9 publique, surtout ici dans la Communaut\u00e9 de Madrid. En plus de la dimension quantitative de ces mobilisations on a notamment assist\u00e9 \u00e0 deux gr\u00e8ves g\u00e9n\u00e9rales il y avait par ailleurs une dimension qualitative tr\u00e8s importante. Le CIS, qui est le principal institut denqu\u00eates sociologiques espagnol, a demand\u00e9 aux gens quel \u00e9tait leur point de vue sur le 15-M, et il se trouve que 80 \u00e9taient en accord avec ses revendications. Aussit\u00f4t re\u00e7u, aussit\u00f4t d\u00e9vor\u00e9, je me suis jet\u00e9e dessus apr\u00e8s une journ\u00e9e fatigante et cela ma fait un bien inou\u00ef! On pourrait croire que la recette est moins bonne apr\u00e8s deux tomes, il nen est rien, bien au contraire. Lauteur a le don des formules et situations ubuesques mais d\u00e9sopilantes.<\/p>\n","protected":false},"excerpt":{"rendered":"<p>o\u00f9 rita rencontre-t-elle machin<\/p>\n","protected":false},"author":1,"featured_media":0,"comment_status":"closed","ping_status":"closed","sticky":false,"template":"","format":"standard","meta":{"footnotes":""},"categories":[1],"tags":[],"_links":{"self":[{"href":"http:\/\/bauclassroom.com\/info\/wp-json\/wp\/v2\/posts\/7069"}],"collection":[{"href":"http:\/\/bauclassroom.com\/info\/wp-json\/wp\/v2\/posts"}],"about":[{"href":"http:\/\/bauclassroom.com\/info\/wp-json\/wp\/v2\/types\/post"}],"author":[{"embeddable":true,"href":"http:\/\/bauclassroom.com\/info\/wp-json\/wp\/v2\/users\/1"}],"replies":[{"embeddable":true,"href":"http:\/\/bauclassroom.com\/info\/wp-json\/wp\/v2\/comments?post=7069"}],"version-history":[{"count":1,"href":"http:\/\/bauclassroom.com\/info\/wp-json\/wp\/v2\/posts\/7069\/revisions"}],"predecessor-version":[{"id":7070,"href":"http:\/\/bauclassroom.com\/info\/wp-json\/wp\/v2\/posts\/7069\/revisions\/7070"}],"wp:attachment":[{"href":"http:\/\/bauclassroom.com\/info\/wp-json\/wp\/v2\/media?parent=7069"}],"wp:term":[{"taxonomy":"category","embeddable":true,"href":"http:\/\/bauclassroom.com\/info\/wp-json\/wp\/v2\/categories?post=7069"},{"taxonomy":"post_tag","embeddable":true,"href":"http:\/\/bauclassroom.com\/info\/wp-json\/wp\/v2\/tags?post=7069"}],"curies":[{"name":"wp","href":"https:\/\/api.w.org\/{rel}","templated":true}]}}